{"id":19678,"date":"2026-09-02T18:11:29","date_gmt":"2026-09-02T21:11:29","guid":{"rendered":"https:\/\/cidadecult.com.br\/?p=19678"},"modified":"2026-09-02T18:12:17","modified_gmt":"2026-09-02T21:12:17","slug":"roberto-menescal-fala-sobre-bossa-nova-e-trajetoria-musical-no-roda-viva","status":"publish","type":"post","link":"https:\/\/cidadecult.com.br\/?p=19678","title":{"rendered":"Roberto Menescal fala sobre Bossa Nova e trajet\u00f3ria musical no Roda Viva"},"content":{"rendered":"\n<p class=\"wp-block-paragraph\"><strong>Um dos nomes fundamentais do movimento que transformou a m\u00fasica brasileira \u00e9 o entrevistado da segunda-feira (7), \u00e0s 22h, na TV Cultura<\/strong><\/p>\n\n\n\n<p class=\"wp-block-paragraph\">Um dos protagonistas da hist\u00f3ria da <strong>Bossa Nova<\/strong>, o compositor, guitarrista, arranjador e produtor musical <strong>Roberto Menescal<\/strong> ocupa o centro do <strong>Roda Viva<\/strong> na pr\u00f3xima segunda-feira, <strong>7 de setembro<\/strong>, \u00e0s 22h, na TV Cultura.<\/p>\n\n\n\n<p class=\"wp-block-paragraph\">A entrevista abre o m\u00eas de comemora\u00e7\u00f5es pelos <strong>40 anos do programa<\/strong> e marca a primeira participa\u00e7\u00e3o de Menescal como entrevistado no centro da tradicional roda de jornalistas. A atra\u00e7\u00e3o \u00e9 apresentada por <strong>Ernesto Paglia<\/strong>, que assumiu o comando do Roda Viva em 2026.<\/p>\n\n\n\n<p class=\"wp-block-paragraph\">Figura decisiva na forma\u00e7\u00e3o e consolida\u00e7\u00e3o da Bossa Nova, Menescal ajudou a construir uma linguagem que modificou a m\u00fasica popular brasileira a partir do fim dos anos 1950. Seu nome est\u00e1 ligado a uma gera\u00e7\u00e3o que reuniu artistas como <strong>Tom Jobim, Vinicius de Moraes, Nara Le\u00e3o, Jo\u00e3o Gilberto, Carlos Lyra e Ronaldo B\u00f4scoli<\/strong>.<\/p>\n\n\n\n<p class=\"wp-block-paragraph\">Entre suas composi\u00e7\u00f5es mais conhecidas est\u00e3o <strong>\u201cO Barquinho\u201d, \u201cVoc\u00ea\u201d e \u201cAh! Se Eu Pudesse\u201d<\/strong>, m\u00fasicas que atravessaram d\u00e9cadas e ajudaram a projetar internacionalmente a sonoridade da Bossa Nova.<\/p>\n\n\n\n<h3 class=\"wp-block-heading\">Bastidores da cria\u00e7\u00e3o da Bossa Nova<\/h3>\n\n\n\n<p class=\"wp-block-paragraph\">Durante a entrevista, Menescal revisita personagens e acontecimentos dos primeiros anos do movimento, fala sobre o processo de cria\u00e7\u00e3o de algumas de suas can\u00e7\u00f5es mais conhecidas e relembra a repercuss\u00e3o que a Bossa Nova alcan\u00e7ou fora do Brasil.<\/p>\n\n\n\n<p class=\"wp-block-paragraph\">A conversa tamb\u00e9m passa por sua extensa atua\u00e7\u00e3o na ind\u00fastria fonogr\u00e1fica. Al\u00e9m da carreira como m\u00fasico e compositor, Menescal desempenhou papel importante como produtor e diretor art\u00edstico, acompanhando diferentes momentos e transforma\u00e7\u00f5es da m\u00fasica popular brasileira.<\/p>\n\n\n\n<figure class=\"wp-block-image size-full\"><img loading=\"lazy\" decoding=\"async\" width=\"800\" height=\"600\" src=\"https:\/\/cidadecult.com.br\/wp-content\/uploads\/2026\/09\/Credito-Giovanna-Zanetti-1.jpg\" alt=\"\" class=\"wp-image-19681\" srcset=\"https:\/\/cidadecult.com.br\/wp-content\/uploads\/2026\/09\/Credito-Giovanna-Zanetti-1.jpg 800w, https:\/\/cidadecult.com.br\/wp-content\/uploads\/2026\/09\/Credito-Giovanna-Zanetti-1-300x225.jpg 300w, https:\/\/cidadecult.com.br\/wp-content\/uploads\/2026\/09\/Credito-Giovanna-Zanetti-1-768x576.jpg 768w, https:\/\/cidadecult.com.br\/wp-content\/uploads\/2026\/09\/Credito-Giovanna-Zanetti-1-750x562.jpg 750w\" sizes=\"auto, (max-width: 800px) 100vw, 800px\" \/><figcaption class=\"wp-element-caption\">Cr\u00e9dito: Giovanna Zanetti \/ Acervo TV Cultura<\/figcaption><\/figure>\n\n\n\n<p class=\"wp-block-paragraph\">Aos quase nove d\u00e9cadas de vida, o artista permanece como uma das principais testemunhas de um per\u00edodo que redefiniu a imagem da m\u00fasica brasileira no exterior.<\/p>\n\n\n\n<p class=\"wp-block-paragraph\">No Roda Viva, a proposta \u00e9 justamente colocar essa mem\u00f3ria em perspectiva: como nasceu aquela sonoridade, o que mudou na ind\u00fastria musical e por que a Bossa Nova continua sendo ouvida, reinterpretada e estudada tantas d\u00e9cadas depois.<\/p>\n\n\n\n<h3 class=\"wp-block-heading\">Bancada re\u00fane jornalistas e especialistas em m\u00fasica<\/h3>\n\n\n\n<p class=\"wp-block-paragraph\">A entrevista ser\u00e1 conduzida por Ernesto Paglia e contar\u00e1 com uma bancada especialmente ligada \u00e0 cultura e \u00e0 m\u00fasica brasileira.<\/p>\n\n\n\n<p class=\"wp-block-paragraph\">Participam <strong>Jo\u00e3o Marcello B\u00f4scoli<\/strong>, produtor musical e apresentador de <em>O Novo Sempre Vem<\/em>; <strong>Bruna Ramos da Fonte<\/strong>, jornalista e pesquisadora; <strong>Silvio Essinger<\/strong>, jornalista e escritor; <strong>T\u00e1rik de Souza<\/strong>, jornalista, cr\u00edtico musical e escritor; <strong>Adriana Couto<\/strong>, apresentadora do <em>Metr\u00f3polis<\/em>; e <strong>S\u00e9rgio Martins<\/strong>, jornalista e cr\u00edtico musical.<\/p>\n\n\n\n<p class=\"wp-block-paragraph\">O cartunista <strong>Eduardo Baptist\u00e3o<\/strong> tamb\u00e9m participa da edi\u00e7\u00e3o com seus desenhos realizados durante a entrevista.<\/p>\n\n\n\n<h3 class=\"wp-block-heading\">Roda Viva completa 40 anos<\/h3>\n\n\n\n<p class=\"wp-block-paragraph\">A entrevista com Menescal abre um m\u00eas simb\u00f3lico para a TV Cultura. Estreado em 1986, o <strong>Roda Viva completa 40 anos em setembro<\/strong>, mantendo seu formato marcado por um entrevistado cercado por jornalistas convidados.<\/p>\n\n\n\n<p class=\"wp-block-paragraph\">A temporada de 2026 tamb\u00e9m inaugurou uma nova fase do programa, com Ernesto Paglia na apresenta\u00e7\u00e3o e uma bancada ampliada para seis jornalistas.<\/p>\n\n\n\n<h3 class=\"wp-block-heading\">Onde assistir<\/h3>\n\n\n\n<p class=\"wp-block-paragraph\"><strong>Roda Viva com Roberto Menescal<\/strong><br><strong>Data:<\/strong> segunda-feira, 7 de setembro de 2026<br><strong>Hor\u00e1rio:<\/strong> 22h<br><strong>TV:<\/strong> TV Cultura<br><strong>Apresenta\u00e7\u00e3o:<\/strong> Ernesto Paglia<br><strong>Transmiss\u00e3o online:<\/strong> simultaneamente pelo canal oficial do Roda Viva no YouTube e pelo portal da TV Cultura.<\/p>\n","protected":false},"excerpt":{"rendered":"<p>Um dos nomes fundamentais do movimento que transformou a m\u00fasica brasileira \u00e9 o entrevistado da segunda-feira (7), \u00e0s 22h, na TV Cultura Um dos protagonistas da hist\u00f3ria da Bossa Nova, o compositor, guitarrista, arranjador e produtor musical Roberto Menescal ocupa o centro do Roda Viva na pr\u00f3xima segunda-feira, 7 de setembro, \u00e0s 22h, na TV [&hellip;]<\/p>\n","protected":false},"author":777,"featured_media":19680,"comment_status":"open","ping_status":"open","sticky":false,"template":"","format":"standard","meta":{"_monsterinsights_skip_tracking":false,"footnotes":"","jetpack_publicize_message":"","jetpack_publicize_feature_enabled":true,"jetpack_social_post_already_shared":true,"jetpack_social_options":{"image_generator_settings":{"template":"highway","default_image_id":0,"font":"","enabled":false},"version":2}},"categories":[6],"tags":[1267,403,677,10138,10140,1479,9863,10139,10136,10137,994],"class_list":["post-19678","post","type-post","status-publish","format-standard","has-post-thumbnail","hentry","category-music","tag-bossanova","tag-cidadecult-2","tag-culturabrasileira","tag-ernestopaglia-2","tag-historiadamusica","tag-mpb","tag-musicabrasileira-3","tag-obarquinho","tag-robertomenescal","tag-rodaviva-2","tag-tvcultura"],"jetpack_publicize_connections":[],"_links":{"self":[{"href":"https:\/\/cidadecult.com.br\/index.php?rest_route=\/wp\/v2\/posts\/19678","targetHints":{"allow":["GET"]}}],"collection":[{"href":"https:\/\/cidadecult.com.br\/index.php?rest_route=\/wp\/v2\/posts"}],"about":[{"href":"https:\/\/cidadecult.com.br\/index.php?rest_route=\/wp\/v2\/types\/post"}],"author":[{"embeddable":true,"href":"https:\/\/cidadecult.com.br\/index.php?rest_route=\/wp\/v2\/users\/777"}],"replies":[{"embeddable":true,"href":"https:\/\/cidadecult.com.br\/index.php?rest_route=%2Fwp%2Fv2%2Fcomments&post=19678"}],"version-history":[{"count":1,"href":"https:\/\/cidadecult.com.br\/index.php?rest_route=\/wp\/v2\/posts\/19678\/revisions"}],"predecessor-version":[{"id":19682,"href":"https:\/\/cidadecult.com.br\/index.php?rest_route=\/wp\/v2\/posts\/19678\/revisions\/19682"}],"wp:featuredmedia":[{"embeddable":true,"href":"https:\/\/cidadecult.com.br\/index.php?rest_route=\/wp\/v2\/media\/19680"}],"wp:attachment":[{"href":"https:\/\/cidadecult.com.br\/index.php?rest_route=%2Fwp%2Fv2%2Fmedia&parent=19678"}],"wp:term":[{"taxonomy":"category","embeddable":true,"href":"https:\/\/cidadecult.com.br\/index.php?rest_route=%2Fwp%2Fv2%2Fcategories&post=19678"},{"taxonomy":"post_tag","embeddable":true,"href":"https:\/\/cidadecult.com.br\/index.php?rest_route=%2Fwp%2Fv2%2Ftags&post=19678"}],"curies":[{"name":"wp","href":"https:\/\/api.w.org\/{rel}","templated":true}]}}