{"id":19670,"date":"2026-09-02T17:54:51","date_gmt":"2026-09-02T20:54:51","guid":{"rendered":"https:\/\/cidadecult.com.br\/?p=19670"},"modified":"2026-09-02T17:54:55","modified_gmt":"2026-09-02T20:54:55","slug":"eixao-da-diversidade-reune-shows-arte-drag-e-feira-gratuita-neste-domingo-em-brasilia","status":"publish","type":"post","link":"https:\/\/cidadecult.com.br\/?p=19670","title":{"rendered":"Eix\u00e3o da Diversidade re\u00fane shows, arte drag e feira gratuita neste domingo em Bras\u00edlia"},"content":{"rendered":"\n<p class=\"wp-block-paragraph\"><strong>Segunda edi\u00e7\u00e3o ocupa o Eix\u00e3o do Lazer, na altura da 205 Norte, com m\u00fasica, rodas de conversa, economia criativa e programa\u00e7\u00e3o LGBTQIAPN+ das 10h \u00e0s 17h30<\/strong><\/p>\n\n\n\n<p class=\"wp-block-paragraph\">O <strong>Eix\u00e3o do Lazer<\/strong> ganha cores, m\u00fasica, arte e espa\u00e7os de reflex\u00e3o neste domingo, <strong>6 de setembro<\/strong>, com a segunda edi\u00e7\u00e3o do <strong>Eix\u00e3o da Diversidade<\/strong>. Gratuito, o evento ser\u00e1 realizado das <strong>10h \u00e0s 17h30<\/strong>, na altura da <strong>205 Norte<\/strong>, em Bras\u00edlia.<\/p>\n\n\n\n<p class=\"wp-block-paragraph\">A programa\u00e7\u00e3o re\u00fane shows, performances drag, interven\u00e7\u00f5es art\u00edsticas, rodas de conversa e o <strong>Mercado Arco-\u00cdris<\/strong>, feira dedicada a empreendedoras e empreendedores LGBTQIAPN+ do Distrito Federal.<\/p>\n\n\n\n<p class=\"wp-block-paragraph\">Idealizada e produzida pela <strong>Coletiva Corpas no Mundo<\/strong>, formada por artistas e ativistas LGBTQIAPN+, a iniciativa prop\u00f5e transformar uma das vias mais conhecidas de Bras\u00edlia em espa\u00e7o de conviv\u00eancia, gera\u00e7\u00e3o de renda, cultura e discuss\u00e3o sobre direitos.<\/p>\n\n\n\n<p class=\"wp-block-paragraph\">A segunda edi\u00e7\u00e3o amplia a proposta do projeto ao aproximar entretenimento e debate p\u00fablico. A programa\u00e7\u00e3o divulgada inclui nomes como <strong>Hanna Amim, DJ Ip\u00ea Ferraz, Canto das Pretas e Capivareta Repercussiva<\/strong>, al\u00e9m de performances de <strong>P\u00e9rola Negra, Larissa West e Luwi Bloom<\/strong>.<\/p>\n\n\n\n<h2 class=\"wp-block-heading\">Rodas de conversa discutem representatividade e direitos<\/h2>\n\n\n\n<figure class=\"wp-block-image size-large\"><img loading=\"lazy\" decoding=\"async\" width=\"768\" height=\"1024\" src=\"https:\/\/cidadecult.com.br\/wp-content\/uploads\/2026\/09\/Cartaz_FEED-768x1024.png\" alt=\"\" class=\"wp-image-19671\" srcset=\"https:\/\/cidadecult.com.br\/wp-content\/uploads\/2026\/09\/Cartaz_FEED-768x1024.png 768w, https:\/\/cidadecult.com.br\/wp-content\/uploads\/2026\/09\/Cartaz_FEED-225x300.png 225w, https:\/\/cidadecult.com.br\/wp-content\/uploads\/2026\/09\/Cartaz_FEED-750x1000.png 750w, https:\/\/cidadecult.com.br\/wp-content\/uploads\/2026\/09\/Cartaz_FEED.png 1080w\" sizes=\"auto, (max-width: 768px) 100vw, 768px\" \/><\/figure>\n\n\n\n<p class=\"wp-block-paragraph\">Um dos principais eixos do Eix\u00e3o da Diversidade ser\u00e1 a roda de conversa <strong>\u201cQuem somos quando somos vistos? Direitos da personalidade, reconhecimento e presen\u00e7a LGBTQIAPN+ na cidade\u201d<\/strong>.<\/p>\n\n\n\n<p class=\"wp-block-paragraph\">Dividida em duas mesas, a atividade coloca em discuss\u00e3o a presen\u00e7a da popula\u00e7\u00e3o LGBTQIAPN+ na cultura, no mercado de trabalho, nas pol\u00edticas p\u00fablicas e nos espa\u00e7os urbanos.<\/p>\n\n\n\n<p class=\"wp-block-paragraph\">A primeira conversa, <strong>\u201cQuem somos e onde estamos? Representatividade e presen\u00e7a LGBTQIAPN+ na cultura, no trabalho e na cidade\u201d<\/strong>, come\u00e7a \u00e0s <strong>10h15<\/strong> e re\u00fane <strong>Ruth Venceremos, Madu Krasny e Andrey Lemos<\/strong>.<\/p>\n\n\n\n<p class=\"wp-block-paragraph\">O debate pretende abordar representatividade, acesso a espa\u00e7os de trabalho e cultura e caminhos para ampliar a equidade.<\/p>\n\n\n\n<p class=\"wp-block-paragraph\">\u00c0s <strong>11h30<\/strong>, a segunda mesa, <strong>\u201cO corpo como documento: nome, imagem e voz como direitos de exist\u00eancia\u201d<\/strong>, recebe <strong>Kiki Kleim, Symmy Larrat e Muka\u00edla Manika<\/strong>.<\/p>\n\n\n\n<p class=\"wp-block-paragraph\">O encontro discute nome, imagem, identidade e voz como elementos ligados \u00e0 dignidade e ao reconhecimento social, al\u00e9m do papel da arte e da performance na constru\u00e7\u00e3o e afirma\u00e7\u00e3o das pr\u00f3prias narrativas.<\/p>\n\n\n\n<p class=\"wp-block-paragraph\">As conversas ter\u00e3o facilita\u00e7\u00e3o de <strong>Maf\u00ea Oliveira e Leilla Portela<\/strong>. A composi\u00e7\u00e3o das duas mesas tamb\u00e9m aparece na programa\u00e7\u00e3o divulgada nesta semana.<\/p>\n\n\n\n<h2 class=\"wp-block-heading\">M\u00fasica e performances ocupam o Eix\u00e3o<\/h2>\n\n\n\n<p class=\"wp-block-paragraph\">Depois das conversas, reflex\u00e3o e festa dividem o mesmo espa\u00e7o.<\/p>\n\n\n\n<p class=\"wp-block-paragraph\">A programa\u00e7\u00e3o art\u00edstica apresenta o cortejo percussivo da <strong>Capivareta Repercussiva<\/strong>, as vozes do <strong>Canto das Pretas<\/strong>, a cantora <strong>Hanna Amim<\/strong> e a <strong>DJ Ip\u00ea Ferraz<\/strong>.<\/p>\n\n\n\n<p class=\"wp-block-paragraph\">A arte drag ter\u00e1 espa\u00e7o de destaque com <strong>P\u00e9rola Negra, Larissa West e Luwi Bloom<\/strong>, em uma programa\u00e7\u00e3o apresentada por <strong>Victor Baliane<\/strong>.<\/p>\n\n\n\n<p class=\"wp-block-paragraph\">Quem circular pela pista tamb\u00e9m poder\u00e1 encontrar as interven\u00e7\u00f5es po\u00e9ticas da artista <strong>Kika de Moraes<\/strong>, que leva ao p\u00fablico a personagem <strong>Miss Bij\u00fa<\/strong>.<\/p>\n\n\n\n<p class=\"wp-block-paragraph\">A diversidade das atra\u00e7\u00f5es ajuda a mostrar diferentes linguagens da produ\u00e7\u00e3o cultural LGBTQIAPN+ do Distrito Federal, indo da m\u00fasica \u00e0 performance, da poesia ao empreendedorismo.<\/p>\n\n\n\n<h2 class=\"wp-block-heading\">Mercado Arco-\u00cdris movimenta economia criativa<\/h2>\n\n\n\n<p class=\"wp-block-paragraph\">Outro ponto importante da programa\u00e7\u00e3o \u00e9 o <strong>Mercado Arco-\u00cdris<\/strong>, concebido como espa\u00e7o para empreendedores LGBTQIAPN+ apresentarem produtos, marcas e trabalhos autorais.<\/p>\n\n\n\n<p class=\"wp-block-paragraph\">A iniciativa coloca a gera\u00e7\u00e3o de renda ao lado da programa\u00e7\u00e3o art\u00edstica e refor\u00e7a a dimens\u00e3o econ\u00f4mica da produ\u00e7\u00e3o cultural independente.<\/p>\n\n\n\n<p class=\"wp-block-paragraph\">Para Carol Cortez, diretora de produ\u00e7\u00e3o, a proposta \u00e9 justamente aproximar conhecimento, entretenimento e economia criativa dentro de um mesmo ambiente.<\/p>\n\n\n\n<p class=\"wp-block-paragraph\">A programa\u00e7\u00e3o publicada pelos organizadores e repercutida por ve\u00edculos locais apresenta a feira como parte central da ocupa\u00e7\u00e3o do Eix\u00e3o do Lazer.<\/p>\n\n\n\n<h2 class=\"wp-block-heading\">Diversidade tamb\u00e9m passa pelo direito \u00e0 cidade<\/h2>\n\n\n\n<p class=\"wp-block-paragraph\">Criada em 2023, a <strong>Coletiva Corpas no Mundo<\/strong> trabalha a ocupa\u00e7\u00e3o dos espa\u00e7os p\u00fablicos como parte da discuss\u00e3o sobre cidadania e visibilidade LGBTQIAPN+.<\/p>\n\n\n\n<p class=\"wp-block-paragraph\">No Eix\u00e3o da Diversidade, essa proposta aparece de maneira bastante concreta: um espa\u00e7o tradicionalmente associado ao lazer dominical dos brasilienses recebe durante um dia inteiro artistas, empreendedores, ativistas e p\u00fablico em uma programa\u00e7\u00e3o aberta \u00e0 cidade.<\/p>\n\n\n\n<p class=\"wp-block-paragraph\">O projeto <strong>Eix\u00e3o da Diversidade 2026<\/strong> recebeu apoio financeiro do Fundo de Apoio \u00e0 Cultura do Distrito Federal, conforme termo de ajuste publicado oficialmente pelo DF.<\/p>\n\n\n\n<h2 class=\"wp-block-heading\">Acessibilidade<\/h2>\n\n\n\n<p class=\"wp-block-paragraph\">O evento contar\u00e1 com <strong>recursos de acessibilidade em Libras e audiodescri\u00e7\u00e3o<\/strong>, al\u00e9m de equipe de produ\u00e7\u00e3o e ponto de apoio para orienta\u00e7\u00e3o do p\u00fablico.<\/p>\n\n\n\n<p class=\"wp-block-paragraph\">A entrada \u00e9 gratuita, a classifica\u00e7\u00e3o \u00e9 livre e o evento tamb\u00e9m \u00e9 anunciado como <strong>pet friendly<\/strong>.<\/p>\n\n\n\n<h2 class=\"wp-block-heading\">Servi\u00e7o<\/h2>\n\n\n\n<p class=\"wp-block-paragraph\"><strong>2\u00aa edi\u00e7\u00e3o do Eix\u00e3o da Diversidade<\/strong><br><strong>Data:<\/strong> domingo, 6 de setembro de 2026<br><strong>Hor\u00e1rio:<\/strong> 10h \u00e0s 17h30<br><strong>Rodas de conversa:<\/strong> a partir das 10h15<br><strong>Local:<\/strong> Eix\u00e3o do Lazer \u2014 Eix\u00e3o Norte, altura da 205 Norte<br><strong>Programa\u00e7\u00e3o:<\/strong> Mercado Arco-\u00cdris, rodas de conversa, m\u00fasica, DJ, performances drag e interven\u00e7\u00f5es art\u00edsticas<br><strong>Entrada:<\/strong> gratuita<br><strong>Classifica\u00e7\u00e3o:<\/strong> livre<br><strong>Pet friendly:<\/strong> sim<br><strong>Acessibilidade:<\/strong> Libras e audiodescri\u00e7\u00e3o<br><strong>Realiza\u00e7\u00e3o:<\/strong> Coletiva Corpas no Mundo<br><strong>Financiamento:<\/strong> Fundo de Apoio \u00e0 Cultura do Distrito Federal (FAC-DF)<\/p>\n","protected":false},"excerpt":{"rendered":"<p>Segunda edi\u00e7\u00e3o ocupa o Eix\u00e3o do Lazer, na altura da 205 Norte, com m\u00fasica, rodas de conversa, economia criativa e programa\u00e7\u00e3o LGBTQIAPN+ das 10h \u00e0s 17h30 O Eix\u00e3o do Lazer ganha cores, m\u00fasica, arte e espa\u00e7os de reflex\u00e3o neste domingo, 6 de setembro, com a segunda edi\u00e7\u00e3o do Eix\u00e3o da Diversidade. Gratuito, o evento ser\u00e1 [&hellip;]<\/p>\n","protected":false},"author":777,"featured_media":19672,"comment_status":"open","ping_status":"open","sticky":false,"template":"","format":"standard","meta":{"_monsterinsights_skip_tracking":false,"footnotes":"","jetpack_publicize_message":"","jetpack_publicize_feature_enabled":true,"jetpack_social_post_already_shared":true,"jetpack_social_options":{"image_generator_settings":{"template":"highway","default_image_id":0,"font":"","enabled":false},"version":2}},"categories":[39],"tags":[10129,9848,922,5488,403,10114,428,1245,10128,10127,10118,1274,10130],"class_list":["post-19670","post","type-post","status-publish","format-standard","has-post-thumbnail","hentry","category-economics","tag-205norte","tag-agendabrasilia","tag-artedrag","tag-brasilia-7","tag-cidadecult-2","tag-culturabrasilia-3","tag-diversidade","tag-economiacriativa","tag-eixaodadiversidade","tag-eixaodolazer-2","tag-eventosgratuitosdf","tag-lgbtqiapn-3","tag-mercadoarcoiris"],"jetpack_publicize_connections":[],"_links":{"self":[{"href":"https:\/\/cidadecult.com.br\/index.php?rest_route=\/wp\/v2\/posts\/19670","targetHints":{"allow":["GET"]}}],"collection":[{"href":"https:\/\/cidadecult.com.br\/index.php?rest_route=\/wp\/v2\/posts"}],"about":[{"href":"https:\/\/cidadecult.com.br\/index.php?rest_route=\/wp\/v2\/types\/post"}],"author":[{"embeddable":true,"href":"https:\/\/cidadecult.com.br\/index.php?rest_route=\/wp\/v2\/users\/777"}],"replies":[{"embeddable":true,"href":"https:\/\/cidadecult.com.br\/index.php?rest_route=%2Fwp%2Fv2%2Fcomments&post=19670"}],"version-history":[{"count":1,"href":"https:\/\/cidadecult.com.br\/index.php?rest_route=\/wp\/v2\/posts\/19670\/revisions"}],"predecessor-version":[{"id":19673,"href":"https:\/\/cidadecult.com.br\/index.php?rest_route=\/wp\/v2\/posts\/19670\/revisions\/19673"}],"wp:featuredmedia":[{"embeddable":true,"href":"https:\/\/cidadecult.com.br\/index.php?rest_route=\/wp\/v2\/media\/19672"}],"wp:attachment":[{"href":"https:\/\/cidadecult.com.br\/index.php?rest_route=%2Fwp%2Fv2%2Fmedia&parent=19670"}],"wp:term":[{"taxonomy":"category","embeddable":true,"href":"https:\/\/cidadecult.com.br\/index.php?rest_route=%2Fwp%2Fv2%2Fcategories&post=19670"},{"taxonomy":"post_tag","embeddable":true,"href":"https:\/\/cidadecult.com.br\/index.php?rest_route=%2Fwp%2Fv2%2Ftags&post=19670"}],"curies":[{"name":"wp","href":"https:\/\/api.w.org\/{rel}","templated":true}]}}