{"id":19667,"date":"2026-09-02T17:49:53","date_gmt":"2026-09-02T20:49:53","guid":{"rendered":"https:\/\/cidadecult.com.br\/?p=19667"},"modified":"2026-09-02T17:50:33","modified_gmt":"2026-09-02T20:50:33","slug":"xand-aviao-nattan-e-ze-vaqueiro-se-unem-ao-ce-ta-doido-e-criam-o-projeto-audiovisual-balaio","status":"publish","type":"post","link":"https:\/\/cidadecult.com.br\/?p=19667","title":{"rendered":"Xand Avi\u00e3o, Nattan e Z\u00e9 Vaqueiro se unem ao C\u00ea T\u00e1 Doido e criam o projeto audiovisual \u2018Balaio\u2019"},"content":{"rendered":"\n<p class=\"wp-block-paragraph\"><strong>Encontro no Cear\u00e1 reuniu ainda Panda, \u00cdcaro &amp; Gilmar e Humberto &amp; Ronaldo e acabou se transformando, de forma improvisada, em uma nova grava\u00e7\u00e3o musical<\/strong><\/p>\n\n\n\n<p class=\"wp-block-paragraph\">Um encontro entre alguns dos principais nomes do forr\u00f3, piseiro e sertanejo ganhou propor\u00e7\u00f5es maiores do que o planejado. <strong>Xand Avi\u00e3o, Nattan e Z\u00e9 Vaqueiro<\/strong> se reuniram com <strong>Panda, \u00cdcaro &amp; Gilmar e Humberto &amp; Ronaldo<\/strong>, integrantes do projeto <strong>C\u00ea T\u00e1 Doido<\/strong>, e transformaram a confraterniza\u00e7\u00e3o em um novo audiovisual: o <strong>Balaio<\/strong>.<\/p>\n\n\n\n<p class=\"wp-block-paragraph\">A reuni\u00e3o aconteceu na segunda-feira, <strong>31 de agosto<\/strong>, em <strong>Aquiraz, no Cear\u00e1<\/strong>, depois que os integrantes do C\u00ea T\u00e1 Doido chegaram ao estado ap\u00f3s uma apresenta\u00e7\u00e3o da turn\u00ea em Belo Horizonte. O que inicialmente seria um encontro entre amigos rapidamente virou m\u00fasica, escolha de repert\u00f3rio e prepara\u00e7\u00e3o para uma grava\u00e7\u00e3o.<\/p>\n\n\n\n<p class=\"wp-block-paragraph\">A espontaneidade acabou se tornando uma das principais marcas do novo projeto. Entre conversas, cantorias e momentos descontra\u00eddos, os artistas perceberam que aquele encontro poderia render algo maior.<\/p>\n\n\n\n<p class=\"wp-block-paragraph\">Foi tamb\u00e9m durante a reuni\u00e3o que nasceu o nome <strong>Balaio<\/strong>. Xand Avi\u00e3o mostrou nas redes sociais um balaio de palha que teria servido de inspira\u00e7\u00e3o para batizar o audiovisual. Pouco depois, repert\u00f3rio e preparativos come\u00e7aram a ganhar forma.<\/p>\n\n\n\n<h2 class=\"wp-block-heading\">Grava\u00e7\u00e3o nasceu de um encontro inesperado<\/h2>\n\n\n\n<p class=\"wp-block-paragraph\">Os primeiros registros da grava\u00e7\u00e3o come\u00e7aram a circular nas redes sociais dos artistas na ter\u00e7a-feira, <strong>1\u00ba de setembro<\/strong>, mostrando o clima informal e descontra\u00eddo que deu origem ao trabalho.<\/p>\n\n\n\n<p class=\"wp-block-paragraph\">Em uma das publica\u00e7\u00f5es repercutidas pela imprensa especializada, Xand Avi\u00e3o brincou com a rapidez com que tudo aconteceu, relatando que chegou ao hotel, encontrou v\u00e1rios amigos m\u00fasicos reunidos e, pouco depois, j\u00e1 estava se preparando para gravar um DVD.<\/p>\n\n\n\n<p class=\"wp-block-paragraph\">Nattan tamb\u00e9m aumentou a curiosidade do p\u00fablico ao indicar nas redes sociais que o que havia acontecido durante o encontro seria transformado em conte\u00fado para os f\u00e3s.<\/p>\n\n\n\n<p class=\"wp-block-paragraph\">O <strong>Balaio<\/strong> re\u00fane artistas com forte presen\u00e7a na m\u00fasica popular contempor\u00e2nea e aproxima universos do <strong>forr\u00f3, piseiro e sertanejo<\/strong>, justamente em uma \u00e9poca marcada por projetos colaborativos e encontros entre diferentes vertentes da m\u00fasica brasileira.<\/p>\n\n\n\n<h2 class=\"wp-block-heading\">C\u00ea T\u00e1 Doido amplia encontros musicais<\/h2>\n\n\n\n<p class=\"wp-block-paragraph\">O C\u00ea T\u00e1 Doido re\u00fane <strong>Panda, \u00cdcaro, Gilmar, Humberto e Ronaldo<\/strong> em um projeto coletivo que aposta na amizade, na m\u00fasica sertaneja e em repert\u00f3rios compartilhados. Os cinco artistas j\u00e1 levaram a parceria a diferentes palcos e participaram juntos, em maio deste ano, do programa <em>Viver Sertanejo<\/em>, da TV Globo.<\/p>\n\n\n\n<p class=\"wp-block-paragraph\">No Balaio, o grupo se conecta agora \u00e0 for\u00e7a do forr\u00f3 e do piseiro representada por Xand Avi\u00e3o, Nattan e Z\u00e9 Vaqueiro, formando uma combina\u00e7\u00e3o capaz de alcan\u00e7ar p\u00fablicos de diferentes segmentos da m\u00fasica brasileira.<\/p>\n\n\n\n<p class=\"wp-block-paragraph\">At\u00e9 o momento, <strong>data de lan\u00e7amento, repert\u00f3rio completo e formato de distribui\u00e7\u00e3o do Balaio ainda n\u00e3o foram anunciados<\/strong>. Os registros j\u00e1 divulgados, entretanto, indicam que um encontro casual entre amigos acabou ganhando vida pr\u00f3pria \u2014 e pode render uma das colabora\u00e7\u00f5es mais curiosas desta temporada.<\/p>\n","protected":false},"excerpt":{"rendered":"<p>Encontro no Cear\u00e1 reuniu ainda Panda, \u00cdcaro &amp; Gilmar e Humberto &amp; Ronaldo e acabou se transformando, de forma improvisada, em uma nova grava\u00e7\u00e3o musical Um encontro entre alguns dos principais nomes do forr\u00f3, piseiro e sertanejo ganhou propor\u00e7\u00f5es maiores do que o planejado. Xand Avi\u00e3o, Nattan e Z\u00e9 Vaqueiro se reuniram com Panda, \u00cdcaro [&hellip;]<\/p>\n","protected":false},"author":777,"featured_media":19668,"comment_status":"open","ping_status":"open","sticky":false,"template":"","format":"standard","meta":{"_monsterinsights_skip_tracking":false,"footnotes":"","jetpack_publicize_message":"","jetpack_publicize_feature_enabled":true,"jetpack_social_post_already_shared":true,"jetpack_social_options":{"image_generator_settings":{"template":"highway","default_image_id":0,"font":"","enabled":false},"version":2}},"categories":[6],"tags":[10121,10125,9260,10122,10123,9863,9261,10124,9259,9862,10120,10126],"class_list":["post-19667","post","type-post","status-publish","format-standard","has-post-thumbnail","hentry","category-music","tag-balaio","tag-cetadoido","tag-forro-4","tag-humbertoeronaldo","tag-icaroegilmar","tag-musicabrasileira-3","tag-nattan-2","tag-panda","tag-piseiro-2","tag-sertanejo-2","tag-xandaviao","tag-zevaqueiro"],"jetpack_publicize_connections":[],"_links":{"self":[{"href":"https:\/\/cidadecult.com.br\/index.php?rest_route=\/wp\/v2\/posts\/19667","targetHints":{"allow":["GET"]}}],"collection":[{"href":"https:\/\/cidadecult.com.br\/index.php?rest_route=\/wp\/v2\/posts"}],"about":[{"href":"https:\/\/cidadecult.com.br\/index.php?rest_route=\/wp\/v2\/types\/post"}],"author":[{"embeddable":true,"href":"https:\/\/cidadecult.com.br\/index.php?rest_route=\/wp\/v2\/users\/777"}],"replies":[{"embeddable":true,"href":"https:\/\/cidadecult.com.br\/index.php?rest_route=%2Fwp%2Fv2%2Fcomments&post=19667"}],"version-history":[{"count":1,"href":"https:\/\/cidadecult.com.br\/index.php?rest_route=\/wp\/v2\/posts\/19667\/revisions"}],"predecessor-version":[{"id":19669,"href":"https:\/\/cidadecult.com.br\/index.php?rest_route=\/wp\/v2\/posts\/19667\/revisions\/19669"}],"wp:featuredmedia":[{"embeddable":true,"href":"https:\/\/cidadecult.com.br\/index.php?rest_route=\/wp\/v2\/media\/19668"}],"wp:attachment":[{"href":"https:\/\/cidadecult.com.br\/index.php?rest_route=%2Fwp%2Fv2%2Fmedia&parent=19667"}],"wp:term":[{"taxonomy":"category","embeddable":true,"href":"https:\/\/cidadecult.com.br\/index.php?rest_route=%2Fwp%2Fv2%2Fcategories&post=19667"},{"taxonomy":"post_tag","embeddable":true,"href":"https:\/\/cidadecult.com.br\/index.php?rest_route=%2Fwp%2Fv2%2Ftags&post=19667"}],"curies":[{"name":"wp","href":"https:\/\/api.w.org\/{rel}","templated":true}]}}