{"id":19661,"date":"2026-09-02T12:37:23","date_gmt":"2026-09-02T15:37:23","guid":{"rendered":"https:\/\/cidadecult.com.br\/?p=19661"},"modified":"2026-09-02T12:37:25","modified_gmt":"2026-09-02T15:37:25","slug":"falcao-faz-show-gratuito-em-brasilia-na-43a-edicao-do-artefato","status":"publish","type":"post","link":"https:\/\/cidadecult.com.br\/?p=19661","title":{"rendered":"Falc\u00e3o faz show gratuito em Bras\u00edlia na 43\u00aa edi\u00e7\u00e3o do ArteFato"},"content":{"rendered":"\n<p class=\"wp-block-paragraph\"><strong>Cantor cearense se apresenta no Teatro dos Banc\u00e1rios em 16 de setembro; ingressos gratuitos poder\u00e3o ser retirados pelo Sympla a partir do dia 14<\/strong><\/p>\n\n\n\n<p class=\"wp-block-paragraph\">Irrever\u00eancia, m\u00fasica e humor estar\u00e3o juntos no palco do Teatro dos Banc\u00e1rios, em Bras\u00edlia, no dia <strong>16 de setembro de 2026<\/strong>, quando <strong>Falc\u00e3o<\/strong> ser\u00e1 a atra\u00e7\u00e3o principal da <strong>43\u00aa edi\u00e7\u00e3o do ArteFato<\/strong>. A apresenta\u00e7\u00e3o come\u00e7a \u00e0s <strong>20h<\/strong>, tem entrada gratuita e classifica\u00e7\u00e3o livre.<\/p>\n\n\n\n<p class=\"wp-block-paragraph\">Os ingressos ser\u00e3o disponibilizados pelo <strong>Sympla a partir de 14 de setembro<\/strong>, sujeitos \u00e0 lota\u00e7\u00e3o do teatro.<\/p>\n\n\n\n<p class=\"wp-block-paragraph\">Nascido em Pereiro, no interior do Cear\u00e1, Falc\u00e3o construiu uma trajet\u00f3ria singular na m\u00fasica brasileira ao transformar o brega, o humor e o chamado \u201cingl\u00eas macarr\u00f4nico\u201d em marcas de sua obra. Cantor, compositor, ator, apresentador, escritor e desenhista, o artista tornou-se conhecido nacionalmente especialmente a partir dos anos 1990.<\/p>\n\n\n\n<p class=\"wp-block-paragraph\">Entre as m\u00fasicas que ajudaram a consolidar sua popularidade est\u00e3o <strong>\u201cI&#8217;m Not Dog No\u201d<\/strong>, vers\u00e3o bem-humorada de \u201cEu N\u00e3o Sou Cachorro, N\u00e3o\u201d, de Waldick Soriano; <strong>\u201cBlack People Car\u201d<\/strong>, inspirada em \u201cFusc\u00e3o Preto\u201d; e <strong>\u201cHoliday Foi Muito\u201d<\/strong>. A mistura de refer\u00eancias populares, cr\u00edtica de costumes e uma est\u00e9tica propositalmente extravagante transformou Falc\u00e3o em uma figura facilmente reconhec\u00edvel da cultura brasileira.<\/p>\n\n\n\n<figure class=\"wp-block-image size-large\"><img loading=\"lazy\" decoding=\"async\" width=\"682\" height=\"1024\" src=\"https:\/\/cidadecult.com.br\/wp-content\/uploads\/2026\/09\/WhatsApp-Image-2026-08-31-at-19.50.18-4-682x1024.jpeg\" alt=\"\" class=\"wp-image-19662\" srcset=\"https:\/\/cidadecult.com.br\/wp-content\/uploads\/2026\/09\/WhatsApp-Image-2026-08-31-at-19.50.18-4-682x1024.jpeg 682w, https:\/\/cidadecult.com.br\/wp-content\/uploads\/2026\/09\/WhatsApp-Image-2026-08-31-at-19.50.18-4-200x300.jpeg 200w, https:\/\/cidadecult.com.br\/wp-content\/uploads\/2026\/09\/WhatsApp-Image-2026-08-31-at-19.50.18-4-768x1153.jpeg 768w, https:\/\/cidadecult.com.br\/wp-content\/uploads\/2026\/09\/WhatsApp-Image-2026-08-31-at-19.50.18-4-1023x1536.jpeg 1023w, https:\/\/cidadecult.com.br\/wp-content\/uploads\/2026\/09\/WhatsApp-Image-2026-08-31-at-19.50.18-4-750x1126.jpeg 750w, https:\/\/cidadecult.com.br\/wp-content\/uploads\/2026\/09\/WhatsApp-Image-2026-08-31-at-19.50.18-4.jpeg 1066w\" sizes=\"auto, (max-width: 682px) 100vw, 682px\" \/><figcaption class=\"wp-element-caption\">Divulga\u00e7\u00e3o<\/figcaption><\/figure>\n\n\n\n<p class=\"wp-block-paragraph\">No palco, esse universo aparece tanto nas can\u00e7\u00f5es quanto nas hist\u00f3rias, provoca\u00e7\u00f5es e observa\u00e7\u00f5es sobre o cotidiano. O humor acompanha praticamente toda a apresenta\u00e7\u00e3o e atravessa diferentes gera\u00e7\u00f5es de p\u00fablico.<\/p>\n\n\n\n<p class=\"wp-block-paragraph\">Entre as m\u00fasicas destacadas na divulga\u00e7\u00e3o do evento est\u00e1 <strong>\u201cCora\u00e7\u00e3o de Frango\u201d<\/strong>, composi\u00e7\u00e3o de Marcos Mairton que transforma uma desilus\u00e3o amorosa em uma met\u00e1fora gastron\u00f4mica t\u00e3o improv\u00e1vel quanto caracter\u00edstica do universo de Falc\u00e3o.<\/p>\n\n\n\n<h3 class=\"wp-block-heading\">Abertura com Thiago Borges &amp; Eric Star<\/h3>\n\n\n\n<p class=\"wp-block-paragraph\">A programa\u00e7\u00e3o da noite come\u00e7a com <strong>Thiago Borges &amp; Eric Star<\/strong>.<\/p>\n\n\n\n<p class=\"wp-block-paragraph\">Banc\u00e1rio da Caixa h\u00e1 24 anos, Thiago Borges mant\u00e9m a m\u00fasica paralelamente \u00e0 atividade profissional. O interesse come\u00e7ou ainda na adolesc\u00eancia, inspirado pela dupla Jo\u00e3o Paulo &amp; Daniel, quando aprendeu a tocar viol\u00e3o e passou a cantar.<\/p>\n\n\n\n<p class=\"wp-block-paragraph\">Desde ent\u00e3o, a m\u00fasica se tornou presen\u00e7a constante em encontros com familiares e amigos, muitas vezes ao lado do m\u00fasico Eric Star. A participa\u00e7\u00e3o da dupla refor\u00e7a uma das caracter\u00edsticas do ArteFato: aproximar artistas consagrados e talentos ligados \u00e0 pr\u00f3pria categoria banc\u00e1ria.<\/p>\n\n\n\n<p class=\"wp-block-paragraph\">A edi\u00e7\u00e3o anterior do projeto, realizada em junho, reuniu <strong>Fernando Anitelli<\/strong>, criador de O Teatro M\u00e1gico, e a banda SoulCaixa, tamb\u00e9m no Teatro dos Banc\u00e1rios. Segundo o Sindicato dos Banc\u00e1rios de Bras\u00edlia, o ArteFato busca ampliar o acesso gratuito \u00e0 cultura e abrir espa\u00e7o para a produ\u00e7\u00e3o art\u00edstica relacionada aos trabalhadores da categoria.<\/p>\n\n\n\n<h3 class=\"wp-block-heading\">Servi\u00e7o<\/h3>\n\n\n\n<p class=\"wp-block-paragraph\"><strong>43\u00aa edi\u00e7\u00e3o do ArteFato \u2014 Show de Falc\u00e3o<\/strong><br><strong>Data:<\/strong> 16 de setembro de 2026, quarta-feira<br><strong>Hor\u00e1rio:<\/strong> 20h<br><strong>Local:<\/strong> Teatro dos Banc\u00e1rios<br><strong>Endere\u00e7o:<\/strong> EQS 314\/315, Bloco A, Asa Sul, Bras\u00edlia<br><strong>Entrada:<\/strong> gratuita<br><strong>Ingressos:<\/strong> retirada pelo Sympla a partir de 14 de setembro, sujeita \u00e0 lota\u00e7\u00e3o<br><strong>Abertura:<\/strong> Thiago Borges &amp; Eric Star<br><strong>Classifica\u00e7\u00e3o indicativa:<\/strong> livre<\/p>\n","protected":false},"excerpt":{"rendered":"<p>Cantor cearense se apresenta no Teatro dos Banc\u00e1rios em 16 de setembro; ingressos gratuitos poder\u00e3o ser retirados pelo Sympla a partir do dia 14 Irrever\u00eancia, m\u00fasica e humor estar\u00e3o juntos no palco do Teatro dos Banc\u00e1rios, em Bras\u00edlia, no dia 16 de setembro de 2026, quando Falc\u00e3o ser\u00e1 a atra\u00e7\u00e3o principal da 43\u00aa edi\u00e7\u00e3o do [&hellip;]<\/p>\n","protected":false},"author":777,"featured_media":19663,"comment_status":"open","ping_status":"open","sticky":false,"template":"","format":"standard","meta":{"_monsterinsights_skip_tracking":false,"footnotes":"","jetpack_publicize_message":"","jetpack_publicize_feature_enabled":true,"jetpack_social_post_already_shared":true,"jetpack_social_options":{"image_generator_settings":{"template":"highway","default_image_id":0,"font":"","enabled":false},"version":2}},"categories":[8328],"tags":[9848,10112,4824,10114,10118,10117,10116,10115,10113,10119],"class_list":["post-19661","post","type-post","status-publish","format-standard","has-post-thumbnail","hentry","category-agenda-brasilia","tag-agendabrasilia","tag-artefato-2","tag-brasiliadf-3","tag-culturabrasilia-3","tag-eventosgratuitosdf","tag-falcao","tag-falcaoembrasilia","tag-musicabrasilia","tag-showgratuitobrasilia","tag-teatrodosbancarios-2"],"jetpack_publicize_connections":[],"_links":{"self":[{"href":"https:\/\/cidadecult.com.br\/index.php?rest_route=\/wp\/v2\/posts\/19661","targetHints":{"allow":["GET"]}}],"collection":[{"href":"https:\/\/cidadecult.com.br\/index.php?rest_route=\/wp\/v2\/posts"}],"about":[{"href":"https:\/\/cidadecult.com.br\/index.php?rest_route=\/wp\/v2\/types\/post"}],"author":[{"embeddable":true,"href":"https:\/\/cidadecult.com.br\/index.php?rest_route=\/wp\/v2\/users\/777"}],"replies":[{"embeddable":true,"href":"https:\/\/cidadecult.com.br\/index.php?rest_route=%2Fwp%2Fv2%2Fcomments&post=19661"}],"version-history":[{"count":1,"href":"https:\/\/cidadecult.com.br\/index.php?rest_route=\/wp\/v2\/posts\/19661\/revisions"}],"predecessor-version":[{"id":19664,"href":"https:\/\/cidadecult.com.br\/index.php?rest_route=\/wp\/v2\/posts\/19661\/revisions\/19664"}],"wp:featuredmedia":[{"embeddable":true,"href":"https:\/\/cidadecult.com.br\/index.php?rest_route=\/wp\/v2\/media\/19663"}],"wp:attachment":[{"href":"https:\/\/cidadecult.com.br\/index.php?rest_route=%2Fwp%2Fv2%2Fmedia&parent=19661"}],"wp:term":[{"taxonomy":"category","embeddable":true,"href":"https:\/\/cidadecult.com.br\/index.php?rest_route=%2Fwp%2Fv2%2Fcategories&post=19661"},{"taxonomy":"post_tag","embeddable":true,"href":"https:\/\/cidadecult.com.br\/index.php?rest_route=%2Fwp%2Fv2%2Ftags&post=19661"}],"curies":[{"name":"wp","href":"https:\/\/api.w.org\/{rel}","templated":true}]}}