{"id":19654,"date":"2026-09-01T16:34:07","date_gmt":"2026-09-01T19:34:07","guid":{"rendered":"https:\/\/cidadecult.com.br\/?p=19654"},"modified":"2026-09-01T16:34:30","modified_gmt":"2026-09-01T19:34:30","slug":"circuito-maravilha-abre-atelies-de-design-e-mobiliario-ao-publico-no-rio-pela-primeira-vez","status":"publish","type":"post","link":"https:\/\/cidadecult.com.br\/?p=19654","title":{"rendered":"Circuito Maravilha abre ateli\u00eas de design e mobili\u00e1rio ao p\u00fablico no Rio pela primeira vez"},"content":{"rendered":"\n<p class=\"wp-block-paragraph\"><strong>Evento gratuito acontece de 17 a 19 de setembro e re\u00fane nove espa\u00e7os de cria\u00e7\u00e3o na Regi\u00e3o Portu\u00e1ria, aproximando o p\u00fablico do design autoral carioca<\/strong><\/p>\n\n\n\n<p class=\"wp-block-paragraph\">O mobili\u00e1rio autoral ganha um novo roteiro cultural no Rio de Janeiro em setembro. Pela primeira vez, ateli\u00eas e oficinas da Regi\u00e3o Portu\u00e1ria se unem para realizar o <strong>Circuito Maravilha de Mobili\u00e1rio<\/strong>, programa\u00e7\u00e3o gratuita que abre ao p\u00fablico espa\u00e7os onde m\u00f3veis e objetos s\u00e3o pensados, desenhados e produzidos.<\/p>\n\n\n\n<p class=\"wp-block-paragraph\">A primeira edi\u00e7\u00e3o acontece nos dias <strong>17, 18 e 19 de setembro<\/strong>, das <strong>12h \u00e0s 20h<\/strong>, envolvendo nove ateli\u00eas e oficinas distribu\u00eddos por \u00e1reas da <strong>Gamboa, Candel\u00e1ria e Frei Caneca<\/strong>. Ao todo, 13 artistas e designers participam da iniciativa.<\/p>\n\n\n\n<p class=\"wp-block-paragraph\">O projeto acontece em um momento de intensa movimenta\u00e7\u00e3o cultural na cidade, paralelamente \u00e0 <strong>ArtRio<\/strong> e \u00e0 <strong>Semana de Arte do Rio<\/strong>, ampliando as possibilidades para quem deseja percorrer o Centro e conhecer diferentes vertentes da produ\u00e7\u00e3o art\u00edstica contempor\u00e2nea.<\/p>\n\n\n\n<h2 class=\"wp-block-heading\">Do objeto pronto ao processo de cria\u00e7\u00e3o<\/h2>\n\n\n\n<p class=\"wp-block-paragraph\">Mais do que uma exposi\u00e7\u00e3o tradicional, o Circuito Maravilha prop\u00f5e colocar o p\u00fablico dentro dos ambientes de trabalho dos designers.<\/p>\n\n\n\n<p class=\"wp-block-paragraph\">A ideia \u00e9 permitir uma aproxima\u00e7\u00e3o com os processos que antecedem a pe\u00e7a final \u2014 da escolha dos materiais e das t\u00e9cnicas de produ\u00e7\u00e3o aos experimentos que transformam madeira, metal e outros elementos em m\u00f3veis e objetos de design.<\/p>\n\n\n\n<p class=\"wp-block-paragraph\">Entre os participantes est\u00e3o <strong>Assimply Studio, Oficina Rasc\u00e3o, Rodrigo Calixto, Dimitrih Correa e Cabi\u00fana, de Ant\u00f4nio Maur\u00edcio<\/strong>, al\u00e9m de outros profissionais e espa\u00e7os ligados \u00e0 produ\u00e7\u00e3o independente da cidade.<\/p>\n\n\n\n<p class=\"wp-block-paragraph\">A programa\u00e7\u00e3o foi organizada de maneira a evidenciar a rela\u00e7\u00e3o entre o design contempor\u00e2neo e o contexto urbano e hist\u00f3rico da regi\u00e3o, que nos \u00faltimos anos ampliou sua presen\u00e7a no mapa cultural carioca.<\/p>\n\n\n\n<h2 class=\"wp-block-heading\">Design autoral encontra o Porto Maravilha<\/h2>\n\n\n\n<p class=\"wp-block-paragraph\">Idealizado pelo designer <strong>Rodolfo Rasc\u00e3o<\/strong>, o circuito tamb\u00e9m pretende reduzir a dist\u00e2ncia que muitas vezes existe entre o p\u00fablico e o chamado design de alto padr\u00e3o.<\/p>\n\n\n\n<p class=\"wp-block-paragraph\">Para Rasc\u00e3o, a ocupa\u00e7\u00e3o dos ateli\u00eas permite apresentar essa produ\u00e7\u00e3o dentro do pr\u00f3prio territ\u00f3rio onde ela acontece e aproximar visitantes dos profissionais respons\u00e1veis pelas cria\u00e7\u00f5es.<\/p>\n\n\n\n<p class=\"wp-block-paragraph\">A iniciativa ajuda ainda a revelar uma camada menos vis\u00edvel da Regi\u00e3o Portu\u00e1ria. Al\u00e9m de museus, centros culturais, patrim\u00f4nio hist\u00f3rico e atra\u00e7\u00f5es tur\u00edsticas, o entorno abriga oficinas, est\u00fadios e profissionais ligados \u00e0 chamada economia criativa.<\/p>\n\n\n\n<p class=\"wp-block-paragraph\">Essa combina\u00e7\u00e3o transforma o passeio pelos ateli\u00eas em uma oportunidade de observar n\u00e3o apenas as pe\u00e7as terminadas, mas tamb\u00e9m a cidade que serve de cen\u00e1rio e mat\u00e9ria-prima para diferentes processos criativos.<\/p>\n\n\n\n<h2 class=\"wp-block-heading\">Arte, arquitetura e mobili\u00e1rio no mesmo percurso<\/h2>\n\n\n\n<p class=\"wp-block-paragraph\">A realiza\u00e7\u00e3o simult\u00e2nea com outros eventos dedicados \u00e0 arte amplia o di\u00e1logo entre diferentes linguagens.<\/p>\n\n\n\n<p class=\"wp-block-paragraph\">Enquanto galerias, feiras e institui\u00e7\u00f5es culturais recebem exposi\u00e7\u00f5es, o Circuito Maravilha abre espa\u00e7os normalmente associados aos bastidores da cria\u00e7\u00e3o. O visitante pode, assim, acrescentar ao roteiro cultural uma experi\u00eancia voltada especialmente ao <strong>design brasileiro contempor\u00e2neo e ao mobili\u00e1rio autoral<\/strong>.<\/p>\n\n\n\n<p class=\"wp-block-paragraph\">Para quem acompanha arquitetura, decora\u00e7\u00e3o e design, o circuito oferece ainda a possibilidade de conhecer diretamente os criadores e compreender como ideias se transformam em objetos.<\/p>\n\n\n\n<p class=\"wp-block-paragraph\">A visita\u00e7\u00e3o \u00e9 gratuita durante os tr\u00eas dias.<\/p>\n\n\n\n<h2 class=\"wp-block-heading\">Servi\u00e7o \u2014 Circuito Maravilha de Mobili\u00e1rio<\/h2>\n\n\n\n<p class=\"wp-block-paragraph\"><strong>Quando:<\/strong> 17, 18 e 19 de setembro de 2026<br><strong>Hor\u00e1rio:<\/strong> das 12h \u00e0s 20h<br><strong>Onde:<\/strong> ateli\u00eas e oficinas da Regi\u00e3o Portu\u00e1ria do Rio de Janeiro<br><strong>Regi\u00f5es:<\/strong> Gamboa, Candel\u00e1ria e Frei Caneca<br><strong>Entrada:<\/strong> gratuita<\/p>\n\n\n\n<p class=\"wp-block-paragraph\">A programa\u00e7\u00e3o confirmada por ve\u00edculos especializados informa nove ateli\u00eas, 13 artistas e tr\u00eas \u00e1reas de visita\u00e7\u00e3o.<\/p>\n","protected":false},"excerpt":{"rendered":"<p>Evento gratuito acontece de 17 a 19 de setembro e re\u00fane nove espa\u00e7os de cria\u00e7\u00e3o na Regi\u00e3o Portu\u00e1ria, aproximando o p\u00fablico do design autoral carioca O mobili\u00e1rio autoral ganha um novo roteiro cultural no Rio de Janeiro em setembro. Pela primeira vez, ateli\u00eas e oficinas da Regi\u00e3o Portu\u00e1ria se unem para realizar o Circuito Maravilha [&hellip;]<\/p>\n","protected":false},"author":777,"featured_media":19655,"comment_status":"open","ping_status":"open","sticky":false,"template":"","format":"standard","meta":{"_monsterinsights_skip_tracking":false,"footnotes":"","jetpack_publicize_message":"","jetpack_publicize_feature_enabled":true,"jetpack_social_post_already_shared":true,"jetpack_social_options":{"image_generator_settings":{"template":"highway","default_image_id":0,"font":"","enabled":false},"version":2}},"categories":[2569],"tags":[5746,133,10109,10108,10103,1894,1892,7501,6499,10106,10107,7502,10104,10105,1118,10110],"class_list":["post-19654","post","type-post","status-publish","format-standard","has-post-thumbnail","hentry","category-arte","tag-arquitetura-2","tag-arte","tag-artrio","tag-candelaria","tag-circuito-maravilha-de-mobiliario","tag-decoracao","tag-design","tag-design-brasileiro","tag-economia-criativa","tag-frei-caneca","tag-gamboa","tag-mobiliario","tag-mobiliario-autoral","tag-porto-maravilha","tag-rio-de-janeiro","tag-semana-de-arte-do-rio"],"jetpack_publicize_connections":[],"_links":{"self":[{"href":"https:\/\/cidadecult.com.br\/index.php?rest_route=\/wp\/v2\/posts\/19654","targetHints":{"allow":["GET"]}}],"collection":[{"href":"https:\/\/cidadecult.com.br\/index.php?rest_route=\/wp\/v2\/posts"}],"about":[{"href":"https:\/\/cidadecult.com.br\/index.php?rest_route=\/wp\/v2\/types\/post"}],"author":[{"embeddable":true,"href":"https:\/\/cidadecult.com.br\/index.php?rest_route=\/wp\/v2\/users\/777"}],"replies":[{"embeddable":true,"href":"https:\/\/cidadecult.com.br\/index.php?rest_route=%2Fwp%2Fv2%2Fcomments&post=19654"}],"version-history":[{"count":1,"href":"https:\/\/cidadecult.com.br\/index.php?rest_route=\/wp\/v2\/posts\/19654\/revisions"}],"predecessor-version":[{"id":19656,"href":"https:\/\/cidadecult.com.br\/index.php?rest_route=\/wp\/v2\/posts\/19654\/revisions\/19656"}],"wp:featuredmedia":[{"embeddable":true,"href":"https:\/\/cidadecult.com.br\/index.php?rest_route=\/wp\/v2\/media\/19655"}],"wp:attachment":[{"href":"https:\/\/cidadecult.com.br\/index.php?rest_route=%2Fwp%2Fv2%2Fmedia&parent=19654"}],"wp:term":[{"taxonomy":"category","embeddable":true,"href":"https:\/\/cidadecult.com.br\/index.php?rest_route=%2Fwp%2Fv2%2Fcategories&post=19654"},{"taxonomy":"post_tag","embeddable":true,"href":"https:\/\/cidadecult.com.br\/index.php?rest_route=%2Fwp%2Fv2%2Ftags&post=19654"}],"curies":[{"name":"wp","href":"https:\/\/api.w.org\/{rel}","templated":true}]}}