{"id":19650,"date":"2026-09-01T16:25:28","date_gmt":"2026-09-01T19:25:28","guid":{"rendered":"https:\/\/cidadecult.com.br\/?p=19650"},"modified":"2026-09-01T16:25:31","modified_gmt":"2026-09-01T19:25:31","slug":"brasil-jazz-sinfonica-reune-milton-nascimento-simone-toquinho-e-outros-vencedores-do-grammy-na-tv-cultura","status":"publish","type":"post","link":"https:\/\/cidadecult.com.br\/?p=19650","title":{"rendered":"Brasil Jazz Sinf\u00f4nica re\u00fane Milton Nascimento, Simone, Toquinho e outros vencedores do Grammy na TV Cultura"},"content":{"rendered":"\n<p class=\"wp-block-paragraph\"><strong>\u00daltimo epis\u00f3dio do Especial Jazz no Grammy vai ao ar nesta quinta-feira (3), \u00e0s 23h30, com encontros da orquestra com grandes nomes da m\u00fasica brasileira<\/strong><\/p>\n\n\n\n<p class=\"wp-block-paragraph\">A <strong>Brasil Jazz Sinf\u00f4nica<\/strong> encerra nesta quinta-feira, <strong>3 de setembro<\/strong>, uma s\u00e9rie especial dedicada a encontros com artistas premiados pelo Grammy. O quarto e \u00faltimo epis\u00f3dio do <strong>Especial Jazz no Grammy<\/strong> ser\u00e1 exibido pela <strong>TV Cultura, \u00e0s 23h30<\/strong>, reunindo apresenta\u00e7\u00f5es com nomes como <strong>Milton Nascimento, Simone, Toquinho, Vanessa da Mata, Zeca Baleiro, Yamandu Costa e X\u00eania Fran\u00e7a<\/strong>.<\/p>\n\n\n\n<p class=\"wp-block-paragraph\">O programa recupera momentos em que grandes artistas da m\u00fasica brasileira dividiram o palco com a Brasil Jazz Sinf\u00f4nica, conhecida por aproximar a m\u00fasica popular da linguagem orquestral.<\/p>\n\n\n\n<p class=\"wp-block-paragraph\">No repert\u00f3rio desta edi\u00e7\u00e3o est\u00e1 <strong>\u201cMaria, Maria\u201d<\/strong>, cl\u00e1ssico de Milton Nascimento e Fernando Brant, interpretado por Milton ao lado da orquestra. Simone aparece com <strong>\u201cT\u00f4 Voltando\u201d<\/strong>, enquanto Toquinho apresenta <strong>\u201cO Caderno\u201d<\/strong>.<\/p>\n\n\n\n<p class=\"wp-block-paragraph\">Vanessa da Mata participa com <strong>\u201cAinda Bem\u201d<\/strong> e Zeca Baleiro interpreta <strong>\u201cBandeira\u201d<\/strong>.<\/p>\n\n\n\n<figure class=\"wp-block-image size-large\"><img loading=\"lazy\" decoding=\"async\" width=\"1024\" height=\"683\" src=\"https:\/\/cidadecult.com.br\/wp-content\/uploads\/2026\/09\/simone-1024x683.jpg\" alt=\"\" class=\"wp-image-19652\" srcset=\"https:\/\/cidadecult.com.br\/wp-content\/uploads\/2026\/09\/simone-1024x683.jpg 1024w, https:\/\/cidadecult.com.br\/wp-content\/uploads\/2026\/09\/simone-300x200.jpg 300w, https:\/\/cidadecult.com.br\/wp-content\/uploads\/2026\/09\/simone-768x512.jpg 768w, https:\/\/cidadecult.com.br\/wp-content\/uploads\/2026\/09\/simone-1536x1024.jpg 1536w, https:\/\/cidadecult.com.br\/wp-content\/uploads\/2026\/09\/simone-2048x1365.jpg 2048w, https:\/\/cidadecult.com.br\/wp-content\/uploads\/2026\/09\/simone-750x500.jpg 750w, https:\/\/cidadecult.com.br\/wp-content\/uploads\/2026\/09\/simone-1140x760.jpg 1140w\" sizes=\"auto, (max-width: 1024px) 100vw, 1024px\" \/><\/figure>\n\n\n\n<h2 class=\"wp-block-heading\">Do jazz \u00e0 MPB: repert\u00f3rio atravessa diferentes gera\u00e7\u00f5es<\/h2>\n\n\n\n<p class=\"wp-block-paragraph\">A diversidade musical \u00e9 uma das marcas do epis\u00f3dio. Al\u00e9m dos grandes nomes da MPB, a sele\u00e7\u00e3o inclui artistas e instrumentistas de diferentes gera\u00e7\u00f5es e linguagens.<\/p>\n\n\n\n<p class=\"wp-block-paragraph\">O <strong>Trio Corrente<\/strong> participa com \u201cChoros Concertantes\u201d, composi\u00e7\u00e3o para trio e orquestra. <strong>Tulipa Ruiz<\/strong> aparece com \u201cV\u00edbora\u201d, enquanto <strong>X\u00eania Fran\u00e7a<\/strong> interpreta \u201cRenascer\u201d.<\/p>\n\n\n\n<p class=\"wp-block-paragraph\">O violonista <strong>Yamandu Costa<\/strong> apresenta \u201cSu\u00edte Colombiana n\u00ba 2: Porro\u201d, e <strong>Z\u00e9 Ibarra<\/strong> participa com \u201cDe D\u00f3 a D\u00f3\u201d.<\/p>\n\n\n\n<p class=\"wp-block-paragraph\">Os encontros ganham uma dimens\u00e3o particular por meio dos arranjos desenvolvidos especialmente para a forma\u00e7\u00e3o sinf\u00f4nica, oferecendo novas leituras para m\u00fasicas j\u00e1 conhecidas pelo p\u00fablico.<\/p>\n\n\n\n<h2 class=\"wp-block-heading\">Especial reuniu 45 nomes da m\u00fasica<\/h2>\n\n\n\n<p class=\"wp-block-paragraph\">Ao longo de seus quatro epis\u00f3dios, o <strong>Especial Jazz no Grammy<\/strong> reuniu <strong>45 artistas de destaque<\/strong> em apresenta\u00e7\u00f5es com a Brasil Jazz Sinf\u00f4nica.<\/p>\n\n\n\n<p class=\"wp-block-paragraph\">A produ\u00e7\u00e3o apostou em registros de diferentes momentos da trajet\u00f3ria da orquestra, mostrando como arranjos sinf\u00f4nicos podem transformar \u2014 sem descaracterizar \u2014 obras consagradas da m\u00fasica popular brasileira.<\/p>\n\n\n\n<p class=\"wp-block-paragraph\">Com o epis\u00f3dio desta quinta-feira, a s\u00e9rie encerra a temporada reunindo em uma mesma edi\u00e7\u00e3o diferentes gera\u00e7\u00f5es da m\u00fasica nacional, de Milton Nascimento e Simone a artistas como Tulipa Ruiz, X\u00eania Fran\u00e7a e Z\u00e9 Ibarra.<\/p>\n\n\n\n<h2 class=\"wp-block-heading\">Servi\u00e7o \u2014 Especial Jazz no Grammy<\/h2>\n\n\n\n<p class=\"wp-block-paragraph\"><strong>O qu\u00ea:<\/strong> Especial Jazz no Grammy \u2014 quarto e \u00faltimo epis\u00f3dio<br><strong>Quando:<\/strong> quinta-feira, 3 de setembro de 2026<br><strong>Hor\u00e1rio:<\/strong> 23h30<br><strong>Onde:<\/strong> TV Cultura<br><strong>Participa\u00e7\u00f5es:<\/strong> Milton Nascimento, Simone, Toquinho, Vanessa da Mata, Zeca Baleiro, Yamandu Costa, X\u00eania Fran\u00e7a, Tulipa Ruiz, Trio Corrente, Z\u00e9 Ibarra, entre outros<\/p>\n\n\n\n<p class=\"wp-block-paragraph\"><strong>Realiza\u00e7\u00e3o:<\/strong> TV Cultura e Minist\u00e9rio da Cultura<\/p>\n","protected":false},"excerpt":{"rendered":"<p>\u00daltimo epis\u00f3dio do Especial Jazz no Grammy vai ao ar nesta quinta-feira (3), \u00e0s 23h30, com encontros da orquestra com grandes nomes da m\u00fasica brasileira A Brasil Jazz Sinf\u00f4nica encerra nesta quinta-feira, 3 de setembro, uma s\u00e9rie especial dedicada a encontros com artistas premiados pelo Grammy. O quarto e \u00faltimo epis\u00f3dio do Especial Jazz no [&hellip;]<\/p>\n","protected":false},"author":777,"featured_media":19651,"comment_status":"open","ping_status":"open","sticky":false,"template":"","format":"standard","meta":{"_monsterinsights_skip_tracking":false,"footnotes":"","jetpack_publicize_message":"","jetpack_publicize_feature_enabled":true,"jetpack_social_post_already_shared":true,"jetpack_social_options":{"image_generator_settings":{"template":"highway","default_image_id":0,"font":"","enabled":false},"version":2}},"categories":[6],"tags":[6673,10096,3407,1394,10100,6104,6257,10097,10098,10102,6201,7218,10101,10099,1564],"class_list":["post-19650","post","type-post","status-publish","format-standard","has-post-thumbnail","hentry","category-music","tag-brasil-jazz-sinfonica","tag-especial-jazz-no-grammy","tag-grammy","tag-jazz-2","tag-milton-nascimento","tag-mpb-2","tag-musica-brasileira","tag-simone","tag-toquinho","tag-tulipa-ruiz","tag-tv-cultura","tag-vanessa-da-mata","tag-xenia-franca","tag-yamandu-costa","tag-zeca-baleiro"],"jetpack_publicize_connections":[],"_links":{"self":[{"href":"https:\/\/cidadecult.com.br\/index.php?rest_route=\/wp\/v2\/posts\/19650","targetHints":{"allow":["GET"]}}],"collection":[{"href":"https:\/\/cidadecult.com.br\/index.php?rest_route=\/wp\/v2\/posts"}],"about":[{"href":"https:\/\/cidadecult.com.br\/index.php?rest_route=\/wp\/v2\/types\/post"}],"author":[{"embeddable":true,"href":"https:\/\/cidadecult.com.br\/index.php?rest_route=\/wp\/v2\/users\/777"}],"replies":[{"embeddable":true,"href":"https:\/\/cidadecult.com.br\/index.php?rest_route=%2Fwp%2Fv2%2Fcomments&post=19650"}],"version-history":[{"count":1,"href":"https:\/\/cidadecult.com.br\/index.php?rest_route=\/wp\/v2\/posts\/19650\/revisions"}],"predecessor-version":[{"id":19653,"href":"https:\/\/cidadecult.com.br\/index.php?rest_route=\/wp\/v2\/posts\/19650\/revisions\/19653"}],"wp:featuredmedia":[{"embeddable":true,"href":"https:\/\/cidadecult.com.br\/index.php?rest_route=\/wp\/v2\/media\/19651"}],"wp:attachment":[{"href":"https:\/\/cidadecult.com.br\/index.php?rest_route=%2Fwp%2Fv2%2Fmedia&parent=19650"}],"wp:term":[{"taxonomy":"category","embeddable":true,"href":"https:\/\/cidadecult.com.br\/index.php?rest_route=%2Fwp%2Fv2%2Fcategories&post=19650"},{"taxonomy":"post_tag","embeddable":true,"href":"https:\/\/cidadecult.com.br\/index.php?rest_route=%2Fwp%2Fv2%2Ftags&post=19650"}],"curies":[{"name":"wp","href":"https:\/\/api.w.org\/{rel}","templated":true}]}}