{"id":19643,"date":"2026-09-01T12:06:34","date_gmt":"2026-09-01T15:06:34","guid":{"rendered":"https:\/\/cidadecult.com.br\/?p=19643"},"modified":"2026-09-01T12:06:36","modified_gmt":"2026-09-01T15:06:36","slug":"tv-cultura-exibe-documentario-sobre-o-pantanal-e-os-desafios-para-preservar-suas-aguas","status":"publish","type":"post","link":"https:\/\/cidadecult.com.br\/?p=19643","title":{"rendered":"TV Cultura exibe document\u00e1rio sobre o Pantanal e os desafios para preservar suas \u00e1guas"},"content":{"rendered":"\n<h3 class=\"wp-block-heading\">\u201cPantanal: Plan\u00edcie das \u00c1guas\u201d acompanha o fot\u00f3grafo Luciano Candisani por um dos ecossistemas mais ricos do Brasil e vai ao ar nesta quarta-feira (2), \u00e0s 22h30<\/h3>\n\n\n\n<p>As \u00e1guas que moldam a paisagem, sustentam a biodiversidade e determinam o ritmo da vida no <strong>Pantanal<\/strong> s\u00e3o o fio condutor do document\u00e1rio <strong>\u201cPantanal: Plan\u00edcie das \u00c1guas\u201d<\/strong>, atra\u00e7\u00e3o da TV Cultura nesta <strong>quarta-feira, 2 de setembro, \u00e0s 22h30<\/strong>, na faixa <em>Cultura.Doc<\/em>.<\/p>\n\n\n\n<p>A produ\u00e7\u00e3o conduz o p\u00fablico por uma jornada visual pelo bioma e coloca em primeiro plano a rela\u00e7\u00e3o entre o ciclo das \u00e1guas, a fauna, a flora e as comunidades que dependem desse equil\u00edbrio natural.<\/p>\n\n\n\n<p>Guiado pelo olhar do fot\u00f3grafo e documentarista <strong>Luciano Candisani<\/strong>, o filme combina imagens da paisagem pantaneira com uma reflex\u00e3o sobre conserva\u00e7\u00e3o ambiental e as amea\u00e7as que colocam em risco a din\u00e2mica de um dos territ\u00f3rios naturais mais importantes do pa\u00eds.<\/p>\n\n\n\n<h2 class=\"wp-block-heading\">\u00c1gua como elemento central do Pantanal<\/h2>\n\n\n\n<p>No document\u00e1rio, a \u00e1gua n\u00e3o aparece apenas como parte da paisagem. Ela \u00e9 apresentada como elemento fundamental para compreender a pr\u00f3pria exist\u00eancia do Pantanal.<\/p>\n\n\n\n<p>Os per\u00edodos de cheia e seca transformam continuamente o territ\u00f3rio e interferem diretamente na reprodu\u00e7\u00e3o, alimenta\u00e7\u00e3o e deslocamento de in\u00fameras esp\u00e9cies. \u00c9 esse movimento que ajuda a formar a extraordin\u00e1ria diversidade encontrada na regi\u00e3o.<\/p>\n\n\n\n<p>Ao acompanhar diferentes paisagens e formas de vida, \u201cPantanal: Plan\u00edcie das \u00c1guas\u201d mostra como rios, lagoas e \u00e1reas inund\u00e1veis est\u00e3o profundamente conectados \u00e0 sobreviv\u00eancia da fauna e da flora.<\/p>\n\n\n\n<h2 class=\"wp-block-heading\">Mudan\u00e7as clim\u00e1ticas e conserva\u00e7\u00e3o<\/h2>\n\n\n\n<p>A beleza das imagens tamb\u00e9m abre espa\u00e7o para um alerta.<\/p>\n\n\n\n<p>Ao longo da produ\u00e7\u00e3o, Candisani reflete sobre os impactos das <strong>mudan\u00e7as clim\u00e1ticas<\/strong> e das altera\u00e7\u00f5es no regime das \u00e1guas, chamando aten\u00e7\u00e3o para a necessidade de preservar o equil\u00edbrio ambiental da regi\u00e3o.<\/p>\n\n\n\n<p>O document\u00e1rio aproxima, assim, contempla\u00e7\u00e3o e conscientiza\u00e7\u00e3o: ao mesmo tempo em que revela paisagens e esp\u00e9cies, convida o espectador a compreender por que a prote\u00e7\u00e3o das \u00e1guas \u00e9 decisiva para o futuro do Pantanal.<\/p>\n\n\n\n<p>\u00c9 tamb\u00e9m um registro sobre a urg\u00eancia de preservar um patrim\u00f4nio natural cuja import\u00e2ncia ultrapassa fronteiras e gera\u00e7\u00f5es.<\/p>\n\n\n\n<h2 class=\"wp-block-heading\">Servi\u00e7o<\/h2>\n\n\n\n<p><strong>Pantanal: Plan\u00edcie das \u00c1guas<\/strong><br><strong>Exibi\u00e7\u00e3o:<\/strong> quarta-feira, 2 de setembro de 2026<br><strong>Hor\u00e1rio:<\/strong> 22h30<br><strong>Emissora:<\/strong> TV Cultura<br><strong>Faixa:<\/strong> Cultura.Doc<br><strong>Participa\u00e7\u00e3o:<\/strong> Luciano Candisani<\/p>\n","protected":false},"excerpt":{"rendered":"<p>\u201cPantanal: Plan\u00edcie das \u00c1guas\u201d acompanha o fot\u00f3grafo Luciano Candisani por um dos ecossistemas mais ricos do Brasil e vai ao ar nesta quarta-feira (2), \u00e0s 22h30 As \u00e1guas que moldam a paisagem, sustentam a biodiversidade e determinam o ritmo da vida no Pantanal s\u00e3o o fio condutor do document\u00e1rio \u201cPantanal: Plan\u00edcie das \u00c1guas\u201d, atra\u00e7\u00e3o da [&hellip;]<\/p>\n","protected":false},"author":777,"featured_media":19644,"comment_status":"open","ping_status":"open","sticky":false,"template":"","format":"standard","meta":{"_monsterinsights_skip_tracking":false,"footnotes":"","jetpack_publicize_message":"","jetpack_publicize_feature_enabled":true,"jetpack_social_post_already_shared":true,"jetpack_social_options":{"image_generator_settings":{"template":"highway","default_image_id":0,"font":"","enabled":false},"version":2}},"categories":[2580],"tags":[6417,7165,10082,7900,6410,10083,10080,8148,9244,1396,7717,10081,6201],"class_list":["post-19643","post","type-post","status-publish","format-standard","has-post-thumbnail","hentry","category-meio-ambiente","tag-biodiversidade-2","tag-cinema-documental","tag-conservacao-ambiental","tag-cultura-doc-2","tag-documentario-2","tag-fauna-brasileira","tag-luciano-candisani","tag-meio-ambiente","tag-mudancas-climaticas","tag-natureza","tag-pantanal","tag-pantanal-planicie-das-aguas","tag-tv-cultura"],"jetpack_publicize_connections":[],"_links":{"self":[{"href":"https:\/\/cidadecult.com.br\/index.php?rest_route=\/wp\/v2\/posts\/19643","targetHints":{"allow":["GET"]}}],"collection":[{"href":"https:\/\/cidadecult.com.br\/index.php?rest_route=\/wp\/v2\/posts"}],"about":[{"href":"https:\/\/cidadecult.com.br\/index.php?rest_route=\/wp\/v2\/types\/post"}],"author":[{"embeddable":true,"href":"https:\/\/cidadecult.com.br\/index.php?rest_route=\/wp\/v2\/users\/777"}],"replies":[{"embeddable":true,"href":"https:\/\/cidadecult.com.br\/index.php?rest_route=%2Fwp%2Fv2%2Fcomments&post=19643"}],"version-history":[{"count":2,"href":"https:\/\/cidadecult.com.br\/index.php?rest_route=\/wp\/v2\/posts\/19643\/revisions"}],"predecessor-version":[{"id":19646,"href":"https:\/\/cidadecult.com.br\/index.php?rest_route=\/wp\/v2\/posts\/19643\/revisions\/19646"}],"wp:featuredmedia":[{"embeddable":true,"href":"https:\/\/cidadecult.com.br\/index.php?rest_route=\/wp\/v2\/media\/19644"}],"wp:attachment":[{"href":"https:\/\/cidadecult.com.br\/index.php?rest_route=%2Fwp%2Fv2%2Fmedia&parent=19643"}],"wp:term":[{"taxonomy":"category","embeddable":true,"href":"https:\/\/cidadecult.com.br\/index.php?rest_route=%2Fwp%2Fv2%2Fcategories&post=19643"},{"taxonomy":"post_tag","embeddable":true,"href":"https:\/\/cidadecult.com.br\/index.php?rest_route=%2Fwp%2Fv2%2Ftags&post=19643"}],"curies":[{"name":"wp","href":"https:\/\/api.w.org\/{rel}","templated":true}]}}