{"id":19639,"date":"2026-09-01T12:01:28","date_gmt":"2026-09-01T15:01:28","guid":{"rendered":"https:\/\/cidadecult.com.br\/?p=19639"},"modified":"2026-09-01T12:01:30","modified_gmt":"2026-09-01T15:01:30","slug":"caminhos-de-exu-celebra-ancestralidade-e-resistencia-com-programacao-gratuita-em-brasilia","status":"publish","type":"post","link":"https:\/\/cidadecult.com.br\/?p=19639","title":{"rendered":"Caminhos de Ex\u00fa celebra ancestralidade e resist\u00eancia com programa\u00e7\u00e3o gratuita em Bras\u00edlia"},"content":{"rendered":"\n<h3 class=\"wp-block-heading\">Segunda edi\u00e7\u00e3o acontece em 7 de setembro, na Pra\u00e7a das Av\u00f3s, na 506 Sul, com Batal\u00e1, Samba do Il\u00ea, Makumb\u00e1, DJ Vini Black, Filhos de Z\u00e9, feira e microfone aberto<\/h3>\n\n\n\n<p>M\u00fasica, ancestralidade, f\u00e9, cultura e resist\u00eancia v\u00e3o ocupar a <strong>Pra\u00e7a das Av\u00f3s, na 506 Sul<\/strong>, no feriado de <strong>7 de setembro<\/strong>. A segunda edi\u00e7\u00e3o do <strong>Caminhos de Ex\u00fa<\/strong> re\u00fane atra\u00e7\u00f5es culturais a partir das 13h, na \u00e1rea da <strong>Infinu Comunidade Criativa<\/strong>, em Bras\u00edlia.<\/p>\n\n\n\n<p>Com entrada gratuita mediante a doa\u00e7\u00e3o de <strong>1 kg de alimento n\u00e3o perec\u00edvel<\/strong>, o evento \u00e9 aberto a todos os p\u00fablicos e prop\u00f5e um encontro em torno das tradi\u00e7\u00f5es de matriz africana, da conviv\u00eancia e do combate ao preconceito e ao racismo religioso.<\/p>\n\n\n\n<figure class=\"wp-block-image size-large\"><img loading=\"lazy\" decoding=\"async\" width=\"712\" height=\"1024\" src=\"https:\/\/cidadecult.com.br\/wp-content\/uploads\/2026\/09\/WhatsApp-Image-2026-08-23-at-15.13.10-712x1024.jpeg\" alt=\"\" class=\"wp-image-19640\" srcset=\"https:\/\/cidadecult.com.br\/wp-content\/uploads\/2026\/09\/WhatsApp-Image-2026-08-23-at-15.13.10-712x1024.jpeg 712w, https:\/\/cidadecult.com.br\/wp-content\/uploads\/2026\/09\/WhatsApp-Image-2026-08-23-at-15.13.10-209x300.jpeg 209w, https:\/\/cidadecult.com.br\/wp-content\/uploads\/2026\/09\/WhatsApp-Image-2026-08-23-at-15.13.10-768x1104.jpeg 768w, https:\/\/cidadecult.com.br\/wp-content\/uploads\/2026\/09\/WhatsApp-Image-2026-08-23-at-15.13.10-1068x1536.jpeg 1068w, https:\/\/cidadecult.com.br\/wp-content\/uploads\/2026\/09\/WhatsApp-Image-2026-08-23-at-15.13.10-750x1078.jpeg 750w, https:\/\/cidadecult.com.br\/wp-content\/uploads\/2026\/09\/WhatsApp-Image-2026-08-23-at-15.13.10.jpeg 1080w\" sizes=\"auto, (max-width: 712px) 100vw, 712px\" \/><figcaption class=\"wp-element-caption\">Divulga\u00e7\u00e3o<\/figcaption><\/figure>\n\n\n\n<p>A programa\u00e7\u00e3o re\u00fane <strong>DJ Vini Black, Batal\u00e1, Samba do Il\u00ea, Filhos de Z\u00e9<\/strong> e a banda <strong>Makumb\u00e1<\/strong>, comandada por <strong>Kika Ribeiro<\/strong>. O p\u00fablico tamb\u00e9m encontrar\u00e1 feira e espa\u00e7o de microfone aberto.<\/p>\n\n\n\n<h2 class=\"wp-block-heading\">Cultura e resist\u00eancia ocupam a 506 Sul<\/h2>\n\n\n\n<p>Idealizado por <strong>Kika Ribeiro<\/strong> e produzido por <strong>M\u00e1rcia Ramos<\/strong>, o Caminhos de Ex\u00fa busca transformar o espa\u00e7o p\u00fablico em lugar de celebra\u00e7\u00e3o, visibilidade e di\u00e1logo.<\/p>\n\n\n\n<p>Mais do que reunir apresenta\u00e7\u00f5es musicais, o projeto chama aten\u00e7\u00e3o para a for\u00e7a das tradi\u00e7\u00f5es afro-brasileiras e para a necessidade de enfrentar estigmas ainda associados \u00e0s religi\u00f5es de matriz africana.<\/p>\n\n\n\n<p>\u201cO Caminhos de Ex\u00fa \u00e9 muito mais do que um evento. \u00c9 um momento de combater o preconceito e o racismo religioso, ocupar nossos espa\u00e7os e mostrar a for\u00e7a e a beleza das nossas tradi\u00e7\u00f5es\u201d, destaca M\u00e1rcia Ramos.<\/p>\n\n\n\n<p>A escolha do <strong>7 de Setembro<\/strong>, data da Independ\u00eancia do Brasil, amplia o significado simb\u00f3lico da programa\u00e7\u00e3o ao colocar no centro da celebra\u00e7\u00e3o express\u00f5es culturais e tradi\u00e7\u00f5es fundamentais para a forma\u00e7\u00e3o da identidade brasileira.<\/p>\n\n\n\n<h2 class=\"wp-block-heading\">M\u00fasica, feira e encontro na Pra\u00e7a das Av\u00f3s<\/h2>\n\n\n\n<p>A diversidade musical tamb\u00e9m d\u00e1 o tom da programa\u00e7\u00e3o. Percuss\u00e3o, samba, discotecagem e refer\u00eancias afro-brasileiras se encontram ao longo da tarde e da noite.<\/p>\n\n\n\n<p>A presen\u00e7a do <strong>Batal\u00e1<\/strong>, projeto conhecido pela for\u00e7a dos tambores, divide espa\u00e7o com o Samba do Il\u00ea, Filhos de Z\u00e9, DJ Vini Black e a Makumb\u00e1.<\/p>\n\n\n\n<p>Com feira e microfone aberto, a proposta ultrapassa o formato tradicional de show e transforma a Pra\u00e7a das Av\u00f3s em ambiente de circula\u00e7\u00e3o, troca e express\u00e3o cultural.<\/p>\n\n\n\n<p>A Infinu est\u00e1 instalada na <strong>CRS 506, Bloco A, Loja 67, Asa Sul<\/strong>, junto \u00e0 Pra\u00e7a das Av\u00f3s. A pr\u00f3pria agenda do espa\u00e7o confirma a realiza\u00e7\u00e3o do Caminhos de Ex\u00fa no dia 7, \u00e0s 13h.<\/p>\n\n\n\n<h2 class=\"wp-block-heading\">Servi\u00e7o<\/h2>\n\n\n\n<p><strong>2\u00aa edi\u00e7\u00e3o do Caminhos de Ex\u00fa<\/strong><br><strong>Data:<\/strong> 7 de setembro de 2026, segunda-feira<br><strong>Hor\u00e1rio:<\/strong> a partir das 13h<br><strong>Local:<\/strong> Pra\u00e7a das Av\u00f3s \/ Infinu Comunidade Criativa<br><strong>Endere\u00e7o:<\/strong> CRS 506, Bloco A, Loja 67 \u2014 Asa Sul, Bras\u00edlia (DF)<br><strong>Atra\u00e7\u00f5es:<\/strong> DJ Vini Black, Batal\u00e1, Samba do Il\u00ea, Filhos de Z\u00e9 e Makumb\u00e1, com Kika Ribeiro<br><strong>Entrada:<\/strong> gratuita mediante doa\u00e7\u00e3o de 1 kg de alimento n\u00e3o perec\u00edvel<br><strong>Classifica\u00e7\u00e3o:<\/strong> livre<br><strong>Informa\u00e7\u00f5es:<\/strong> Instagram @caminhosdeexudf<\/p>\n","protected":false},"excerpt":{"rendered":"<p>Segunda edi\u00e7\u00e3o acontece em 7 de setembro, na Pra\u00e7a das Av\u00f3s, na 506 Sul, com Batal\u00e1, Samba do Il\u00ea, Makumb\u00e1, DJ Vini Black, Filhos de Z\u00e9, feira e microfone aberto M\u00fasica, ancestralidade, f\u00e9, cultura e resist\u00eancia v\u00e3o ocupar a Pra\u00e7a das Av\u00f3s, na 506 Sul, no feriado de 7 de setembro. A segunda edi\u00e7\u00e3o do [&hellip;]<\/p>\n","protected":false},"author":777,"featured_media":19641,"comment_status":"open","ping_status":"open","sticky":false,"template":"","format":"standard","meta":{"_monsterinsights_skip_tracking":false,"footnotes":"","jetpack_publicize_message":"","jetpack_publicize_feature_enabled":true,"jetpack_social_post_already_shared":true,"jetpack_social_options":{"image_generator_settings":{"template":"highway","default_image_id":0,"font":"","enabled":false},"version":2}},"categories":[39],"tags":[10077,10070,6544,10068,10069,61,10071,10079,5803,5695,10074,10078,10075,350,10073,10076,10072],"class_list":["post-19639","post","type-post","status-publish","format-standard","has-post-thumbnail","hentry","category-economics","tag-506-sul","tag-7-de-setembro","tag-agenda-cultural-brasilia","tag-ancestralidade","tag-batala","tag-brasilia","tag-caminhos-de-exu","tag-combate-ao-racismo-religioso","tag-cultura-afro-brasileira","tag-diversidade-2","tag-dj-vini-black","tag-eventos-gratuitos-em-brasilia","tag-filhos-de-ze","tag-infinu","tag-makumba","tag-praca-das-avos","tag-samba-do-ile"],"jetpack_publicize_connections":[],"_links":{"self":[{"href":"https:\/\/cidadecult.com.br\/index.php?rest_route=\/wp\/v2\/posts\/19639","targetHints":{"allow":["GET"]}}],"collection":[{"href":"https:\/\/cidadecult.com.br\/index.php?rest_route=\/wp\/v2\/posts"}],"about":[{"href":"https:\/\/cidadecult.com.br\/index.php?rest_route=\/wp\/v2\/types\/post"}],"author":[{"embeddable":true,"href":"https:\/\/cidadecult.com.br\/index.php?rest_route=\/wp\/v2\/users\/777"}],"replies":[{"embeddable":true,"href":"https:\/\/cidadecult.com.br\/index.php?rest_route=%2Fwp%2Fv2%2Fcomments&post=19639"}],"version-history":[{"count":1,"href":"https:\/\/cidadecult.com.br\/index.php?rest_route=\/wp\/v2\/posts\/19639\/revisions"}],"predecessor-version":[{"id":19642,"href":"https:\/\/cidadecult.com.br\/index.php?rest_route=\/wp\/v2\/posts\/19639\/revisions\/19642"}],"wp:featuredmedia":[{"embeddable":true,"href":"https:\/\/cidadecult.com.br\/index.php?rest_route=\/wp\/v2\/media\/19641"}],"wp:attachment":[{"href":"https:\/\/cidadecult.com.br\/index.php?rest_route=%2Fwp%2Fv2%2Fmedia&parent=19639"}],"wp:term":[{"taxonomy":"category","embeddable":true,"href":"https:\/\/cidadecult.com.br\/index.php?rest_route=%2Fwp%2Fv2%2Fcategories&post=19639"},{"taxonomy":"post_tag","embeddable":true,"href":"https:\/\/cidadecult.com.br\/index.php?rest_route=%2Fwp%2Fv2%2Ftags&post=19639"}],"curies":[{"name":"wp","href":"https:\/\/api.w.org\/{rel}","templated":true}]}}