{"id":19636,"date":"2026-09-01T11:50:02","date_gmt":"2026-09-01T14:50:02","guid":{"rendered":"https:\/\/cidadecult.com.br\/?p=19636"},"modified":"2026-09-01T11:50:04","modified_gmt":"2026-09-01T14:50:04","slug":"fernanda-paes-leme-fala-sobre-maternidade-culpa-e-reencontro-com-a-propria-identidade","status":"publish","type":"post","link":"https:\/\/cidadecult.com.br\/?p=19636","title":{"rendered":"Fernanda Paes Leme fala sobre maternidade, culpa e reencontro com a pr\u00f3pria identidade"},"content":{"rendered":"\n<h3 class=\"wp-block-heading\">Atriz participa de \u201cNa Palma da Mari \u2013 Entre Mulheres\u201d e conta como a chegada da filha Pilar transformou sua vida sem apagar a mulher que existia antes da maternidade<\/h3>\n\n\n\n<p>A maternidade transformou profundamente a vida de <strong>Fernanda Paes Leme<\/strong>, mas n\u00e3o apagou sua identidade. \u00c9 sobre esse processo de mudan\u00e7a, culpa, descobertas e retomada da vida pessoal e profissional que a atriz fala no terceiro epis\u00f3dio da nova temporada de <strong>\u201cNa Palma da Mari \u2013 Entre Mulheres\u201d<\/strong>, apresentado por <strong>Mari Palma<\/strong>.<\/p>\n\n\n\n<p>Ao lado da psic\u00f3loga <strong>Dra. Liliana Seger<\/strong>, Fernanda reflete sobre os desafios de conciliar maternidade, relacionamentos, carreira e a necessidade de preservar espa\u00e7os de individualidade depois da chegada de um filho.<\/p>\n\n\n\n<p>O epis\u00f3dio estreia nesta <strong>quinta-feira, 3 de setembro, \u00e0s 20h<\/strong>, no YouTube do CNN Pop, e ser\u00e1 exibido pela <strong>CNN Brasil no s\u00e1bado, 5 de setembro, \u00e0s 22h45<\/strong>.<\/p>\n\n\n\n<h2 class=\"wp-block-heading\">\u201cA maternidade me transformou, mas n\u00e3o substituiu quem eu era\u201d<\/h2>\n\n\n\n<p>M\u00e3e de Pilar, fruto de seu antigo relacionamento com Victor Sampaio, Fernanda tornou-se m\u00e3e aos 40 anos. No programa, ela conta que a experi\u00eancia alterou sua forma de enxergar a pr\u00f3pria vida, mas tamb\u00e9m despertou, depois dos primeiros meses, a necessidade de voltar a reconhecer a mulher que existia antes da maternidade.<\/p>\n\n\n\n<p>\u201cA maternidade me mudou, me transformou muito, mas ela n\u00e3o substituiu quem eu era\u201d, afirma.<\/p>\n\n\n\n<p>Depois de um per\u00edodo quase totalmente dedicado \u00e0 filha, Fernanda percebeu que sentia falta de aspectos de sua antiga rotina e come\u00e7ou a buscar uma nova identidade que pudesse reunir as diferentes vers\u00f5es de si mesma.<\/p>\n\n\n\n<p>\u201cComecei a sentir saudade de quem eu era e tamb\u00e9m querer descobrir quem \u00e9 essa nova Fernanda para al\u00e9m do maternar\u201d, conta.<\/p>\n\n\n\n<h2 class=\"wp-block-heading\">Culpa materna entra no centro da conversa<\/h2>\n\n\n\n<p>A retomada dos compromissos pessoais tamb\u00e9m trouxe um sentimento conhecido por muitas m\u00e3es: a culpa.<\/p>\n\n\n\n<p>Fernanda relata que, nas primeiras vezes em que deixou a filha sob os cuidados do pai ou de sua rede de apoio para sair ou se divertir, passou a questionar se deveria estar em casa.<\/p>\n\n\n\n<p>Para <strong>Liliana Seger<\/strong>, parte dessa cobran\u00e7a pode estar t\u00e3o internalizada que n\u00e3o depende necessariamente da cr\u00edtica de outras pessoas.<\/p>\n\n\n\n<p>A psic\u00f3loga chama aten\u00e7\u00e3o para a expectativa de que m\u00e3es estejam sempre dispon\u00edveis e consigam administrar todas as responsabilidades sem erros. Segundo ela, esse ideal contribui para uma culpa intensa e para a sensa\u00e7\u00e3o permanente de que \u00e9 preciso \u201cdar conta\u201d de tudo.<\/p>\n\n\n\n<p>A conversa coloca em perspectiva uma quest\u00e3o que ultrapassa a experi\u00eancia individual de Fernanda: <strong>ser m\u00e3e n\u00e3o elimina outras dimens\u00f5es da identidade feminina<\/strong>.<\/p>\n\n\n\n<h2 class=\"wp-block-heading\">Reencontro com os amigos e com a vida antes da maternidade<\/h2>\n\n\n\n<p>Um dos momentos lembrados pela atriz aconteceu durante o anivers\u00e1rio de 50 anos de <strong>Preta Gil<\/strong>.<\/p>\n\n\n\n<p>Ainda amamentando, Fernanda levou uma bomba para retirar leite e decidiu participar da comemora\u00e7\u00e3o. Mais do que uma sa\u00edda com amigos, o epis\u00f3dio se tornou simb\u00f3lico para sua retomada pessoal.<\/p>\n\n\n\n<p>\u201cFoi muito importante para mim reencontrar esses meus amigos\u201d, recorda. Naquele momento, ela conta ter se sentido novamente conectada \u00e0 \u201cF\u00ea Paes Leme\u201d que existia antes do nascimento de Pilar.<\/p>\n\n\n\n<p>A experi\u00eancia tamb\u00e9m evidencia como pequenos retornos \u00e0 rotina podem adquirir novos significados depois da maternidade.<\/p>\n\n\n\n<h2 class=\"wp-block-heading\">Trabalho tamb\u00e9m fez parte da reconstru\u00e7\u00e3o<\/h2>\n\n\n\n<p>A retomada profissional aparece como outro elemento importante dessa nova fase.<\/p>\n\n\n\n<p>Fernanda conta que precisou buscar novos caminhos para trabalhar e recuperar a autoestima. Entre eles est\u00e1 a cria\u00e7\u00e3o do podcast <strong>\u201cGrande Surto\u201d<\/strong>, projeto que passou a integrar sua vida profissional depois da chegada da filha.<\/p>\n\n\n\n<p>A maternidade tamb\u00e9m mudou sua maneira de observar a experi\u00eancia de outras mulheres. A atriz reconhece que, antes de ser m\u00e3e, chegou a fazer julgamentos sobre amigas que j\u00e1 tinham filhos e que posteriormente sentiu necessidade de se desculpar.<\/p>\n\n\n\n<p>\u201cQuando a gente n\u00e3o \u00e9 m\u00e3e ou n\u00e3o tem filhos, \u00e9 muito f\u00e1cil julgar\u201d, diz.<\/p>\n\n\n\n<p>Entre experi\u00eancias pessoais e a an\u00e1lise psicol\u00f3gica de Liliana Seger, o novo epis\u00f3dio de \u201cNa Palma da Mari\u201d prop\u00f5e uma reflex\u00e3o sobre uma maternidade que transforma profundamente a mulher, mas n\u00e3o precisa substituir tudo aquilo que ela era \u2014 ou impedir a descoberta de quem ainda pode se tornar.<\/p>\n\n\n\n<h2 class=\"wp-block-heading\">Servi\u00e7o<\/h2>\n\n\n\n<p><strong>Na Palma da Mari \u2013 Entre Mulheres<\/strong><\/p>\n\n\n\n<p><strong>Epis\u00f3dio:<\/strong> Fernanda Paes Leme e Dra. Liliana Seger<br><strong>Apresenta\u00e7\u00e3o:<\/strong> Mari Palma<br><strong>YouTube:<\/strong> CNN Pop<br><strong>Estreia:<\/strong> quinta-feira, 3 de setembro, \u00e0s 20h<br><strong>TV:<\/strong> CNN Brasil<br><strong>Exibi\u00e7\u00e3o:<\/strong> s\u00e1bado, 5 de setembro, \u00e0s 22h45<\/p>\n\n\n\n<figure class=\"wp-block-image size-full\"><img loading=\"lazy\" decoding=\"async\" width=\"800\" height=\"450\" src=\"https:\/\/cidadecult.com.br\/wp-content\/uploads\/2026\/09\/fernanda-paes-leme.jpg\" alt=\"\" class=\"wp-image-19637\" srcset=\"https:\/\/cidadecult.com.br\/wp-content\/uploads\/2026\/09\/fernanda-paes-leme.jpg 800w, https:\/\/cidadecult.com.br\/wp-content\/uploads\/2026\/09\/fernanda-paes-leme-300x169.jpg 300w, https:\/\/cidadecult.com.br\/wp-content\/uploads\/2026\/09\/fernanda-paes-leme-768x432.jpg 768w, https:\/\/cidadecult.com.br\/wp-content\/uploads\/2026\/09\/fernanda-paes-leme-750x422.jpg 750w\" sizes=\"auto, (max-width: 800px) 100vw, 800px\" \/><figcaption class=\"wp-element-caption\">(Fernanda Paes leme, Liliane Seger e Mari Palma. Divulga\u00e7\u00e3o: CNN Brasil)<\/figcaption><\/figure>\n","protected":false},"excerpt":{"rendered":"<p>Atriz participa de \u201cNa Palma da Mari \u2013 Entre Mulheres\u201d e conta como a chegada da filha Pilar transformou sua vida sem apagar a mulher que existia antes da maternidade A maternidade transformou profundamente a vida de Fernanda Paes Leme, mas n\u00e3o apagou sua identidade. \u00c9 sobre esse processo de mudan\u00e7a, culpa, descobertas e retomada [&hellip;]<\/p>\n","protected":false},"author":777,"featured_media":19637,"comment_status":"open","ping_status":"open","sticky":false,"template":"","format":"standard","meta":{"_monsterinsights_skip_tracking":false,"footnotes":"","jetpack_publicize_message":"","jetpack_publicize_feature_enabled":true,"jetpack_social_post_already_shared":true,"jetpack_social_options":{"image_generator_settings":{"template":"highway","default_image_id":0,"font":"","enabled":false},"version":2}},"categories":[36],"tags":[189,7834,10067,5665,10066,10060,7485,10061,10063,8673,10064,105,10062,10065],"class_list":["post-19636","post","type-post","status-publish","format-standard","has-post-thumbnail","hentry","category-technology","tag-carreira","tag-cnn-brasil","tag-cnn-pop","tag-comportamento","tag-culpa-materna","tag-fernanda-paes-leme","tag-identidade-feminina","tag-liliana-seger","tag-mari-palma","tag-maternidade","tag-maternidade-aos-40","tag-mulheres","tag-na-palma-da-mari","tag-pilar"],"jetpack_publicize_connections":[],"_links":{"self":[{"href":"https:\/\/cidadecult.com.br\/index.php?rest_route=\/wp\/v2\/posts\/19636","targetHints":{"allow":["GET"]}}],"collection":[{"href":"https:\/\/cidadecult.com.br\/index.php?rest_route=\/wp\/v2\/posts"}],"about":[{"href":"https:\/\/cidadecult.com.br\/index.php?rest_route=\/wp\/v2\/types\/post"}],"author":[{"embeddable":true,"href":"https:\/\/cidadecult.com.br\/index.php?rest_route=\/wp\/v2\/users\/777"}],"replies":[{"embeddable":true,"href":"https:\/\/cidadecult.com.br\/index.php?rest_route=%2Fwp%2Fv2%2Fcomments&post=19636"}],"version-history":[{"count":1,"href":"https:\/\/cidadecult.com.br\/index.php?rest_route=\/wp\/v2\/posts\/19636\/revisions"}],"predecessor-version":[{"id":19638,"href":"https:\/\/cidadecult.com.br\/index.php?rest_route=\/wp\/v2\/posts\/19636\/revisions\/19638"}],"wp:featuredmedia":[{"embeddable":true,"href":"https:\/\/cidadecult.com.br\/index.php?rest_route=\/wp\/v2\/media\/19637"}],"wp:attachment":[{"href":"https:\/\/cidadecult.com.br\/index.php?rest_route=%2Fwp%2Fv2%2Fmedia&parent=19636"}],"wp:term":[{"taxonomy":"category","embeddable":true,"href":"https:\/\/cidadecult.com.br\/index.php?rest_route=%2Fwp%2Fv2%2Fcategories&post=19636"},{"taxonomy":"post_tag","embeddable":true,"href":"https:\/\/cidadecult.com.br\/index.php?rest_route=%2Fwp%2Fv2%2Ftags&post=19636"}],"curies":[{"name":"wp","href":"https:\/\/api.w.org\/{rel}","templated":true}]}}