{"id":19628,"date":"2026-09-01T11:22:50","date_gmt":"2026-09-01T14:22:50","guid":{"rendered":"https:\/\/cidadecult.com.br\/?p=19628"},"modified":"2026-09-01T11:22:53","modified_gmt":"2026-09-01T14:22:53","slug":"piri-sunset-2026-reune-bhaskar-liu-bruno-be-e-tilia-em-pirenopolis-neste-fim-de-semana","status":"publish","type":"post","link":"https:\/\/cidadecult.com.br\/?p=19628","title":{"rendered":"Piri Sunset 2026 re\u00fane Bhaskar, Liu, Bruno Be e T\u00edlia em Piren\u00f3polis neste fim de semana"},"content":{"rendered":"\n<h3 class=\"wp-block-heading\">Festival acontece nos dias 5 e 6 de setembro, no Piri Lounge, e estreia formato com dois dias de m\u00fasica, gastronomia e p\u00f4r do sol na Serra dos Pireneus<\/h3>\n\n\n\n<p>Piren\u00f3polis ganha uma trilha sonora especial neste fim de semana. A quarta edi\u00e7\u00e3o do <strong>Piri Sunset 2026<\/strong> acontece no <strong>s\u00e1bado (5) e domingo (6) de setembro<\/strong>, no Piri Lounge, reunindo nomes como <strong>Bhaskar, Liu, Bruno Be e T\u00edlia<\/strong> em dois dias que transitam entre m\u00fasica eletr\u00f4nica, house, funk e sonoridades urbanas.<\/p>\n\n\n\n<p>A edi\u00e7\u00e3o marca uma novidade na trajet\u00f3ria do festival: pela primeira vez, o Piri Sunset ocupa dois dias de programa\u00e7\u00e3o. A proposta \u00e9 aproveitar um dos cart\u00f5es-postais naturais mais conhecidos da regi\u00e3o \u2014 o p\u00f4r do sol sobre a Serra dos Pireneus \u2014 e estender a experi\u00eancia at\u00e9 a madrugada, combinando m\u00fasica, gastronomia, drinks e cenografia.<\/p>\n\n\n\n<h2 class=\"wp-block-heading\">House music abre o Piri Sunset no s\u00e1bado<\/h2>\n\n\n\n<p>No <strong>s\u00e1bado, 5 de setembro<\/strong>, o festival concentra sua programa\u00e7\u00e3o na m\u00fasica eletr\u00f4nica e no open format. <strong>Liu, Bhaskar e Bruno Be<\/strong> est\u00e3o entre as principais atra\u00e7\u00f5es da noite, que tamb\u00e9m conta com <strong>Will e Math Gomes<\/strong>.<\/p>\n\n\n\n<figure class=\"wp-block-image size-large\"><img loading=\"lazy\" decoding=\"async\" width=\"1024\" height=\"683\" src=\"https:\/\/cidadecult.com.br\/wp-content\/uploads\/2026\/09\/BRUNO-BE-1-1024x683.jpg\" alt=\"\" class=\"wp-image-19633\" srcset=\"https:\/\/cidadecult.com.br\/wp-content\/uploads\/2026\/09\/BRUNO-BE-1-1024x683.jpg 1024w, https:\/\/cidadecult.com.br\/wp-content\/uploads\/2026\/09\/BRUNO-BE-1-300x200.jpg 300w, https:\/\/cidadecult.com.br\/wp-content\/uploads\/2026\/09\/BRUNO-BE-1-768x512.jpg 768w, https:\/\/cidadecult.com.br\/wp-content\/uploads\/2026\/09\/BRUNO-BE-1-1536x1024.jpg 1536w, https:\/\/cidadecult.com.br\/wp-content\/uploads\/2026\/09\/BRUNO-BE-1-2048x1365.jpg 2048w, https:\/\/cidadecult.com.br\/wp-content\/uploads\/2026\/09\/BRUNO-BE-1-750x500.jpg 750w, https:\/\/cidadecult.com.br\/wp-content\/uploads\/2026\/09\/BRUNO-BE-1-1140x760.jpg 1140w\" sizes=\"auto, (max-width: 1024px) 100vw, 1024px\" \/><figcaption class=\"wp-element-caption\">Bruno Be &#8211; Divulga\u00e7\u00e3o<\/figcaption><\/figure>\n\n\n\n<p>Os port\u00f5es abrem \u00e0s 16h, hor\u00e1rio pensado para que o p\u00fablico acompanhe a mudan\u00e7a de cen\u00e1rio entre o fim da tarde, o p\u00f4r do sol e a chegada da noite.<\/p>\n\n\n\n<p>Bhaskar, Liu e Bruno Be est\u00e3o entre os DJs brasileiros com presen\u00e7a consolidada na cena eletr\u00f4nica nacional, e a escolha dos artistas refor\u00e7a a proposta do primeiro dia de manter a pista voltada ao house e suas diferentes vertentes.<\/p>\n\n\n\n<h2 class=\"wp-block-heading\">T\u00edlia e B de Baile comandam o domingo<\/h2>\n\n\n\n<figure class=\"wp-block-image size-large\"><img loading=\"lazy\" decoding=\"async\" width=\"683\" height=\"1024\" src=\"https:\/\/cidadecult.com.br\/wp-content\/uploads\/2026\/09\/TILIA-1-683x1024.jpg\" alt=\"\" class=\"wp-image-19634\" srcset=\"https:\/\/cidadecult.com.br\/wp-content\/uploads\/2026\/09\/TILIA-1-683x1024.jpg 683w, https:\/\/cidadecult.com.br\/wp-content\/uploads\/2026\/09\/TILIA-1-200x300.jpg 200w, https:\/\/cidadecult.com.br\/wp-content\/uploads\/2026\/09\/TILIA-1-768x1152.jpg 768w, https:\/\/cidadecult.com.br\/wp-content\/uploads\/2026\/09\/TILIA-1-1024x1536.jpg 1024w, https:\/\/cidadecult.com.br\/wp-content\/uploads\/2026\/09\/TILIA-1-1365x2048.jpg 1365w, https:\/\/cidadecult.com.br\/wp-content\/uploads\/2026\/09\/TILIA-1-750x1125.jpg 750w, https:\/\/cidadecult.com.br\/wp-content\/uploads\/2026\/09\/TILIA-1-1140x1710.jpg 1140w, https:\/\/cidadecult.com.br\/wp-content\/uploads\/2026\/09\/TILIA-1-scaled.jpg 1707w\" sizes=\"auto, (max-width: 683px) 100vw, 683px\" \/><figcaption class=\"wp-element-caption\">Tilia &#8211; Divulga\u00e7\u00e3o <\/figcaption><\/figure>\n\n\n\n<p>No <strong>domingo, 6 de setembro<\/strong>, v\u00e9spera do feriado da Independ\u00eancia do Brasil, a programa\u00e7\u00e3o muda de ritmo e se aproxima da m\u00fasica urbana.<\/p>\n\n\n\n<p>A <strong>B de Baile<\/strong>, comandada por <strong>Ariel B<\/strong>, integra o line-up ao lado de <strong>T\u00edlia<\/strong> e <strong>Vilela<\/strong>. Cantora ligada \u00e0s cenas pop, funk e urbana, T\u00edlia chega a Piren\u00f3polis como um dos destaques da segunda noite.<\/p>\n\n\n\n<p>A mudan\u00e7a de sonoridade entre os dois dias amplia o perfil do festival e permite que o Piri Sunset dialogue com p\u00fablicos diferentes sem abandonar a proposta que acompanha o evento desde sua cria\u00e7\u00e3o.<\/p>\n\n\n\n<h2 class=\"wp-block-heading\">M\u00fasica, gastronomia e a paisagem de Piren\u00f3polis<\/h2>\n\n\n\n<p>Al\u00e9m dos shows, a experi\u00eancia do Piri Sunset inclui gastronomia, carta de drinks, cenografia preparada para o evento e a vista da <strong>Serra dos Pireneus<\/strong>.<\/p>\n\n\n\n<p>Desde sua primeira edi\u00e7\u00e3o, o festival j\u00e1 recebeu artistas como <strong>Cat Dealers, KVSH, JetLag, Ashibah e FatSync<\/strong>, ajudando a incorporar o evento ao calend\u00e1rio de entretenimento de Piren\u00f3polis.<\/p>\n\n\n\n<p>Em 2026, a amplia\u00e7\u00e3o para dois dias refor\u00e7a tamb\u00e9m a voca\u00e7\u00e3o tur\u00edstica da cidade durante o fim de semana prolongado do feriado de 7 de Setembro.<\/p>\n\n\n\n<h2 class=\"wp-block-heading\">Servi\u00e7o \u2014 Piri Sunset 2026<\/h2>\n\n\n\n<p><strong>Quando:<\/strong> 5 e 6 de setembro de 2026 \u2014 s\u00e1bado e domingo<br><strong>Hor\u00e1rio:<\/strong> abertura dos port\u00f5es \u00e0s 16h; programa\u00e7\u00e3o at\u00e9 as 2h<br><strong>Onde:<\/strong> Piri Lounge \u2014 GO-225, km 4, zona rural de Piren\u00f3polis (GO)<br><strong>5 de setembro:<\/strong> Liu, Bhaskar, Bruno Be, Will e Math Gomes<br><strong>6 de setembro:<\/strong> Ariel B, T\u00edlia e Vilela<br><strong>Classifica\u00e7\u00e3o:<\/strong> 18 anos<br><strong>Ingressos:<\/strong> Ingresseiro \u2014 ingresseiro.com.br<\/p>\n\n\n\n<p><\/p>\n","protected":false},"excerpt":{"rendered":"<p>Festival acontece nos dias 5 e 6 de setembro, no Piri Lounge, e estreia formato com dois dias de m\u00fasica, gastronomia e p\u00f4r do sol na Serra dos Pireneus Piren\u00f3polis ganha uma trilha sonora especial neste fim de semana. A quarta edi\u00e7\u00e3o do Piri Sunset 2026 acontece no s\u00e1bado (5) e domingo (6) de setembro, [&hellip;]<\/p>\n","protected":false},"author":777,"featured_media":19630,"comment_status":"open","ping_status":"open","sticky":false,"template":"","format":"standard","meta":{"_monsterinsights_skip_tracking":false,"footnotes":"","jetpack_publicize_message":"","jetpack_publicize_feature_enabled":true,"jetpack_social_post_already_shared":true,"jetpack_social_options":{"image_generator_settings":{"template":"highway","default_image_id":0,"font":"","enabled":false},"version":2}},"categories":[41,6],"tags":[10052,10054,10056,10059,1116,10058,9583,10049,8237,10053,10055,10050,10048,10057,10051],"class_list":["post-19628","post","type-post","status-publish","format-standard","has-post-thumbnail","hentry","category-agenda","category-music","tag-bhaskar","tag-bruno-be","tag-eventos-em-pirenopolis","tag-feriado-de-7-de-setembro","tag-funk","tag-goias","tag-house-music","tag-liu","tag-musica-eletronica","tag-pirenopolis-2","tag-piri-lounge","tag-piri-sunset","tag-piri-sunset-2026","tag-serra-dos-pireneus","tag-tilia"],"jetpack_publicize_connections":[],"_links":{"self":[{"href":"https:\/\/cidadecult.com.br\/index.php?rest_route=\/wp\/v2\/posts\/19628","targetHints":{"allow":["GET"]}}],"collection":[{"href":"https:\/\/cidadecult.com.br\/index.php?rest_route=\/wp\/v2\/posts"}],"about":[{"href":"https:\/\/cidadecult.com.br\/index.php?rest_route=\/wp\/v2\/types\/post"}],"author":[{"embeddable":true,"href":"https:\/\/cidadecult.com.br\/index.php?rest_route=\/wp\/v2\/users\/777"}],"replies":[{"embeddable":true,"href":"https:\/\/cidadecult.com.br\/index.php?rest_route=%2Fwp%2Fv2%2Fcomments&post=19628"}],"version-history":[{"count":1,"href":"https:\/\/cidadecult.com.br\/index.php?rest_route=\/wp\/v2\/posts\/19628\/revisions"}],"predecessor-version":[{"id":19635,"href":"https:\/\/cidadecult.com.br\/index.php?rest_route=\/wp\/v2\/posts\/19628\/revisions\/19635"}],"wp:featuredmedia":[{"embeddable":true,"href":"https:\/\/cidadecult.com.br\/index.php?rest_route=\/wp\/v2\/media\/19630"}],"wp:attachment":[{"href":"https:\/\/cidadecult.com.br\/index.php?rest_route=%2Fwp%2Fv2%2Fmedia&parent=19628"}],"wp:term":[{"taxonomy":"category","embeddable":true,"href":"https:\/\/cidadecult.com.br\/index.php?rest_route=%2Fwp%2Fv2%2Fcategories&post=19628"},{"taxonomy":"post_tag","embeddable":true,"href":"https:\/\/cidadecult.com.br\/index.php?rest_route=%2Fwp%2Fv2%2Ftags&post=19628"}],"curies":[{"name":"wp","href":"https:\/\/api.w.org\/{rel}","templated":true}]}}