{"id":19625,"date":"2026-09-01T10:25:38","date_gmt":"2026-09-01T13:25:38","guid":{"rendered":"https:\/\/cidadecult.com.br\/?p=19625"},"modified":"2026-09-01T10:25:41","modified_gmt":"2026-09-01T13:25:41","slug":"gloria-groove-surge-como-elfa-e-e-confirmada-com-iza-e-pedro-sampaio-no-halloween-da-sephora-2026","status":"publish","type":"post","link":"https:\/\/cidadecult.com.br\/?p=19625","title":{"rendered":"Gloria Groove surge como elfa e \u00e9 confirmada com IZA e Pedro Sampaio no Halloween da Sephora 2026"},"content":{"rendered":"\n<p><strong>Com o tema \u201cAs Sombras da Floresta\u201d, s\u00e9tima edi\u00e7\u00e3o do baile acontece em 15 de outubro, no Hotel Unique, em S\u00e3o Paulo, e ter\u00e1 ainda Sabrina Sato entre as madrinhas<\/strong><\/p>\n\n\n\n<p>Gloria Groove entrou no clima de Halloween antes mesmo da chegada de outubro. A artista surgiu caracterizada como <strong>elfa<\/strong> durante a apresenta\u00e7\u00e3o da s\u00e9tima edi\u00e7\u00e3o do <strong>Baile de Halloween da Sephora<\/strong>, realizada nesta segunda-feira (31), em S\u00e3o Paulo.<\/p>\n\n\n\n<p>A produ\u00e7\u00e3o antecipa o universo escolhido para a festa deste ano: <strong>\u201cAs Sombras da Floresta\u201d<\/strong>, conceito inspirado em seres m\u00edsticos, natureza, mist\u00e9rio e transforma\u00e7\u00e3o.<\/p>\n\n\n\n<p>Marcado para <strong>15 de outubro<\/strong>, o Halloween da Sephora 2026 retorna ao <strong>Hotel Unique<\/strong>, em S\u00e3o Paulo, e ter\u00e1 shows de <strong>Gloria Groove, IZA e Pedro Sampaio<\/strong>. Sabrina Sato completa o time de madrinhas e padrinho da edi\u00e7\u00e3o.<\/p>\n\n\n\n<figure class=\"wp-block-image size-large\"><img loading=\"lazy\" decoding=\"async\" width=\"819\" height=\"1024\" src=\"https:\/\/cidadecult.com.br\/wp-content\/uploads\/2026\/08\/IMG_8566.JPG-1-819x1024.jpeg\" alt=\"\" class=\"wp-image-19626\" srcset=\"https:\/\/cidadecult.com.br\/wp-content\/uploads\/2026\/08\/IMG_8566.JPG-1-819x1024.jpeg 819w, https:\/\/cidadecult.com.br\/wp-content\/uploads\/2026\/08\/IMG_8566.JPG-1-240x300.jpeg 240w, https:\/\/cidadecult.com.br\/wp-content\/uploads\/2026\/08\/IMG_8566.JPG-1-768x960.jpeg 768w, https:\/\/cidadecult.com.br\/wp-content\/uploads\/2026\/08\/IMG_8566.JPG-1-1229x1536.jpeg 1229w, https:\/\/cidadecult.com.br\/wp-content\/uploads\/2026\/08\/IMG_8566.JPG-1-1638x2048.jpeg 1638w, https:\/\/cidadecult.com.br\/wp-content\/uploads\/2026\/08\/IMG_8566.JPG-1-750x938.jpeg 750w, https:\/\/cidadecult.com.br\/wp-content\/uploads\/2026\/08\/IMG_8566.JPG-1-1140x1425.jpeg 1140w, https:\/\/cidadecult.com.br\/wp-content\/uploads\/2026\/08\/IMG_8566.JPG-1-scaled.jpeg 2048w\" sizes=\"auto, (max-width: 819px) 100vw, 819px\" \/><\/figure>\n\n\n\n<h2 class=\"wp-block-heading\">Gloria Groove e IZA dividem o palco<\/h2>\n\n\n\n<p>Um dos principais destaques da programa\u00e7\u00e3o ser\u00e1 o encontro entre <strong>Gloria Groove e IZA<\/strong>, que completam dez anos de carreira em 2026.<\/p>\n\n\n\n<p>Gloria prepara uma apresenta\u00e7\u00e3o in\u00e9dita para o baile e receber\u00e1 IZA no palco. As duas artistas j\u00e1 dividiram apresenta\u00e7\u00f5es em outros momentos da carreira e agora retomam a parceria em uma noite dedicada \u00e0 m\u00fasica, \u00e0 moda, \u00e0 maquiagem e \u00e0 performance.<\/p>\n\n\n\n<p>Al\u00e9m de atra\u00e7\u00e3o musical, Gloria Groove assume o posto de madrinha da edi\u00e7\u00e3o. A artista tem a transforma\u00e7\u00e3o visual como uma das caracter\u00edsticas mais marcantes de seu trabalho e j\u00e1 explorou refer\u00eancias ligadas ao Halloween e ao universo fant\u00e1stico em diferentes fases da carreira.<\/p>\n\n\n\n<p>IZA tamb\u00e9m ser\u00e1 madrinha da festa.<\/p>\n\n\n\n<h2 class=\"wp-block-heading\">Pedro Sampaio retorna ao Halloween da Sephora<\/h2>\n\n\n\n<p><strong>Pedro Sampaio<\/strong> completa o line-up musical com uma apresenta\u00e7\u00e3o que mistura funk, pop e m\u00fasica eletr\u00f4nica.<\/p>\n\n\n\n<p>O DJ e cantor j\u00e1 participou do Halloween da Sephora em 2023 e voltou a se associar \u00e0 marca durante a Parada do Orgulho LGBT+ de S\u00e3o Paulo, em 2025.<\/p>\n\n\n\n<p>Em 2026, ele passa a integrar oficialmente o grupo de padrinhos do baile. A edi\u00e7\u00e3o marca ainda sua volta ao palco da festa.<\/p>\n\n\n\n<h2 class=\"wp-block-heading\">\u201cAs Sombras da Floresta\u201d<\/h2>\n\n\n\n<p>O Hotel Unique ser\u00e1 transformado para receber o conceito <strong>\u201cAs Sombras da Floresta\u201d<\/strong>. A proposta \u00e9 criar um ambiente inspirado no encontro entre luz e sombra, vegeta\u00e7\u00e3o, criaturas fant\u00e1sticas e elementos de um universo m\u00edtico.<\/p>\n\n\n\n<p>Cores, texturas, maquiagem e figurinos devem ocupar novamente papel central na festa, conhecida justamente pelas produ\u00e7\u00f5es elaboradas usadas por artistas, influenciadores e convidados.<\/p>\n\n\n\n<p>Na edi\u00e7\u00e3o de 2025, intitulada <em>A M\u00e1quina do Tempo<\/em>, nomes como <strong>Anitta, Jo\u00e3o Gomes, Agnes Nunes, Sabrina Sato e Alice Wegmann<\/strong> estiveram entre os convidados e atra\u00e7\u00f5es.<\/p>\n\n\n\n<h2 class=\"wp-block-heading\">Gloria Groove, IZA, Pedro Sampaio e Sabrina Sato s\u00e3o padrinhos<\/h2>\n\n\n\n<p>Gloria Groove, IZA e Pedro Sampaio foram anunciados oficialmente como nomes da edi\u00e7\u00e3o de 2026 e se juntam a <strong>Sabrina Sato<\/strong>, presen\u00e7a tradicional no Halloween da marca.<\/p>\n\n\n\n<p>A festa tamb\u00e9m ter\u00e1 transmiss\u00e3o ao vivo pelo perfil da Sephora no Instagram.<\/p>\n\n\n\n<p>A s\u00e9tima edi\u00e7\u00e3o refor\u00e7a a aproxima\u00e7\u00e3o do evento com diferentes linguagens da cultura pop, reunindo m\u00fasica, maquiagem, moda e performance em uma das festas de Halloween de maior repercuss\u00e3o entre artistas e influenciadores no pa\u00eds.<\/p>\n\n\n\n<h3 class=\"wp-block-heading\">Servi\u00e7o<\/h3>\n\n\n\n<p><strong>7\u00ba Baile de Halloween da Sephora<\/strong><br><strong>Tema:<\/strong> \u201cAs Sombras da Floresta\u201d<br><strong>Data:<\/strong> 15 de outubro de 2026<br><strong>Local:<\/strong> Hotel Unique, S\u00e3o Paulo<br><strong>Atra\u00e7\u00f5es musicais:<\/strong> Gloria Groove, IZA e Pedro Sampaio<br><strong>Madrinhas e padrinho:<\/strong> Gloria Groove, IZA, Sabrina Sato e Pedro Sampaio<br><strong>Transmiss\u00e3o:<\/strong> perfil oficial da Sephora no Instagram<\/p>\n\n\n\n<p><strong>Foto:<\/strong> Gloria Groove \/ Steff Lima<\/p>\n","protected":false},"excerpt":{"rendered":"<p>Com o tema \u201cAs Sombras da Floresta\u201d, s\u00e9tima edi\u00e7\u00e3o do baile acontece em 15 de outubro, no Hotel Unique, em S\u00e3o Paulo, e ter\u00e1 ainda Sabrina Sato entre as madrinhas Gloria Groove entrou no clima de Halloween antes mesmo da chegada de outubro. A artista surgiu caracterizada como elfa durante a apresenta\u00e7\u00e3o da s\u00e9tima edi\u00e7\u00e3o [&hellip;]<\/p>\n","protected":false},"author":777,"featured_media":19626,"comment_status":"open","ping_status":"open","sticky":false,"template":"","format":"standard","meta":{"_monsterinsights_skip_tracking":false,"footnotes":"","jetpack_publicize_message":"","jetpack_publicize_feature_enabled":true,"jetpack_social_post_already_shared":true,"jetpack_social_options":{"image_generator_settings":{"template":"highway","default_image_id":0,"font":"","enabled":false},"version":2}},"categories":[9],"tags":[10041,10046,8193,6536,10037,10042,10039,10043,10044,10038,10047,10045,7475,7219,10040,1887],"class_list":["post-19625","post","type-post","status-publish","format-standard","has-post-thumbnail","hentry","category-fashion","tag-as-sombras-da-floresta","tag-beleza-2","tag-celebridades","tag-cultura-pop","tag-gloria-groove","tag-halloween-2026","tag-halloween-da-sephora","tag-halloween-sephora-2026","tag-hotel-unique","tag-iza","tag-maquiagem","tag-moda-2","tag-musica-pop","tag-pedro-sampaio","tag-sabrina-sato","tag-sao-paulo"],"jetpack_publicize_connections":[],"_links":{"self":[{"href":"https:\/\/cidadecult.com.br\/index.php?rest_route=\/wp\/v2\/posts\/19625","targetHints":{"allow":["GET"]}}],"collection":[{"href":"https:\/\/cidadecult.com.br\/index.php?rest_route=\/wp\/v2\/posts"}],"about":[{"href":"https:\/\/cidadecult.com.br\/index.php?rest_route=\/wp\/v2\/types\/post"}],"author":[{"embeddable":true,"href":"https:\/\/cidadecult.com.br\/index.php?rest_route=\/wp\/v2\/users\/777"}],"replies":[{"embeddable":true,"href":"https:\/\/cidadecult.com.br\/index.php?rest_route=%2Fwp%2Fv2%2Fcomments&post=19625"}],"version-history":[{"count":1,"href":"https:\/\/cidadecult.com.br\/index.php?rest_route=\/wp\/v2\/posts\/19625\/revisions"}],"predecessor-version":[{"id":19627,"href":"https:\/\/cidadecult.com.br\/index.php?rest_route=\/wp\/v2\/posts\/19625\/revisions\/19627"}],"wp:featuredmedia":[{"embeddable":true,"href":"https:\/\/cidadecult.com.br\/index.php?rest_route=\/wp\/v2\/media\/19626"}],"wp:attachment":[{"href":"https:\/\/cidadecult.com.br\/index.php?rest_route=%2Fwp%2Fv2%2Fmedia&parent=19625"}],"wp:term":[{"taxonomy":"category","embeddable":true,"href":"https:\/\/cidadecult.com.br\/index.php?rest_route=%2Fwp%2Fv2%2Fcategories&post=19625"},{"taxonomy":"post_tag","embeddable":true,"href":"https:\/\/cidadecult.com.br\/index.php?rest_route=%2Fwp%2Fv2%2Ftags&post=19625"}],"curies":[{"name":"wp","href":"https:\/\/api.w.org\/{rel}","templated":true}]}}