{"id":19621,"date":"2026-08-31T17:38:01","date_gmt":"2026-08-31T20:38:01","guid":{"rendered":"https:\/\/cidadecult.com.br\/?p=19621"},"modified":"2026-08-31T17:38:03","modified_gmt":"2026-08-31T20:38:03","slug":"alceu-valenca-e-orquestra-ouro-preto-o-nirvana-musical-gratuito-no-parque-ibirapuera","status":"publish","type":"post","link":"https:\/\/cidadecult.com.br\/?p=19621","title":{"rendered":"Alceu Valen\u00e7a e Orquestra Ouro Preto: O Nirvana Musical Gratuito no Parque Ibirapuera"},"content":{"rendered":"\n<p><strong>Domingo (13\/9), um dos encontros mais potentes da m\u00fasica brasileira ocupa o Audit\u00f3rio Externo de um dos espa\u00e7os mais emblem\u00e1ticos de S\u00e3o Paulo. Um concerto que \u00e9 hino, nirvana e cultura, ao alcance de todos.<\/strong><\/p>\n\n\n\n<p>A energia est\u00e1 prestes a transbordar em um dos encontros mais potentes e festejados da cultura brasileira. A partir das 18h30 de domingo (13\/9), Alceu Valen\u00e7a e a Orquestra Ouro Preto reencontram seu p\u00fablico para uma apresenta\u00e7\u00e3o gratuita e imperd\u00edvel no Audit\u00f3rio Externo do Parque Ibirapuera. O concerto, parte do prestigiado projeto SulAm\u00e9rica Sessions, \u00e9 mais do que um espet\u00e1culo; \u00e9 um ritual de celebra\u00e7\u00e3o que promete envolver a capital paulista em uma atmosfera de pura emo\u00e7\u00e3o e ancestralidade r\u00edtmica.<\/p>\n\n\n\n<p>A energia est\u00e1 prestes a transbordar em um dos encontros mais potentes e festejados da cultura brasileira. A partir das 18h30 de domingo (13\/9), Alceu Valen\u00e7a e a Orquestra Ouro Preto reencontram seu p\u00fablico para uma apresenta\u00e7\u00e3o gratuita e imperd\u00edvel no Audit\u00f3rio Externo do Parque Ibirapuera. O concerto, parte do prestigiado projeto SulAm\u00e9rica Sessions, \u00e9 mais do que um espet\u00e1culo; \u00e9 um ritual de celebra\u00e7\u00e3o que promete envolver a capital paulista em uma atmosfera de pura emo\u00e7\u00e3o e ancestralidade r\u00edtmica.<\/p>\n\n\n\n<p>O Parque Ibirapuera, pulm\u00e3o e cora\u00e7\u00e3o cultural de S\u00e3o Paulo, prepara-se para receber um p\u00fablico de at\u00e9 9 mil pessoas, em uma noite que democratiza o acesso ao que h\u00e1 de melhor em nossa produ\u00e7\u00e3o art\u00edstica. O local, um s\u00edmbolo de conviv\u00eancia e diversidade, \u00e9 o cen\u00e1rio ideal para este encontro, que une a sofistica\u00e7\u00e3o da forma\u00e7\u00e3o orquestral com a for\u00e7a visceral e espont\u00e2nea da tradi\u00e7\u00e3o musical nordestina.<\/p>\n\n\n\n<figure class=\"wp-block-image size-full\"><img loading=\"lazy\" decoding=\"async\" width=\"800\" height=\"533\" src=\"https:\/\/cidadecult.com.br\/wp-content\/uploads\/2026\/08\/alceu-2-credito-raphagarcia.jpg\" alt=\"\" class=\"wp-image-19622\" srcset=\"https:\/\/cidadecult.com.br\/wp-content\/uploads\/2026\/08\/alceu-2-credito-raphagarcia.jpg 800w, https:\/\/cidadecult.com.br\/wp-content\/uploads\/2026\/08\/alceu-2-credito-raphagarcia-300x200.jpg 300w, https:\/\/cidadecult.com.br\/wp-content\/uploads\/2026\/08\/alceu-2-credito-raphagarcia-768x512.jpg 768w, https:\/\/cidadecult.com.br\/wp-content\/uploads\/2026\/08\/alceu-2-credito-raphagarcia-750x500.jpg 750w\" sizes=\"auto, (max-width: 800px) 100vw, 800px\" \/><\/figure>\n\n\n\n<h3 class=\"wp-block-heading\">Uma Noite de Homenagens e Pot\u00eancia Sonora<\/h3>\n\n\n\n<p>A programa\u00e7\u00e3o tem in\u00edcio com a pr\u00f3pria Orquestra Ouro Preto, que apresenta o concerto &#8220;Gonzag\u00e3o: Concerto para Cordas e Trio P\u00e9 de Serra&#8221;. \u00c9 uma homenagem comovente e vibrante a Luiz Gonzaga, o Rei do Bai\u00e3o. Lan\u00e7ado no final de 2025, o projeto audiovisual e o \u00e1lbum rapidamente conquistaram repercuss\u00e3o internacional, aproximando a m\u00fasica de concerto da for\u00e7a e do forr\u00f3, um prel\u00fadio perfeito para a grande atra\u00e7\u00e3o da noite.<\/p>\n\n\n\n<p>Na sequ\u00eancia, o palco se ilumina para receber Alceu Valen\u00e7a. O encontro revisita os maiores sucessos de sua trajet\u00f3ria pernambucana, em um espet\u00e1culo que j\u00e1 conquistou audi\u00eancias no Brasil e no exterior, incluindo uma bem-sucedida turn\u00ea europeia com ingressos esgotados em Lisboa, Paris, Utrecht e Berlim. Com arranjos assinados por Mateus Freire e reg\u00eancia do maestro Rodrigo Toffolo, cl\u00e1ssicos como \u201cAnuncia\u00e7\u00e3o\u201d, \u201cTropicana\u201d, \u201cLa Belle de Jour\u201d, \u201cGirassol\u201d e \u201cComo Dois Animais\u201d ganham novas cores e texturas, interpretados por uma das orquestras mais queridas do pa\u00eds.<\/p>\n\n\n\n<h3 class=\"wp-block-heading\">Declara\u00e7\u00f5es que Transbordam Emo\u00e7\u00e3o<\/h3>\n\n\n\n<p>O maestro Rodrigo Toffolo expressa a import\u00e2ncia do espet\u00e1culo: \u201cEste projeto \u00e9 uma forma de celebrar a trajet\u00f3ria da Orquestra e de homenagear dois dos artistas mais importantes da nossa m\u00fasica. Gonzag\u00e3o mostra a beleza da m\u00fasica que nasce no Nordeste e se torna hino em todo o Brasil. J\u00e1 Alceu representa a pluralidade do nosso povo, com uma obra que n\u00e3o respeita r\u00f3tulos ou o tempo. Seu repert\u00f3rio, cada vez que ou\u00e7o, me parece ainda mais novo e potente\u201d.<\/p>\n\n\n\n<p>Alceu Valen\u00e7a, visivelmente emocionado, compartilha sua experi\u00eancia: \u201cA cada apresenta\u00e7\u00e3o com a Orquestra, minha m\u00fasica ganha novos contornos. \u00c9 uma experi\u00eancia rica, tanto para mim quanto para o p\u00fablico. Quando estou com a Orquestra, \u00e9 como o nirvana para mim\u201d, afirma o cantor.<\/p>\n\n\n\n<h3 class=\"wp-block-heading\">Compromisso com a Cultura e o Bem-Estar<\/h3>\n\n\n\n<p>A apresenta\u00e7\u00e3o reafirma o compromisso da Orquestra Ouro Preto e da SulAm\u00e9rica com a democratiza\u00e7\u00e3o do acesso \u00e0 m\u00fasica e com a cria\u00e7\u00e3o de pontes entre diferentes linguagens art\u00edsticas. Para Andreia Junqueira, CMO da SulAm\u00e9rica, \u201csa\u00fade e bem-estar passam tamb\u00e9m pela arte, pela emo\u00e7\u00e3o e pelo encontro das pessoas. O SulAm\u00e9rica Sessions \u00e9 uma forma de promover grandes encontros e levar a m\u00fasica para a popula\u00e7\u00e3o, de forma gratuita\u201d.<\/p>\n\n\n\n<h3 class=\"wp-block-heading\">Servi\u00e7o Completo do Concerto<\/h3>\n\n\n\n<p><strong>Data:<\/strong> 13 de setembro de 2026, domingo <strong>Hor\u00e1rio:<\/strong> a partir das 18h30 (Abertura dos port\u00f5es \u00e0s 17h) <strong>Local:<\/strong> Audit\u00f3rio Externo do Parque Ibirapuera (Acesso pelos Port\u00f5es 2 e 10) <strong>Entrada:<\/strong> Gratuita, sem retirada de ingressos, sujeita \u00e0 lota\u00e7\u00e3o do Parque (9 mil pessoas) <strong>Acessibilidade:<\/strong> Concerto acess\u00edvel (Acesso PCD pelo Port\u00e3o 2) e com tradu\u00e7\u00e3o para Libras<\/p>\n","protected":false},"excerpt":{"rendered":"<p>Domingo (13\/9), um dos encontros mais potentes da m\u00fasica brasileira ocupa o Audit\u00f3rio Externo de um dos espa\u00e7os mais emblem\u00e1ticos de S\u00e3o Paulo. Um concerto que \u00e9 hino, nirvana e cultura, ao alcance de todos. A energia est\u00e1 prestes a transbordar em um dos encontros mais potentes e festejados da cultura brasileira. A partir das [&hellip;]<\/p>\n","protected":false},"author":777,"featured_media":19623,"comment_status":"open","ping_status":"open","sticky":false,"template":"","format":"standard","meta":{"_monsterinsights_skip_tracking":false,"footnotes":"","jetpack_publicize_message":"","jetpack_publicize_feature_enabled":true,"jetpack_social_post_already_shared":true,"jetpack_social_options":{"image_generator_settings":{"template":"highway","default_image_id":0,"font":"","enabled":false},"version":2}},"categories":[8318,6],"tags":[6584,1873,219,134,5695,10031,10034,8943,6257,10035,10032,10030,1887,6546,10033],"class_list":["post-19621","post","type-post","status-publish","format-standard","has-post-thumbnail","hentry","category-agenda-sp","category-music","tag-acessibilidade-2","tag-alceu-valenca","tag-cidadecult","tag-cultura","tag-diversidade-2","tag-gonzagao","tag-hino","tag-luiz-gonzaga","tag-musica-brasileira","tag-nirvana","tag-orquestra-ouro-preto","tag-parque-ibirapuera","tag-sao-paulo","tag-show-gratuito","tag-sulamerica-sessions"],"jetpack_publicize_connections":[],"_links":{"self":[{"href":"https:\/\/cidadecult.com.br\/index.php?rest_route=\/wp\/v2\/posts\/19621","targetHints":{"allow":["GET"]}}],"collection":[{"href":"https:\/\/cidadecult.com.br\/index.php?rest_route=\/wp\/v2\/posts"}],"about":[{"href":"https:\/\/cidadecult.com.br\/index.php?rest_route=\/wp\/v2\/types\/post"}],"author":[{"embeddable":true,"href":"https:\/\/cidadecult.com.br\/index.php?rest_route=\/wp\/v2\/users\/777"}],"replies":[{"embeddable":true,"href":"https:\/\/cidadecult.com.br\/index.php?rest_route=%2Fwp%2Fv2%2Fcomments&post=19621"}],"version-history":[{"count":1,"href":"https:\/\/cidadecult.com.br\/index.php?rest_route=\/wp\/v2\/posts\/19621\/revisions"}],"predecessor-version":[{"id":19624,"href":"https:\/\/cidadecult.com.br\/index.php?rest_route=\/wp\/v2\/posts\/19621\/revisions\/19624"}],"wp:featuredmedia":[{"embeddable":true,"href":"https:\/\/cidadecult.com.br\/index.php?rest_route=\/wp\/v2\/media\/19623"}],"wp:attachment":[{"href":"https:\/\/cidadecult.com.br\/index.php?rest_route=%2Fwp%2Fv2%2Fmedia&parent=19621"}],"wp:term":[{"taxonomy":"category","embeddable":true,"href":"https:\/\/cidadecult.com.br\/index.php?rest_route=%2Fwp%2Fv2%2Fcategories&post=19621"},{"taxonomy":"post_tag","embeddable":true,"href":"https:\/\/cidadecult.com.br\/index.php?rest_route=%2Fwp%2Fv2%2Ftags&post=19621"}],"curies":[{"name":"wp","href":"https:\/\/api.w.org\/{rel}","templated":true}]}}