{"id":19616,"date":"2026-08-31T17:28:02","date_gmt":"2026-08-31T20:28:02","guid":{"rendered":"https:\/\/cidadecult.com.br\/?p=19616"},"modified":"2026-08-31T17:28:04","modified_gmt":"2026-08-31T20:28:04","slug":"arena-dos-saberes-antonio-fagundes-alexandra-martins-e-paulo-miklos-em-noite-de-arte-na-tv-cultura","status":"publish","type":"post","link":"https:\/\/cidadecult.com.br\/?p=19616","title":{"rendered":"Arena dos Saberes: Ant\u00f4nio Fagundes, Alexandra Martins e Paulo Miklos em Noite de Arte na TV Cultura"},"content":{"rendered":"\n<p><strong>Nesta quinta-feira (3\/9), o programa apresentado por Gabriel Chalita re\u00fane gigantes da dramaturgia e da m\u00fasica brasileira para um di\u00e1logo profundo sobre teatro, literatura, cinema e a trajet\u00f3ria dos Tit\u00e3s.<\/strong><\/p>\n\n\n\n<p><strong>BRAS\u00cdLIA, 3 de Setembro de 2026<\/strong> \u2014 O palco do <em>Arena dos Saberes<\/em> se transforma em um ponto de encontro de refer\u00eancias art\u00edsticas nacionais nesta quinta-feira (3\/9). A partir das 19h30, na TV Cultura, Gabriel Chalita conduz conversas que prometem inspirar e conectar o p\u00fablico com a ess\u00eancia da cultura brasileira.<\/p>\n\n\n\n<p>Os convidados principais s\u00e3o o casal de atores Ant\u00f4nio Fagundes e Alexandra Martins. Protagonistas da pe\u00e7a <em>Dois de N\u00f3s<\/em>, um sucesso absoluto de p\u00fablico e cr\u00edtica tanto no Brasil quanto em Portugal, eles compartilham suas experi\u00eancias sobre o fazer teatral, a paix\u00e3o pela literatura e o cinema. Fagundes, conhecido por sua dedica\u00e7\u00e3o aos livros, aproveita a oportunidade para refletir sobre a import\u00e2ncia da leitura na forma\u00e7\u00e3o cr\u00edtica e na concentra\u00e7\u00e3o, lamentando o baixo \u00edndice de leitura no pa\u00eds. Alexandra Martins, por sua vez, exalta a dedica\u00e7\u00e3o do marido \u00e0 arte e faz elogiados coment\u00e1rios sobre a colega de cena Christiane Torloni.<\/p>\n\n\n\n<h3 class=\"wp-block-heading\">Paulo Miklos e o Quadro Terceiro Sinal<\/h3>\n\n\n\n<figure class=\"wp-block-image size-full\"><img loading=\"lazy\" decoding=\"async\" width=\"800\" height=\"533\" src=\"https:\/\/cidadecult.com.br\/wp-content\/uploads\/2026\/08\/unnamed-14.jpg\" alt=\"\" class=\"wp-image-19617\" srcset=\"https:\/\/cidadecult.com.br\/wp-content\/uploads\/2026\/08\/unnamed-14.jpg 800w, https:\/\/cidadecult.com.br\/wp-content\/uploads\/2026\/08\/unnamed-14-300x200.jpg 300w, https:\/\/cidadecult.com.br\/wp-content\/uploads\/2026\/08\/unnamed-14-768x512.jpg 768w, https:\/\/cidadecult.com.br\/wp-content\/uploads\/2026\/08\/unnamed-14-750x500.jpg 750w\" sizes=\"auto, (max-width: 800px) 100vw, 800px\" \/><figcaption class=\"wp-element-caption\">Cr\u00e9dito imagens: Ale Lourenzo<\/figcaption><\/figure>\n\n\n\n<p>A noite cultural se completa com a presen\u00e7a do cantor e compositor Paulo Miklos no quadro <em>Terceiro Sinal<\/em>. Gabriel Chalita revisita a trajet\u00f3ria musical e art\u00edstica de Miklos, desde o in\u00edcio dos Tit\u00e3s nos anos 1980 at\u00e9 o sucesso avassalador de can\u00e7\u00f5es como &#8220;Son\u00edfera Ilha&#8221; e o impacto do \u00e1lbum <em>Cabe\u00e7a Dinossauro<\/em>. Miklos relembra com emo\u00e7\u00e3o a surpresa de ver o p\u00fablico cantando suas m\u00fasicas in\u00e9ditas, em uma \u00e9poca sem redes sociais, quando o &#8220;boca a boca&#8221; era o principal motor da divulga\u00e7\u00e3o.<\/p>\n\n\n\n<p>Ele tamb\u00e9m compartilha momentos marcantes de sua vida pessoal, a rela\u00e7\u00e3o com os antigos companheiros de banda e reafirma sua cren\u00e7a na m\u00fasica como instrumento de inspira\u00e7\u00e3o e transforma\u00e7\u00e3o. Atualmente, o artista apresenta seu novo trabalho, <em>Coisas da Vida<\/em>, um disco de int\u00e9rprete constru\u00eddo a partir de uma &#8220;playlist afetiva&#8221; com can\u00e7\u00f5es que marcaram sua trajet\u00f3ria. Miklos tamb\u00e9m relembra a experi\u00eancia de interpretar Adoniran Barbosa no cinema em <em>Saudosa Maloca<\/em> e encerra a noite cantando no palco do <em>Arena dos Saberes<\/em>.<\/p>\n\n\n\n<p>N\u00e3o perca esta oportunidade de sintonizar com a melhor express\u00e3o da nossa arte. O programa vai ao ar \u00e0s 19h30, na TV Cultura.<\/p>\n","protected":false},"excerpt":{"rendered":"<p>Nesta quinta-feira (3\/9), o programa apresentado por Gabriel Chalita re\u00fane gigantes da dramaturgia e da m\u00fasica brasileira para um di\u00e1logo profundo sobre teatro, literatura, cinema e a trajet\u00f3ria dos Tit\u00e3s. BRAS\u00cdLIA, 3 de Setembro de 2026 \u2014 O palco do Arena dos Saberes se transforma em um ponto de encontro de refer\u00eancias art\u00edsticas nacionais nesta [&hellip;]<\/p>\n","protected":false},"author":777,"featured_media":19618,"comment_status":"open","ping_status":"open","sticky":false,"template":"","format":"standard","meta":{"_monsterinsights_skip_tracking":false,"footnotes":"","jetpack_publicize_message":"","jetpack_publicize_feature_enabled":true,"jetpack_social_post_already_shared":true,"jetpack_social_options":{"image_generator_settings":{"template":"highway","default_image_id":0,"font":"","enabled":false},"version":2}},"categories":[14,6],"tags":[10027,10020,10019,10021,10026,219,10029,6384,10022,212,10018,5352,95,10023,10028,10025,214,10024,6201],"class_list":["post-19616","post","type-post","status-publish","format-standard","has-post-thumbnail","hentry","category-entrevista","category-music","tag-adoniran-barbosa","tag-alexandra-martins","tag-antonio-fagundes","tag-arena-dos-saberes","tag-cabeca-dinossauro","tag-cidadecult","tag-coisas-da-vida","tag-cultura-brasileira","tag-dois-de-nos","tag-entrevista","tag-gabriel-chalita","tag-literatura-2","tag-musica","tag-paulo-miklos","tag-saudosa-maloca","tag-sonifera-ilha","tag-teatro","tag-titas","tag-tv-cultura"],"jetpack_publicize_connections":[],"_links":{"self":[{"href":"https:\/\/cidadecult.com.br\/index.php?rest_route=\/wp\/v2\/posts\/19616","targetHints":{"allow":["GET"]}}],"collection":[{"href":"https:\/\/cidadecult.com.br\/index.php?rest_route=\/wp\/v2\/posts"}],"about":[{"href":"https:\/\/cidadecult.com.br\/index.php?rest_route=\/wp\/v2\/types\/post"}],"author":[{"embeddable":true,"href":"https:\/\/cidadecult.com.br\/index.php?rest_route=\/wp\/v2\/users\/777"}],"replies":[{"embeddable":true,"href":"https:\/\/cidadecult.com.br\/index.php?rest_route=%2Fwp%2Fv2%2Fcomments&post=19616"}],"version-history":[{"count":2,"href":"https:\/\/cidadecult.com.br\/index.php?rest_route=\/wp\/v2\/posts\/19616\/revisions"}],"predecessor-version":[{"id":19620,"href":"https:\/\/cidadecult.com.br\/index.php?rest_route=\/wp\/v2\/posts\/19616\/revisions\/19620"}],"wp:featuredmedia":[{"embeddable":true,"href":"https:\/\/cidadecult.com.br\/index.php?rest_route=\/wp\/v2\/media\/19618"}],"wp:attachment":[{"href":"https:\/\/cidadecult.com.br\/index.php?rest_route=%2Fwp%2Fv2%2Fmedia&parent=19616"}],"wp:term":[{"taxonomy":"category","embeddable":true,"href":"https:\/\/cidadecult.com.br\/index.php?rest_route=%2Fwp%2Fv2%2Fcategories&post=19616"},{"taxonomy":"post_tag","embeddable":true,"href":"https:\/\/cidadecult.com.br\/index.php?rest_route=%2Fwp%2Fv2%2Ftags&post=19616"}],"curies":[{"name":"wp","href":"https:\/\/api.w.org\/{rel}","templated":true}]}}