{"id":19613,"date":"2026-08-31T17:18:33","date_gmt":"2026-08-31T20:18:33","guid":{"rendered":"https:\/\/cidadecult.com.br\/?p=19613"},"modified":"2026-08-31T17:18:36","modified_gmt":"2026-08-31T20:18:36","slug":"maratona-do-rio-2027-cadastro-gratuito-para-sorteio-dos-42k-abre-hoje","status":"publish","type":"post","link":"https:\/\/cidadecult.com.br\/?p=19613","title":{"rendered":"Maratona do Rio 2027: Cadastro Gratuito para Sorteio dos 42K Abre Hoje"},"content":{"rendered":"\n<p><strong>A edi\u00e7\u00e3o hist\u00f3rica de 25 anos da maior maratona do Brasil inicia sua jornada com uma das etapas mais concorridas. Atletas individuais t\u00eam prazo definido para garantir chance de participar da prova Elite Label no cen\u00e1rio paradis\u00edaco do Rio.<\/strong><\/p>\n\n\n\n<p><strong>RIO DE JANEIRO, 31 DE AGOSTO DE 2026<\/strong> \u2014 O calend\u00e1rio das grandes corridas de rua do Brasil ganha um novo e emocionante cap\u00edtulo hoje. A Maratona do Rio abre oficialmente o cadastro gratuito para o sorteio de vagas individuais na prova de 42 quil\u00f4metros para a edi\u00e7\u00e3o de 2027, que celebrar\u00e1 os 25 anos do evento.<\/p>\n\n\n\n<p>Reconhecida como a maior maratona do Brasil em n\u00famero de concluintes e integrando o maior encontro de corridas da Am\u00e9rica Latina, a Maratona do Rio consolidou sua relev\u00e2ncia esportiva e tur\u00edstica. Em 2026, cerca de 15 mil corredores completaram os desafiadores e belos 42K. A expectativa para a edi\u00e7\u00e3o comemorativa \u00e9 reunir impressionantes 70 mil participantes em todas as dist\u00e2ncias: 5k, 10k, 21k, 42k e o Desafio Cidade Maravilhosa (21k + 42k).<\/p>\n\n\n\n<p>A prova de 42K mant\u00e9m o percurso elogiado na \u00faltima edi\u00e7\u00e3o, com largada na Reserva do Recreio dos Bandeirantes e chegada no Aterro do Flamengo. O trajeto oferece uma experi\u00eancia visual \u00fanica, percorrendo a orla e as famosas praias da Zona Sul carioca. O prest\u00edgio da prova \u00e9 chancelado pelo selo Elite Label da World Athletics, que atesta o alto rendimento e a excel\u00eancia organizativa.<\/p>\n\n\n\n<p>&#8220;A abertura do cadastro para o sorteio dos 42k \u00e9 o primeiro grande marco na celebra\u00e7\u00e3o dos 25 anos da Maratona do Rio. \u00c9 o momento em que a conversa com o corredor se consolida. Nosso compromisso \u00e9 garantir um processo com transpar\u00eancia e clareza para que cada atleta consiga se planejar para viver essa experi\u00eancia hist\u00f3rica no Rio de Janeiro&#8221;, afirma Pedro Pereira, Head de Produto da Maratona do Rio.<\/p>\n\n\n\n<h3 class=\"wp-block-heading\">Servi\u00e7o Essencial: Cadastro Obrigat\u00f3rio e Gratuito<\/h3>\n\n\n\n<p>A organiza\u00e7\u00e3o refor\u00e7a: o cadastro para o sorteio \u00e9 <strong>100% gratuito<\/strong> e \u00e9 um procedimento obrigat\u00f3rio para todos os corredores individuais (n\u00e3o vinculados a assessorias esportivas credenciadas na Maratona do Rio 2027). O cadastro formaliza o interesse em concorrer \u00e0s vagas dispon\u00edveis.<\/p>\n\n\n\n<p>O prazo para se cadastrar encerra em <strong>13 de setembro<\/strong>, e o resultado ser\u00e1 divulgado em 25 de setembro. A compra das vagas ocorrer\u00e1 em at\u00e9 quatro ondas de convoca\u00e7\u00e3o, de acordo com a disponibilidade, dando novas chances a atletas que n\u00e3o forem contemplados na chamada inicial.<\/p>\n\n\n\n<p>Ap\u00f3s a divulga\u00e7\u00e3o do resultado, os atletas contemplados receber\u00e3o uma notifica\u00e7\u00e3o e ter\u00e3o prazo determinado para acessar a plataforma oficial, escolher o tamanho do kit e efetuar o pagamento da inscri\u00e7\u00e3o (R$ 359,00 + taxa de conveni\u00eancia). Cada corredor poder\u00e1 consultar seu status ativamente pelo site oficial da Maratona do Rio. Se o pagamento n\u00e3o for conclu\u00eddo no prazo da sua convoca\u00e7\u00e3o, a vaga retorna ao sistema para as chamadas seguintes.<\/p>\n\n\n\n<h3 class=\"wp-block-heading\">Impacto al\u00e9m do Esporte<\/h3>\n\n\n\n<p>A Maratona do Rio move a cidade. Mais de 75% dos atletas v\u00eam de fora da capital, permanecendo, em m\u00e9dia, cinco dias no Rio, acompanhados de familiares e amigos que aproveitam para turistar. Esse movimento se espalha por hotelaria, gastronomia, transporte e com\u00e9rcio, gerando um impacto econ\u00f4mico superior a R$ 700 milh\u00f5es para o estado.<\/p>\n\n\n\n<h3 class=\"wp-block-heading\">Resumo do Servi\u00e7o &#8211; Sorteio dos 42K | Maratona do Rio 2027<\/h3>\n\n\n\n<ul class=\"wp-block-list\">\n<li><strong>O que \u00e9:<\/strong> Cadastro pr\u00e9vio obrigat\u00f3rio e gratuito para concorrer a vagas individuais na prova de 42K.<\/li>\n\n\n\n<li><strong>Per\u00edodo de cadastro:<\/strong> De 31 de agosto a 13 de setembro.<\/li>\n\n\n\n<li><strong>Custo do cadastro:<\/strong> Gratuito.<\/li>\n\n\n\n<li><strong>Valor da inscri\u00e7\u00e3o (sorteados):<\/strong> R$ 359,00 (+ taxa de conveni\u00eancia).<\/li>\n\n\n\n<li><strong>Onde se cadastrar:<\/strong> No site oficial da Maratona do Rio.<\/li>\n\n\n\n<li><strong>Resultado do sorteio:<\/strong> 25 de setembro.<\/li>\n\n\n\n<li><strong>Processo p\u00f3s-sorteio:<\/strong> Atletas convocados devem acessar a plataforma oficial no prazo de sua onda de compra, confirmar dados, escolher kit e pagar a inscri\u00e7\u00e3o. Acompanhe seu status na p\u00e1gina oficial da Maratona do Rio.<\/li>\n<\/ul>\n\n\n\n<p><strong>Fique Atento \u00e0s Ondas de Compra (Sujeito \u00e0 Disponibilidade):<\/strong><\/p>\n\n\n\n<ul class=\"wp-block-list\">\n<li><strong>1\u00aa onda:<\/strong> de 28\/09 (12h) a 29\/09 (23h59). <em>2\u00aa onda divulgada em 30\/09 (18h).<\/em><\/li>\n\n\n\n<li><strong>2\u00aa onda:<\/strong> de 01\/10 (12h) a 02\/10 (23h59). <em>3\u00aa onda divulgada em 03\/10 (18h).<\/em><\/li>\n\n\n\n<li><strong>3\u00aa onda:<\/strong> de 06\/10 (12h) a 07\/10 (23h59). <em>\u00daltima onda divulgada em 08\/10 (18h).<\/em><\/li>\n\n\n\n<li><strong>\u00daltima onda:<\/strong> de 09\/10 (12h) a 13\/10 (23h59).<\/li>\n<\/ul>\n\n\n\n<h3 class=\"wp-block-heading\">Sobre a Maratona do Rio 2027<\/h3>\n\n\n\n<p>A edi\u00e7\u00e3o comemorativa de 25 anos acontece de 27 a 30 de maio de 2027, feriado de Corpus Christi, no Rio de Janeiro. A programa\u00e7\u00e3o re\u00fane provas de 5K, 10K, 21K, 42K (Elite Label) e o Desafio Cidade Maravilhosa (21K + 42K). A adidas \u00e9 a Marca Esportiva Oficial. Produ\u00e7\u00e3o por Spiridon Eventos e Dream Factory.<\/p>\n\n\n\n<h3 class=\"wp-block-heading\"><strong>Voc\u00ea \u00e9 corredor de rua? Que dica voc\u00ea daria para quem vai correr a Maratona do Rio pela primeira vez nos 25 anos do evento? Compartilhe nos coment\u00e1rios!<\/strong><\/h3>\n","protected":false},"excerpt":{"rendered":"<p>A edi\u00e7\u00e3o hist\u00f3rica de 25 anos da maior maratona do Brasil inicia sua jornada com uma das etapas mais concorridas. Atletas individuais t\u00eam prazo definido para garantir chance de participar da prova Elite Label no cen\u00e1rio paradis\u00edaco do Rio. RIO DE JANEIRO, 31 DE AGOSTO DE 2026 \u2014 O calend\u00e1rio das grandes corridas de rua [&hellip;]<\/p>\n","protected":false},"author":777,"featured_media":19614,"comment_status":"open","ping_status":"open","sticky":false,"template":"","format":"standard","meta":{"_monsterinsights_skip_tracking":false,"footnotes":"","jetpack_publicize_message":"","jetpack_publicize_feature_enabled":true,"jetpack_social_post_already_shared":true,"jetpack_social_options":{"image_generator_settings":{"template":"highway","default_image_id":0,"font":"","enabled":false},"version":2}},"categories":[7],"tags":[10015,10012,10013,8920,10011,309,10016,9424,10010,1118,10014,10017,9427],"class_list":["post-19613","post","type-post","status-publish","format-standard","has-post-thumbnail","hentry","category-esportes","tag-25-anos-maratona","tag-42k","tag-cadastro-gratuito","tag-corrida-de-rua","tag-elite-label","tag-esporte","tag-esporte-fit","tag-maratona","tag-maratona-do-rio","tag-rio-de-janeiro","tag-sorteio-2","tag-turismo-rio","tag-world-athletics"],"jetpack_publicize_connections":[],"_links":{"self":[{"href":"https:\/\/cidadecult.com.br\/index.php?rest_route=\/wp\/v2\/posts\/19613","targetHints":{"allow":["GET"]}}],"collection":[{"href":"https:\/\/cidadecult.com.br\/index.php?rest_route=\/wp\/v2\/posts"}],"about":[{"href":"https:\/\/cidadecult.com.br\/index.php?rest_route=\/wp\/v2\/types\/post"}],"author":[{"embeddable":true,"href":"https:\/\/cidadecult.com.br\/index.php?rest_route=\/wp\/v2\/users\/777"}],"replies":[{"embeddable":true,"href":"https:\/\/cidadecult.com.br\/index.php?rest_route=%2Fwp%2Fv2%2Fcomments&post=19613"}],"version-history":[{"count":1,"href":"https:\/\/cidadecult.com.br\/index.php?rest_route=\/wp\/v2\/posts\/19613\/revisions"}],"predecessor-version":[{"id":19615,"href":"https:\/\/cidadecult.com.br\/index.php?rest_route=\/wp\/v2\/posts\/19613\/revisions\/19615"}],"wp:featuredmedia":[{"embeddable":true,"href":"https:\/\/cidadecult.com.br\/index.php?rest_route=\/wp\/v2\/media\/19614"}],"wp:attachment":[{"href":"https:\/\/cidadecult.com.br\/index.php?rest_route=%2Fwp%2Fv2%2Fmedia&parent=19613"}],"wp:term":[{"taxonomy":"category","embeddable":true,"href":"https:\/\/cidadecult.com.br\/index.php?rest_route=%2Fwp%2Fv2%2Fcategories&post=19613"},{"taxonomy":"post_tag","embeddable":true,"href":"https:\/\/cidadecult.com.br\/index.php?rest_route=%2Fwp%2Fv2%2Ftags&post=19613"}],"curies":[{"name":"wp","href":"https:\/\/api.w.org\/{rel}","templated":true}]}}