{"id":19607,"date":"2026-08-31T16:29:23","date_gmt":"2026-08-31T19:29:23","guid":{"rendered":"https:\/\/cidadecult.com.br\/?p=19607"},"modified":"2026-08-31T16:29:25","modified_gmt":"2026-08-31T19:29:25","slug":"exposicao-trieb-reune-artistas-60-e-investiga-o-desejo-como-forca-de-criacao","status":"publish","type":"post","link":"https:\/\/cidadecult.com.br\/?p=19607","title":{"rendered":"Exposi\u00e7\u00e3o TRIEB+ Re\u00fane Artistas 60+ e Investiga o Desejo como For\u00e7a de Cria\u00e7\u00e3o"},"content":{"rendered":"\n<p><em>Mostra coletiva no deCurators, em Bras\u00edlia, debate o papel da maturidade e da puls\u00e3o criativa na arte contempor\u00e2nea com obras de quatro veteranos da cena local.<\/em><\/p>\n\n\n\n<p>O espa\u00e7o independente deCurators, na Asa Norte, apresenta a partir de 19 de setembro a exposi\u00e7\u00e3o <strong>TRIEB+<\/strong>, reunindo obras de diversas linguagens assinadas por quatro artistas com mais de 60 anos. A mostra prop\u00f5e uma reflex\u00e3o sobre a cria\u00e7\u00e3o art\u00edstica na maturidade, destacando o protagonismo de nomes que seguem reinventando suas po\u00e9ticas ao longo de d\u00e9cadas.<\/p>\n\n\n\n<figure class=\"wp-block-image size-large\"><img loading=\"lazy\" decoding=\"async\" width=\"1024\" height=\"768\" src=\"https:\/\/cidadecult.com.br\/wp-content\/uploads\/2026\/08\/Autorretrato-como-Bicho-Serie-Pink-de-Gisel-Carriconde-Azevedo-1024x768.jpeg\" alt=\"\" class=\"wp-image-19608\" srcset=\"https:\/\/cidadecult.com.br\/wp-content\/uploads\/2026\/08\/Autorretrato-como-Bicho-Serie-Pink-de-Gisel-Carriconde-Azevedo-1024x768.jpeg 1024w, https:\/\/cidadecult.com.br\/wp-content\/uploads\/2026\/08\/Autorretrato-como-Bicho-Serie-Pink-de-Gisel-Carriconde-Azevedo-300x225.jpeg 300w, https:\/\/cidadecult.com.br\/wp-content\/uploads\/2026\/08\/Autorretrato-como-Bicho-Serie-Pink-de-Gisel-Carriconde-Azevedo-768x576.jpeg 768w, https:\/\/cidadecult.com.br\/wp-content\/uploads\/2026\/08\/Autorretrato-como-Bicho-Serie-Pink-de-Gisel-Carriconde-Azevedo-1536x1152.jpeg 1536w, https:\/\/cidadecult.com.br\/wp-content\/uploads\/2026\/08\/Autorretrato-como-Bicho-Serie-Pink-de-Gisel-Carriconde-Azevedo-2048x1536.jpeg 2048w, https:\/\/cidadecult.com.br\/wp-content\/uploads\/2026\/08\/Autorretrato-como-Bicho-Serie-Pink-de-Gisel-Carriconde-Azevedo-750x563.jpeg 750w, https:\/\/cidadecult.com.br\/wp-content\/uploads\/2026\/08\/Autorretrato-como-Bicho-Serie-Pink-de-Gisel-Carriconde-Azevedo-1140x855.jpeg 1140w\" sizes=\"auto, (max-width: 1024px) 100vw, 1024px\" \/><figcaption class=\"wp-element-caption\">Gisel Carriconde<\/figcaption><\/figure>\n\n\n\n<p>A articula\u00e7\u00e3o de <strong>TRIEB+<\/strong> inspira-se na no\u00e7\u00e3o freudiana de puls\u00e3o (<em>trieb<\/em>), conceito liminar entre o som\u00e1tico e o ps\u00edquico. Esta \u00e9 compreendida pelo efeito simult\u00e2neo de seus vetores: a Puls\u00e3o de Eros, como for\u00e7a do desejo, do instinto e da criatividade; e a Puls\u00e3o de Morte, for\u00e7a inata que busca a in\u00e9rcia e a aus\u00eancia de tens\u00e3o.<\/p>\n\n\n\n<p>A produ\u00e7\u00e3o art\u00edstica perde for\u00e7a com o passar dos anos ou encontra novas possibilidades de cria\u00e7\u00e3o e desejos? A partir dessa premissa, a exposi\u00e7\u00e3o re\u00fane Andrea Campos de S\u00e1, Gisel Carriconde Azevedo, Miguel Sim\u00e3o e Val\u00e9ria Pena-Costa, artistas atuantes na cena das artes visuais de Bras\u00edlia desde os anos 1990.<\/p>\n\n\n\n<figure class=\"wp-block-image size-large\"><img loading=\"lazy\" decoding=\"async\" width=\"1024\" height=\"816\" src=\"https:\/\/cidadecult.com.br\/wp-content\/uploads\/2026\/08\/Da-instalacao-Relicario-de-Divindades-Aleatorias-de-Miguel-Simao-1024x816.jpg\" alt=\"\" class=\"wp-image-19609\" srcset=\"https:\/\/cidadecult.com.br\/wp-content\/uploads\/2026\/08\/Da-instalacao-Relicario-de-Divindades-Aleatorias-de-Miguel-Simao-1024x816.jpg 1024w, https:\/\/cidadecult.com.br\/wp-content\/uploads\/2026\/08\/Da-instalacao-Relicario-de-Divindades-Aleatorias-de-Miguel-Simao-300x239.jpg 300w, https:\/\/cidadecult.com.br\/wp-content\/uploads\/2026\/08\/Da-instalacao-Relicario-de-Divindades-Aleatorias-de-Miguel-Simao-768x612.jpg 768w, https:\/\/cidadecult.com.br\/wp-content\/uploads\/2026\/08\/Da-instalacao-Relicario-de-Divindades-Aleatorias-de-Miguel-Simao-1536x1224.jpg 1536w, https:\/\/cidadecult.com.br\/wp-content\/uploads\/2026\/08\/Da-instalacao-Relicario-de-Divindades-Aleatorias-de-Miguel-Simao-2048x1631.jpg 2048w, https:\/\/cidadecult.com.br\/wp-content\/uploads\/2026\/08\/Da-instalacao-Relicario-de-Divindades-Aleatorias-de-Miguel-Simao-750x597.jpg 750w, https:\/\/cidadecult.com.br\/wp-content\/uploads\/2026\/08\/Da-instalacao-Relicario-de-Divindades-Aleatorias-de-Miguel-Simao-1140x908.jpg 1140w\" sizes=\"auto, (max-width: 1024px) 100vw, 1024px\" \/><figcaption class=\"wp-element-caption\">Miguel Sim\u00e3o<\/figcaption><\/figure>\n\n\n\n<p>Com curadoria assinada por Gisel Carriconde Azevedo e Mar\u00edlia Panitz, a mostra convida o p\u00fablico a refletir sobre longevidade, experimenta\u00e7\u00e3o e (im)perman\u00eancia na arte contempor\u00e2nea.<\/p>\n\n\n\n<p>Em um circuito frequentemente orientado pela valoriza\u00e7\u00e3o do novo, <strong>TRIEB+<\/strong> desloca o olhar para trajet\u00f3rias em constante transforma\u00e7\u00e3o. Mais do que celebrar carreiras consolidadas, a mostra afirma a cria\u00e7\u00e3o art\u00edstica como territ\u00f3rio de liberdade, risco e experimenta\u00e7\u00e3o, tensionando estere\u00f3tipos relacionados ao envelhecimento e evidenciando percursos que se aprofundam com o tempo.<\/p>\n\n\n\n<figure class=\"wp-block-image size-large\"><img loading=\"lazy\" decoding=\"async\" width=\"1024\" height=\"793\" src=\"https:\/\/cidadecult.com.br\/wp-content\/uploads\/2026\/08\/Biblia-II-Andrea-Campos-de-Sa-1024x793.png\" alt=\"\" class=\"wp-image-19610\" srcset=\"https:\/\/cidadecult.com.br\/wp-content\/uploads\/2026\/08\/Biblia-II-Andrea-Campos-de-Sa-1024x793.png 1024w, https:\/\/cidadecult.com.br\/wp-content\/uploads\/2026\/08\/Biblia-II-Andrea-Campos-de-Sa-300x232.png 300w, https:\/\/cidadecult.com.br\/wp-content\/uploads\/2026\/08\/Biblia-II-Andrea-Campos-de-Sa-768x594.png 768w, https:\/\/cidadecult.com.br\/wp-content\/uploads\/2026\/08\/Biblia-II-Andrea-Campos-de-Sa-1536x1189.png 1536w, https:\/\/cidadecult.com.br\/wp-content\/uploads\/2026\/08\/Biblia-II-Andrea-Campos-de-Sa-2048x1585.png 2048w, https:\/\/cidadecult.com.br\/wp-content\/uploads\/2026\/08\/Biblia-II-Andrea-Campos-de-Sa-750x580.png 750w, https:\/\/cidadecult.com.br\/wp-content\/uploads\/2026\/08\/Biblia-II-Andrea-Campos-de-Sa-1140x882.png 1140w\" sizes=\"auto, (max-width: 1024px) 100vw, 1024px\" \/><figcaption class=\"wp-element-caption\">Andrea Campos de S\u00e1<\/figcaption><\/figure>\n\n\n\n<p>A exposi\u00e7\u00e3o investiga o que sustenta o fazer art\u00edstico ao longo da vida, partindo da ideia de que o impulso criativo n\u00e3o se esgota, mas encontra novas formas de express\u00e3o. As obras atravessam quest\u00f5es fundamentais da exist\u00eancia humana, como vida, morte, erotismo e a pr\u00f3pria experi\u00eancia da arte, apresentando diferentes modos de compreender o desejo como pot\u00eancia criadora. Como observa a curadora Mar\u00edlia Panitz, a trajet\u00f3ria dos quatro artistas &#8220;\u00e9 resultado de uma puls\u00e3o de eros, instalada como motriz do desejo e como produ\u00e7\u00e3o de vida\u201d.<\/p>\n\n\n\n<p>Realizada no deCurators, espa\u00e7o de arte independente e de experimenta\u00e7\u00e3o curatorial, a exposi\u00e7\u00e3o organiza-se em dois n\u00facleos: um ambiente individual, dedicado a uma instala\u00e7\u00e3o de cada artista, e um espa\u00e7o coletivo, onde as diferentes po\u00e9ticas se atravessam e estabelecem novos di\u00e1logos.<\/p>\n\n\n\n<p>Al\u00e9m da exposi\u00e7\u00e3o, o projeto promove a\u00e7\u00f5es educativas e recursos de acessibilidade, incluindo visitas guiadas com media\u00e7\u00e3o e interpreta\u00e7\u00e3o em Libras, rodas de conversa com artistas e curadores, e a produ\u00e7\u00e3o de cat\u00e1logo impresso e digital.<\/p>\n\n\n\n<p>Este projeto \u00e9 realizado com recursos do Fundo de Apoio \u00e0 Cultura do Distrito Federal (FAC), da Secretaria de Estado de Cultura e Economia Criativa do Distrito Federal.<\/p>\n\n\n\n<figure class=\"wp-block-image size-large\"><img loading=\"lazy\" decoding=\"async\" width=\"1019\" height=\"1024\" src=\"https:\/\/cidadecult.com.br\/wp-content\/uploads\/2026\/08\/Cerco-Serie-Ophelianas-de-Valeria-Pena-Costa-1019x1024.jpeg\" alt=\"\" class=\"wp-image-19611\" srcset=\"https:\/\/cidadecult.com.br\/wp-content\/uploads\/2026\/08\/Cerco-Serie-Ophelianas-de-Valeria-Pena-Costa-1019x1024.jpeg 1019w, https:\/\/cidadecult.com.br\/wp-content\/uploads\/2026\/08\/Cerco-Serie-Ophelianas-de-Valeria-Pena-Costa-300x300.jpeg 300w, https:\/\/cidadecult.com.br\/wp-content\/uploads\/2026\/08\/Cerco-Serie-Ophelianas-de-Valeria-Pena-Costa-150x150.jpeg 150w, https:\/\/cidadecult.com.br\/wp-content\/uploads\/2026\/08\/Cerco-Serie-Ophelianas-de-Valeria-Pena-Costa-768x772.jpeg 768w, https:\/\/cidadecult.com.br\/wp-content\/uploads\/2026\/08\/Cerco-Serie-Ophelianas-de-Valeria-Pena-Costa-1529x1536.jpeg 1529w, https:\/\/cidadecult.com.br\/wp-content\/uploads\/2026\/08\/Cerco-Serie-Ophelianas-de-Valeria-Pena-Costa-2039x2048.jpeg 2039w, https:\/\/cidadecult.com.br\/wp-content\/uploads\/2026\/08\/Cerco-Serie-Ophelianas-de-Valeria-Pena-Costa-75x75.jpeg 75w, https:\/\/cidadecult.com.br\/wp-content\/uploads\/2026\/08\/Cerco-Serie-Ophelianas-de-Valeria-Pena-Costa-750x753.jpeg 750w, https:\/\/cidadecult.com.br\/wp-content\/uploads\/2026\/08\/Cerco-Serie-Ophelianas-de-Valeria-Pena-Costa-1140x1145.jpeg 1140w\" sizes=\"auto, (max-width: 1019px) 100vw, 1019px\" \/><figcaption class=\"wp-element-caption\">Val\u00e9ria Pena Costa<\/figcaption><\/figure>\n\n\n\n<p><strong>Servi\u00e7o<\/strong><\/p>\n\n\n\n<p><strong>Exposi\u00e7\u00e3o TRIEB+<\/strong><\/p>\n\n\n\n<ul class=\"wp-block-list\">\n<li><strong>Abertura:<\/strong> 19 de setembro (s\u00e1bado), \u00e0s 18h, com visita guiada das curadoras Gisel Carriconde Azevedo e Mar\u00edlia Panitz.<\/li>\n\n\n\n<li><strong>Visita\u00e7\u00e3o:<\/strong> At\u00e9 8 de novembro. De quinta-feira a s\u00e1bado, das 15h \u00e0s 19h.<\/li>\n\n\n\n<li><strong>A\u00e7\u00f5es Educativas:<\/strong>\n<ul class=\"wp-block-list\">\n<li>Rodas de conversa:\n<ul class=\"wp-block-list\">\n<li>Com Luciana Salum e Ludmila Moreira: 08\/10 (quinta-feira)<\/li>\n\n\n\n<li>Com Marco Ant\u00f4nio Vieira e Walter Menon: 23\/10 (sexta-feira)<\/li>\n<\/ul>\n<\/li>\n\n\n\n<li>Visita guiada dos artistas: 31\/10 (s\u00e1bado)<\/li>\n\n\n\n<li>Lan\u00e7amento do cat\u00e1logo impresso: 7\/11 (s\u00e1bado)<\/li>\n<\/ul>\n<\/li>\n\n\n\n<li><strong>Local:<\/strong> deCurators<\/li>\n\n\n\n<li><strong>Endere\u00e7o:<\/strong> SCLN 412 Bloco C lojas 12 e 22, Asa Norte, Bras\u00edlia\/DF<\/li>\n\n\n\n<li><strong>Entrada:<\/strong> Gratuita<\/li>\n\n\n\n<li><strong>Realiza\u00e7\u00e3o:<\/strong> deCurators<\/li>\n\n\n\n<li><strong>Instagram:<\/strong> <a href=\"https:\/\/www.google.com\/search?q=https:\/\/www.instagram.com\/decurators\" target=\"_blank\" rel=\"noreferrer noopener\">@decurators<\/a><\/li>\n\n\n\n<li><strong>Curadoria:<\/strong> Gisel Carriconde Azevedo e Mar\u00edlia Panitz<\/li>\n\n\n\n<li><strong>Classifica\u00e7\u00e3o indicativa:<\/strong> 14 anos<\/li>\n<\/ul>\n\n\n\n<p><strong>Sobre deCurators<\/strong><\/p>\n\n\n\n<p>O deCurators \u00e9 um espa\u00e7o independente de experimenta\u00e7\u00e3o curatorial, n\u00e3o comercial, que atua desde 2014 na forma\u00e7\u00e3o de artistas e na amplia\u00e7\u00e3o de p\u00fablico para a arte contempor\u00e2nea em Bras\u00edlia. Totalmente gratuito e gerido com recursos pr\u00f3prios, o espa\u00e7o consolidou-se como um n\u00facleo de investiga\u00e7\u00e3o e produ\u00e7\u00e3o no circuito local. Em 2024, ao completar dez anos de atividade, o deCurators ampliou sua atua\u00e7\u00e3o com a cria\u00e7\u00e3o de uma nova sala dedicada a instala\u00e7\u00f5es art\u00edsticas e obras <em>site-specific<\/em>, refor\u00e7ando seu compromisso com pr\u00e1ticas experimentais.<\/p>\n","protected":false},"excerpt":{"rendered":"<p>Mostra coletiva no deCurators, em Bras\u00edlia, debate o papel da maturidade e da puls\u00e3o criativa na arte contempor\u00e2nea com obras de quatro veteranos da cena local. O espa\u00e7o independente deCurators, na Asa Norte, apresenta a partir de 19 de setembro a exposi\u00e7\u00e3o TRIEB+, reunindo obras de diversas linguagens assinadas por quatro artistas com mais de [&hellip;]<\/p>\n","protected":false},"author":777,"featured_media":19608,"comment_status":"open","ping_status":"open","sticky":false,"template":"","format":"standard","meta":{"_monsterinsights_skip_tracking":false,"footnotes":"","jetpack_publicize_message":"","jetpack_publicize_feature_enabled":true,"jetpack_social_post_already_shared":true,"jetpack_social_options":{"image_generator_settings":{"template":"highway","default_image_id":0,"font":"","enabled":false},"version":2}},"categories":[2569],"tags":[10004,10006,10005,6670,10007,10008,6500,10002,10000,9999,10001,10009,9998],"class_list":["post-19607","post","type-post","status-publish","format-standard","has-post-thumbnail","hentry","category-arte","tag-andrea-campos-de-sa","tag-arte-contemporanea-df","tag-artistas-60","tag-cultura-brasilia","tag-decurators","tag-exposicao-de-arte-brasilia","tag-fac-df-3","tag-gisel-carriconde-azevedo","tag-marilia-panitz-2","tag-miguel-simao","tag-pulsao-criativa","tag-trieb","tag-valeria-pena-costa"],"jetpack_publicize_connections":[],"_links":{"self":[{"href":"https:\/\/cidadecult.com.br\/index.php?rest_route=\/wp\/v2\/posts\/19607","targetHints":{"allow":["GET"]}}],"collection":[{"href":"https:\/\/cidadecult.com.br\/index.php?rest_route=\/wp\/v2\/posts"}],"about":[{"href":"https:\/\/cidadecult.com.br\/index.php?rest_route=\/wp\/v2\/types\/post"}],"author":[{"embeddable":true,"href":"https:\/\/cidadecult.com.br\/index.php?rest_route=\/wp\/v2\/users\/777"}],"replies":[{"embeddable":true,"href":"https:\/\/cidadecult.com.br\/index.php?rest_route=%2Fwp%2Fv2%2Fcomments&post=19607"}],"version-history":[{"count":1,"href":"https:\/\/cidadecult.com.br\/index.php?rest_route=\/wp\/v2\/posts\/19607\/revisions"}],"predecessor-version":[{"id":19612,"href":"https:\/\/cidadecult.com.br\/index.php?rest_route=\/wp\/v2\/posts\/19607\/revisions\/19612"}],"wp:featuredmedia":[{"embeddable":true,"href":"https:\/\/cidadecult.com.br\/index.php?rest_route=\/wp\/v2\/media\/19608"}],"wp:attachment":[{"href":"https:\/\/cidadecult.com.br\/index.php?rest_route=%2Fwp%2Fv2%2Fmedia&parent=19607"}],"wp:term":[{"taxonomy":"category","embeddable":true,"href":"https:\/\/cidadecult.com.br\/index.php?rest_route=%2Fwp%2Fv2%2Fcategories&post=19607"},{"taxonomy":"post_tag","embeddable":true,"href":"https:\/\/cidadecult.com.br\/index.php?rest_route=%2Fwp%2Fv2%2Ftags&post=19607"}],"curies":[{"name":"wp","href":"https:\/\/api.w.org\/{rel}","templated":true}]}}