{"id":19604,"date":"2026-08-31T16:03:32","date_gmt":"2026-08-31T19:03:32","guid":{"rendered":"https:\/\/cidadecult.com.br\/?p=19604"},"modified":"2026-08-31T16:03:35","modified_gmt":"2026-08-31T19:03:35","slug":"radio-cultura-brasil-celebra-os-80-anos-de-aldir-blanc-com-programacao-especial","status":"publish","type":"post","link":"https:\/\/cidadecult.com.br\/?p=19604","title":{"rendered":"R\u00e1dio Cultura Brasil Celebra os 80 Anos de Aldir Blanc com Programa\u00e7\u00e3o Especial"},"content":{"rendered":"\n<p>Emissora dedica a quarta-feira (2\/9) ao legado do mestre da MPB, com depoimentos de grandes nomes da m\u00fasica e conte\u00fados exclusivos.<\/p>\n\n\n\n<p>Nesta quarta-feira (2\/9), a R\u00e1dio Cultura Brasil presta uma homenagem indispens\u00e1vel aos 80 anos de nascimento de um dos maiores poetas da nossa m\u00fasica: Aldir Blanc. A programa\u00e7\u00e3o especial foi desenhada para mergulhar na profundidade e na genialidade do compositor, cuja obra \u00e9 pilar fundamental da m\u00fasica popular brasileira.<\/p>\n\n\n\n<p>Com uma trajet\u00f3ria de meio s\u00e9culo dedicada \u00e0 arte, Aldir Blanc deixou um legado impressionante de mais de 600 can\u00e7\u00f5es. Al\u00e9m de sua maestria musical, destacou-se como um cronista perspicaz, com textos publicados nos principais jornais do Rio de Janeiro e uma dezena de livros editados, solidificando sua posi\u00e7\u00e3o como um observador arguto da alma brasileira.<\/p>\n\n\n\n<p><strong>Depoimentos e Relatos Hist\u00f3ricos<\/strong><\/p>\n\n\n\n<p>As edi\u00e7\u00f5es do <em>M\u00fasica e Not\u00edcia<\/em> (7h), <em>Galeria<\/em> (10h) e <em>Est\u00fadio 77<\/em> (14h) trarzem depoimentos emocionantes de artistas e personalidades que compartilharam a estrada e a vida com Aldir Blanc. Entre os convidados, destacam-se Jo\u00e3o Bosco, Guinga, Crist\u00f3v\u00e3o Bastos, Moacyr Luz, Celso Vi\u00e1fora, Ellen Ol\u00e9ria, V\u00edtor Ara\u00fajo, Teresa Cristina, Pasquale Cipro Neto, Maur\u00edcio Pereira e Luiz Fernando Vianna, autor da biografia <em>Aldir Blanc \u2013 resposta ao tempo<\/em>.<\/p>\n\n\n\n<p><strong>A Obra Atrav\u00e9s de \u00cdcones e Novas Gera\u00e7\u00f5es<\/strong><\/p>\n\n\n\n<p>No <em>Contraponto<\/em> (17h), Jo\u00e3o Marcello B\u00f4scoli conduz o ouvinte por hist\u00f3rias e relatos sobre o compositor, costurados por interpreta\u00e7\u00f5es inesquec\u00edveis de sua m\u00e3e, Elis Regina. Cl\u00e1ssicos como &#8220;Cors\u00e1rio&#8221;, &#8220;O mestre-sala dos mares&#8221; e o hino &#8220;O b\u00eabado e a equilibrista&#8221; ganhar\u00e3o novos contornos na transmiss\u00e3o.<\/p>\n\n\n\n<p>\u00c0 noite, o <em>Discoteca<\/em> (22h) celebra o letrista com uma sele\u00e7\u00e3o refinada que transita por sambas, choros, boleros, valsas e baladas. As vozes de Jo\u00e3o Bosco, Chico Buarque, Elis Regina, Zizi Possi, C\u00e9u, MPB-4, Maria Beth\u00e2nia e do pr\u00f3prio Aldir Blanc dar\u00e3o vida \u00e0 sua poesia.<\/p>\n\n\n\n<p>Encerrando esta jornada celebrativa, \u00e0s 23h, a emissora leva ao ar um programa especial produzido e apresentado por estudantes de Jornalismo, R\u00e1dio, TV e Internet. O especial oferece uma perspectiva \u00fanica sobre o perfil e a obra de Aldir Blanc, filtrada pelo olhar e sensibilidade de jovens estagi\u00e1rios da emissora, revelando como a obra do mestre segue viva e relevante para as novas gera\u00e7\u00f5es, que a conheceram principalmente atrav\u00e9s de seus grandes int\u00e9rpretes.<\/p>\n\n\n\n<p><strong>Servi\u00e7o:<\/strong><\/p>\n\n\n\n<p><strong>Rio, ruas e risos de Aldir Blanc \u2013 80 anos de seu nascimento<\/strong><strong>Quando:<\/strong> Quarta-feira, 2 de setembro de 2026.<\/p>\n\n\n\n<figure class=\"wp-block-image size-large\"><img loading=\"lazy\" decoding=\"async\" width=\"669\" height=\"1024\" src=\"https:\/\/cidadecult.com.br\/wp-content\/uploads\/2026\/08\/unnamed-12-669x1024.jpg\" alt=\"\" class=\"wp-image-19605\" srcset=\"https:\/\/cidadecult.com.br\/wp-content\/uploads\/2026\/08\/unnamed-12-669x1024.jpg 669w, https:\/\/cidadecult.com.br\/wp-content\/uploads\/2026\/08\/unnamed-12-196x300.jpg 196w, https:\/\/cidadecult.com.br\/wp-content\/uploads\/2026\/08\/unnamed-12-768x1176.jpg 768w, https:\/\/cidadecult.com.br\/wp-content\/uploads\/2026\/08\/unnamed-12-750x1148.jpg 750w, https:\/\/cidadecult.com.br\/wp-content\/uploads\/2026\/08\/unnamed-12.jpg 800w\" sizes=\"auto, (max-width: 669px) 100vw, 669px\" \/><figcaption class=\"wp-element-caption\">Divulga\u00e7\u00e3o<\/figcaption><\/figure>\n\n\n\n<p><strong>Grade de Programa\u00e7\u00e3o Especial:<\/strong><\/p>\n\n\n\n<ul class=\"wp-block-list\">\n<li><strong>M\u00fasica e Not\u00edcia (7h):<\/strong> com Laura Mayumi<\/li>\n\n\n\n<li><strong>Galeria (10h):<\/strong> com Fabiana Ferraz<\/li>\n\n\n\n<li><strong>Est\u00fadio 77 (14h):<\/strong> com Alexandre Ingrevallo<\/li>\n\n\n\n<li><strong>Contraponto (17h):<\/strong> com Jo\u00e3o Marcello B\u00f4scoli<\/li>\n\n\n\n<li><strong>Discoteca (22h):<\/strong> com Teca Lima<\/li>\n\n\n\n<li><strong>Programa de est\u00e1gio (23h):<\/strong> Produ\u00e7\u00e3o especial<\/li>\n<\/ul>\n\n\n\n<p><strong>R\u00e1dio Cultura Brasil<\/strong> FM \u2013 77,9 MHz Site oficial: <a target=\"_blank\" rel=\"noreferrer noopener\" href=\"https:\/\/www.culturabrasil.com\">www.culturabrasil.com<\/a>.br<\/p>\n","protected":false},"excerpt":{"rendered":"<p>Emissora dedica a quarta-feira (2\/9) ao legado do mestre da MPB, com depoimentos de grandes nomes da m\u00fasica e conte\u00fados exclusivos. Nesta quarta-feira (2\/9), a R\u00e1dio Cultura Brasil presta uma homenagem indispens\u00e1vel aos 80 anos de nascimento de um dos maiores poetas da nossa m\u00fasica: Aldir Blanc. A programa\u00e7\u00e3o especial foi desenhada para mergulhar na [&hellip;]<\/p>\n","protected":false},"author":777,"featured_media":19605,"comment_status":"open","ping_status":"open","sticky":false,"template":"","format":"standard","meta":{"_monsterinsights_skip_tracking":false,"footnotes":"","jetpack_publicize_message":"","jetpack_publicize_feature_enabled":true,"jetpack_social_post_already_shared":false,"jetpack_social_options":{"image_generator_settings":{"template":"highway","default_image_id":0,"font":"","enabled":false},"version":2}},"categories":[6],"tags":[8721,134,7546,81,8572,6104,6257,9996,7891],"class_list":["post-19604","post","type-post","status-publish","format-standard","has-post-thumbnail","hentry","category-music","tag-aldir-blanc","tag-cultura","tag-elis-regina","tag-homenagem","tag-joao-bosco","tag-mpb-2","tag-musica-brasileira","tag-programacao-especial","tag-radio-cultura-brasil"],"jetpack_publicize_connections":[],"_links":{"self":[{"href":"https:\/\/cidadecult.com.br\/index.php?rest_route=\/wp\/v2\/posts\/19604","targetHints":{"allow":["GET"]}}],"collection":[{"href":"https:\/\/cidadecult.com.br\/index.php?rest_route=\/wp\/v2\/posts"}],"about":[{"href":"https:\/\/cidadecult.com.br\/index.php?rest_route=\/wp\/v2\/types\/post"}],"author":[{"embeddable":true,"href":"https:\/\/cidadecult.com.br\/index.php?rest_route=\/wp\/v2\/users\/777"}],"replies":[{"embeddable":true,"href":"https:\/\/cidadecult.com.br\/index.php?rest_route=%2Fwp%2Fv2%2Fcomments&post=19604"}],"version-history":[{"count":1,"href":"https:\/\/cidadecult.com.br\/index.php?rest_route=\/wp\/v2\/posts\/19604\/revisions"}],"predecessor-version":[{"id":19606,"href":"https:\/\/cidadecult.com.br\/index.php?rest_route=\/wp\/v2\/posts\/19604\/revisions\/19606"}],"wp:featuredmedia":[{"embeddable":true,"href":"https:\/\/cidadecult.com.br\/index.php?rest_route=\/wp\/v2\/media\/19605"}],"wp:attachment":[{"href":"https:\/\/cidadecult.com.br\/index.php?rest_route=%2Fwp%2Fv2%2Fmedia&parent=19604"}],"wp:term":[{"taxonomy":"category","embeddable":true,"href":"https:\/\/cidadecult.com.br\/index.php?rest_route=%2Fwp%2Fv2%2Fcategories&post=19604"},{"taxonomy":"post_tag","embeddable":true,"href":"https:\/\/cidadecult.com.br\/index.php?rest_route=%2Fwp%2Fv2%2Ftags&post=19604"}],"curies":[{"name":"wp","href":"https:\/\/api.w.org\/{rel}","templated":true}]}}