{"id":19595,"date":"2026-08-31T15:33:31","date_gmt":"2026-08-31T18:33:31","guid":{"rendered":"https:\/\/cidadecult.com.br\/?p=19595"},"modified":"2026-08-31T15:33:34","modified_gmt":"2026-08-31T18:33:34","slug":"semana-do-cinema-kinoplex-tera-ingressos-a-partir-de-r-10-em-setembro","status":"publish","type":"post","link":"https:\/\/cidadecult.com.br\/?p=19595","title":{"rendered":"Semana do Cinema: Kinoplex ter\u00e1 ingressos a partir de R$ 10 em setembro"},"content":{"rendered":"\n<p><strong>Promo\u00e7\u00e3o acontece de 10 a 16 de setembro em unidades da rede pelo Brasil; sess\u00f5es em salas standard e KinoEvolution custar\u00e3o R$ 10 antes das 17h e R$ 12 nos demais hor\u00e1rios<\/strong><\/p>\n\n\n\n<p>Quem estava esperando uma oportunidade para voltar \u00e0s telonas pagando menos j\u00e1 pode marcar a data. O <strong>Kinoplex participa da Semana do Cinema 2026<\/strong>, que acontece entre os dias <strong>10 e 16 de setembro<\/strong>, com ingressos promocionais em suas unidades pelo Brasil.<\/p>\n\n\n\n<p>Nas salas <strong>standard e KinoEvolution<\/strong>, as sess\u00f5es iniciadas antes das 17h ter\u00e3o ingressos por <strong>R$ 10<\/strong>. Para os demais hor\u00e1rios, o valor ser\u00e1 de <strong>R$ 12<\/strong>.<\/p>\n\n\n\n<p>J\u00e1 nas salas <strong>Platinum e IMAX<\/strong>, a rede informou que, durante o per\u00edodo da promo\u00e7\u00e3o, todos os clientes ter\u00e3o direito ao valor de meia-entrada.<\/p>\n\n\n\n<p>A Semana do Cinema \u00e9 uma iniciativa nacional promovida pela Federa\u00e7\u00e3o Nacional das Empresas Exibidoras Cinematogr\u00e1ficas (FENEEC) e re\u00fane redes de cinema de diferentes regi\u00f5es do pa\u00eds.<\/p>\n\n\n\n<h2 class=\"wp-block-heading\">Quanto custam os ingressos no Kinoplex durante a Semana do Cinema?<\/h2>\n\n\n\n<p>Confira as condi\u00e7\u00f5es divulgadas pela rede:<\/p>\n\n\n\n<p><strong>Salas standard e KinoEvolution<\/strong><\/p>\n\n\n\n<ul class=\"wp-block-list\">\n<li>Sess\u00f5es iniciadas antes das 17h: <strong>R$ 10<\/strong><\/li>\n\n\n\n<li>Demais hor\u00e1rios: <strong>R$ 12<\/strong><\/li>\n<\/ul>\n\n\n\n<p><strong>Salas Platinum e IMAX<\/strong><\/p>\n\n\n\n<ul class=\"wp-block-list\">\n<li>Durante a promo\u00e7\u00e3o, <strong>todos pagam meia-entrada<\/strong>, de acordo com o valor praticado pela unidade e sess\u00e3o.<\/li>\n<\/ul>\n\n\n\n<p>A recomenda\u00e7\u00e3o \u00e9 consultar previamente a programa\u00e7\u00e3o e as condi\u00e7\u00f5es espec\u00edficas do cinema escolhido.<\/p>\n\n\n\n<h2 class=\"wp-block-heading\">Combo com pipoca, balde tem\u00e1tico e refrigerante por R$ 39,99<\/h2>\n\n\n\n<p>O desconto n\u00e3o ficar\u00e1 restrito aos ingressos.<\/p>\n\n\n\n<p>Durante a Semana do Cinema, o Kinoplex tamb\u00e9m ter\u00e1 um <strong>combo promocional por R$ 39,99<\/strong>, composto por um balde tem\u00e1tico cheio de pipoca e um refrigerante de 700 ml.<\/p>\n\n\n\n<p>Segundo a rede, poder\u00e3o ser oferecidos baldes tem\u00e1ticos de diferentes filmes e personagens, incluindo op\u00e7\u00f5es relacionadas a Homem-Aranha, Minions e Baby Yoda, conforme disponibilidade.<\/p>\n\n\n\n<h2 class=\"wp-block-heading\">Quando acontece a Semana do Cinema 2026?<\/h2>\n\n\n\n<p>Esta edi\u00e7\u00e3o ser\u00e1 realizada entre <strong>10 e 16 de setembro de 2026<\/strong>, incluindo o fim de semana.<\/p>\n\n\n\n<p>A campanha nacional chega \u00e0 nona edi\u00e7\u00e3o e busca estimular a ida \u00e0s salas de cinema por meio de pre\u00e7os reduzidos.<\/p>\n\n\n\n<p>Desde sua cria\u00e7\u00e3o, a Semana do Cinema j\u00e1 levou mais de 26 milh\u00f5es de espectadores \u00e0s salas participantes no pa\u00eds.<\/p>\n\n\n\n<h2 class=\"wp-block-heading\">Como conferir os filmes em cartaz?<\/h2>\n\n\n\n<p>A programa\u00e7\u00e3o varia de acordo com cada unidade do Kinoplex. Por isso, quem pretende aproveitar os pre\u00e7os promocionais deve consultar antecipadamente os filmes, sess\u00f5es e hor\u00e1rios dispon\u00edveis no cinema escolhido.<\/p>\n\n\n\n<p>As condi\u00e7\u00f5es tamb\u00e9m podem variar conforme o tipo de sala e conte\u00fados especiais.<\/p>\n\n\n\n<p><strong>Servi\u00e7o<\/strong><\/p>\n\n\n\n<p><strong>Semana do Cinema no Kinoplex<\/strong><br><strong>Quando:<\/strong> 10 a 16 de setembro de 2026<br><strong>Salas standard e KinoEvolution:<\/strong> R$ 10 para sess\u00f5es iniciadas antes das 17h e R$ 12 nos demais hor\u00e1rios<br><strong>Platinum e IMAX:<\/strong> todos pagam meia-entrada durante a promo\u00e7\u00e3o<br><strong>Combo promocional:<\/strong> R$ 39,99, com balde tem\u00e1tico com pipoca + refrigerante de 700 ml<br><strong>Programa\u00e7\u00e3o:<\/strong> consultar o site e os canais oficiais do Kinoplex<\/p>\n","protected":false},"excerpt":{"rendered":"<p>Promo\u00e7\u00e3o acontece de 10 a 16 de setembro em unidades da rede pelo Brasil; sess\u00f5es em salas standard e KinoEvolution custar\u00e3o R$ 10 antes das 17h e R$ 12 nos demais hor\u00e1rios Quem estava esperando uma oportunidade para voltar \u00e0s telonas pagando menos j\u00e1 pode marcar a data. O Kinoplex participa da Semana do Cinema [&hellip;]<\/p>\n","protected":false},"author":777,"featured_media":19596,"comment_status":"open","ping_status":"open","sticky":false,"template":"","format":"standard","meta":{"_monsterinsights_skip_tracking":false,"footnotes":"","jetpack_publicize_message":"","jetpack_publicize_feature_enabled":true,"jetpack_social_post_already_shared":true,"jetpack_social_options":{"image_generator_settings":{"template":"highway","default_image_id":0,"font":"","enabled":false},"version":2}},"categories":[232],"tags":[615,9987,9983,408,9985,9981,9988,9982,9986,9984],"class_list":["post-19595","post","type-post","status-publish","format-standard","has-post-thumbnail","hentry","category-cinema","tag-cinema-2","tag-cinema2026","tag-cinemavip","tag-cultura-2","tag-entretenimento-2","tag-filmes-2","tag-ingressopromocional","tag-kinoevolution","tag-kinoplex","tag-semanadocinema"],"jetpack_publicize_connections":[],"_links":{"self":[{"href":"https:\/\/cidadecult.com.br\/index.php?rest_route=\/wp\/v2\/posts\/19595","targetHints":{"allow":["GET"]}}],"collection":[{"href":"https:\/\/cidadecult.com.br\/index.php?rest_route=\/wp\/v2\/posts"}],"about":[{"href":"https:\/\/cidadecult.com.br\/index.php?rest_route=\/wp\/v2\/types\/post"}],"author":[{"embeddable":true,"href":"https:\/\/cidadecult.com.br\/index.php?rest_route=\/wp\/v2\/users\/777"}],"replies":[{"embeddable":true,"href":"https:\/\/cidadecult.com.br\/index.php?rest_route=%2Fwp%2Fv2%2Fcomments&post=19595"}],"version-history":[{"count":1,"href":"https:\/\/cidadecult.com.br\/index.php?rest_route=\/wp\/v2\/posts\/19595\/revisions"}],"predecessor-version":[{"id":19597,"href":"https:\/\/cidadecult.com.br\/index.php?rest_route=\/wp\/v2\/posts\/19595\/revisions\/19597"}],"wp:featuredmedia":[{"embeddable":true,"href":"https:\/\/cidadecult.com.br\/index.php?rest_route=\/wp\/v2\/media\/19596"}],"wp:attachment":[{"href":"https:\/\/cidadecult.com.br\/index.php?rest_route=%2Fwp%2Fv2%2Fmedia&parent=19595"}],"wp:term":[{"taxonomy":"category","embeddable":true,"href":"https:\/\/cidadecult.com.br\/index.php?rest_route=%2Fwp%2Fv2%2Fcategories&post=19595"},{"taxonomy":"post_tag","embeddable":true,"href":"https:\/\/cidadecult.com.br\/index.php?rest_route=%2Fwp%2Fv2%2Ftags&post=19595"}],"curies":[{"name":"wp","href":"https:\/\/api.w.org\/{rel}","templated":true}]}}