{"id":19585,"date":"2026-08-31T15:20:36","date_gmt":"2026-08-31T18:20:36","guid":{"rendered":"https:\/\/cidadecult.com.br\/?p=19585"},"modified":"2026-08-31T15:20:38","modified_gmt":"2026-08-31T18:20:38","slug":"rock-in-rio-2026-coca-cola-tera-shows-exclusivos-minicd-com-nfc-e-fila-digital","status":"publish","type":"post","link":"https:\/\/cidadecult.com.br\/?p=19585","title":{"rendered":"Rock in Rio 2026: Coca-Cola ter\u00e1 shows exclusivos, MiniCD com NFC e fila digital"},"content":{"rendered":"\n<p><strong>Espa\u00e7o da marca na Cidade do Rock ter\u00e1 programa\u00e7\u00e3o com AJULIACOSTA, Bonde do Tigr\u00e3o, Japa NK e outros artistas, al\u00e9m de brindes tecnol\u00f3gicos e a\u00e7\u00f5es de sustentabilidade<\/strong><\/p>\n\n\n\n<p>O Rock in Rio 2026 ganha uma programa\u00e7\u00e3o paralela que promete ampliar as op\u00e7\u00f5es para quem circula pela Cidade do Rock. Durante os sete dias do festival, a Coca-Cola ter\u00e1 um espa\u00e7o pr\u00f3prio com apresenta\u00e7\u00f5es de DJs e artistas brasileiros, distribui\u00e7\u00e3o de brindes, experi\u00eancias digitais e iniciativas de sustentabilidade.<\/p>\n\n\n\n<p>Entre os nomes confirmados est\u00e3o <strong>AJULIACOSTA, Bonde do Tigr\u00e3o, Japa NK, Bonde das Maravilhas, Bia Marques e DJ Tamy<\/strong>. A programa\u00e7\u00e3o ter\u00e1 ainda a DJ <strong>Marisa daMato como residente durante todos os dias do evento<\/strong>.<\/p>\n\n\n\n<p>O Rock in Rio acontece nos dias <strong>4, 5, 6, 7, 11, 12 e 13 de setembro de 2026<\/strong>, no Rio de Janeiro.<\/p>\n\n\n\n<figure class=\"wp-block-image size-full\"><img loading=\"lazy\" decoding=\"async\" width=\"687\" height=\"385\" src=\"https:\/\/cidadecult.com.br\/wp-content\/uploads\/2026\/08\/coca-cola-2-1.png\" alt=\"\" class=\"wp-image-19589\" srcset=\"https:\/\/cidadecult.com.br\/wp-content\/uploads\/2026\/08\/coca-cola-2-1.png 687w, https:\/\/cidadecult.com.br\/wp-content\/uploads\/2026\/08\/coca-cola-2-1-300x168.png 300w\" sizes=\"auto, (max-width: 687px) 100vw, 687px\" \/><\/figure>\n\n\n\n<h2 class=\"wp-block-heading\">MiniCD resgata nostalgia dos anos 2000<\/h2>\n\n\n\n<p>Uma das novidades que devem despertar a curiosidade do p\u00fablico \u00e9 um <strong>MiniCD exclusivo do Rock in Rio 2026<\/strong>.<\/p>\n\n\n\n<p>Inspirado nos CDs colecion\u00e1veis da Coca-Cola que fizeram sucesso nos anos 2000, o novo item mistura nostalgia e tecnologia. Apesar do formato retr\u00f4, ele utiliza <strong>NFC<\/strong>: ao aproximar o celular, o visitante poder\u00e1 acessar uma playlist exclusiva com curadoria da Billboard.<\/p>\n\n\n\n<p>A sele\u00e7\u00e3o musical re\u00fane diferentes estilos e artistas relacionados \u00e0 programa\u00e7\u00e3o apresentada no espa\u00e7o da marca durante o festival.<\/p>\n\n\n\n<p>Al\u00e9m de item colecion\u00e1vel, o MiniCD foi desenvolvido para ser usado como acess\u00f3rio, inclusive preso a bolsas ou como chaveiro.<\/p>\n\n\n\n<h2 class=\"wp-block-heading\">Como conseguir o MiniCD da Coca-Cola no Rock in Rio<\/h2>\n\n\n\n<figure class=\"wp-block-image size-full\"><img loading=\"lazy\" decoding=\"async\" width=\"627\" height=\"627\" src=\"https:\/\/cidadecult.com.br\/wp-content\/uploads\/2026\/08\/coca-cola-3.png\" alt=\"\" class=\"wp-image-19586\" srcset=\"https:\/\/cidadecult.com.br\/wp-content\/uploads\/2026\/08\/coca-cola-3.png 627w, https:\/\/cidadecult.com.br\/wp-content\/uploads\/2026\/08\/coca-cola-3-300x300.png 300w, https:\/\/cidadecult.com.br\/wp-content\/uploads\/2026\/08\/coca-cola-3-150x150.png 150w, https:\/\/cidadecult.com.br\/wp-content\/uploads\/2026\/08\/coca-cola-3-75x75.png 75w\" sizes=\"auto, (max-width: 627px) 100vw, 627px\" \/><\/figure>\n\n\n\n<p>Para retirar o brinde, os visitantes poder\u00e3o fazer um cadastro em uma <strong>fila digital<\/strong> e acompanhar pelo celular a posi\u00e7\u00e3o e o momento previsto para a retirada.<\/p>\n\n\n\n<p>A tecnologia j\u00e1 havia sido utilizada pela marca durante o Lollapalooza Brasil 2026 e chega agora ao Rock in Rio com a proposta de diminuir o tempo gasto em filas f\u00edsicas.<\/p>\n\n\n\n<p>Quem consumir Coca-Cola dentro do festival tamb\u00e9m receber\u00e1 um copo exclusivo ligado \u00e0 chamada \u201cPromo\u00e7\u00e3o Copos Coca-Cola\u201d. Segundo as informa\u00e7\u00f5es divulgadas pela empresa, a a\u00e7\u00e3o permitir\u00e1 concorrer instantaneamente a milhares de MiniCDs e tamb\u00e9m a acessos \u00e0 \u00e1rea VIP, conforme as regras da promo\u00e7\u00e3o.<\/p>\n\n\n\n<p>A marca tamb\u00e9m preparou uma <strong>lata comemorativa do Rock in Rio 2026<\/strong>, com grafismos inspirados em movimentos e vibra\u00e7\u00f5es associados \u00e0 m\u00fasica.<\/p>\n\n\n\n<h2 class=\"wp-block-heading\">Confira o line-up do espa\u00e7o da Coca-Cola no Rock in Rio 2026<\/h2>\n\n\n\n<p>A programa\u00e7\u00e3o pr\u00f3pria ter\u00e1 artistas e DJs de diferentes estilos ao longo dos sete dias de festival.<\/p>\n\n\n\n<p><strong>4 de setembro<\/strong><br>Mar\u00e9 Tardia, Tropicals e Fuze<\/p>\n\n\n\n<p><strong>5 de setembro<\/strong><br>Matheus Torres, Rapha Lima e The M\u00f6nic convida Ra\u00ed D\u00f4<\/p>\n\n\n\n<p><strong>6 de setembro<\/strong><br>Duh Marinho, Japa NK e Bia Marques<\/p>\n\n\n\n<p><strong>7 de setembro<\/strong><br>Ale, Nepal e 2ZDinizz<\/p>\n\n\n\n<p><strong>11 de setembro<\/strong><br>Barona, Carol Emmerick e Bonde do Tigr\u00e3o<\/p>\n\n\n\n<p><strong>12 de setembro<\/strong><br>King, Syon Trio e Bonde das Maravilhas<\/p>\n\n\n\n<p><strong>13 de setembro<\/strong><br>Unna X, DJ Tamy e AJULIACOSTA<\/p>\n\n\n\n<p><strong>DJ residente em todos os dias:<\/strong> Marisa daMato<\/p>\n\n\n\n<p>Os hor\u00e1rios das apresenta\u00e7\u00f5es dever\u00e3o ser divulgados posteriormente nos canais oficiais da Coca-Cola.<\/p>\n\n\n\n<h2 class=\"wp-block-heading\">M\u00fasica al\u00e9m dos grandes palcos<\/h2>\n\n\n\n<p>Com o conceito <strong>\u201cAumente o Volume\u201d<\/strong>, a Coca-Cola pretende transformar seu espa\u00e7o em mais um ponto de encontro musical dentro da Cidade do Rock.<\/p>\n\n\n\n<p>Segundo Eduardo Rubinstein, diretor de Entretenimento e Cultura da Coca-Cola Brasil, a participa\u00e7\u00e3o da companhia no festival busca aproximar a marca das experi\u00eancias e das mem\u00f3rias constru\u00eddas pelo p\u00fablico durante os shows.<\/p>\n\n\n\n<p>A curadoria musical do espa\u00e7o \u00e9 assinada pela Billboard e combina artistas em ascens\u00e3o, DJs e nomes conhecidos da m\u00fasica e do entretenimento brasileiros.<\/p>\n\n\n\n<p>Segundo pesquisa da Ilumeo citada pela companhia, a Coca-Cola aparece como a marca mais associada a festivais de m\u00fasica e shows no Brasil.<\/p>\n\n\n\n<h2 class=\"wp-block-heading\">Sustentabilidade tamb\u00e9m entra na programa\u00e7\u00e3o<\/h2>\n\n\n\n<p>Al\u00e9m das experi\u00eancias de m\u00fasica e entretenimento, a opera\u00e7\u00e3o no Rock in Rio contar\u00e1 com iniciativas relacionadas \u00e0 gest\u00e3o de res\u00edduos.<\/p>\n\n\n\n<p>Est\u00e3o previstos <strong>copos retorn\u00e1veis, pontos de coleta e tr\u00eas ecopontos digitais destinados a latas<\/strong>. Uma parceria entre Coca-Cola Andina e ANCAT tamb\u00e9m ser\u00e1 respons\u00e1vel por a\u00e7\u00f5es de coleta e compra de res\u00edduos produzidos durante o evento.<\/p>\n\n\n\n<p>Na \u00e1rea social, a companhia apoiar\u00e1 a <strong>A\u00e7\u00e3o da Cidadania<\/strong> em uma mobiliza\u00e7\u00e3o de combate \u00e0 fome. Entre as iniciativas previstas est\u00e3o doa\u00e7\u00f5es realizadas pelo p\u00fablico na Esta\u00e7\u00e3o para Mudar o Mundo e um leil\u00e3o solid\u00e1rio com itens cedidos por participantes e artistas.<\/p>\n\n\n\n<p>Outra novidade ser\u00e1 a participa\u00e7\u00e3o da Coca-Cola, pela primeira vez, no <strong>Rock in Rio Academy<\/strong>, espa\u00e7o dedicado \u00e0 troca de conhecimento sobre a realiza\u00e7\u00e3o de grandes eventos.<\/p>\n\n\n\n<p>A companhia tamb\u00e9m participa da reedi\u00e7\u00e3o do <strong>Guia de Sustentabilidade para Festivais<\/strong>, desenvolvido em parceria com a PUC-Rio.<\/p>\n\n\n\n<p>Com m\u00fasica, tecnologia, nostalgia e experi\u00eancias distribu\u00eddas pela Cidade do Rock, as ativa\u00e7\u00f5es mostram como os espa\u00e7os de marcas v\u00eam se transformando em atra\u00e7\u00f5es paralelas dentro dos grandes festivais \u2014 e, em alguns casos, com programa\u00e7\u00e3o capaz de disputar a aten\u00e7\u00e3o do p\u00fablico entre um palco e outro.<\/p>\n","protected":false},"excerpt":{"rendered":"<p>Espa\u00e7o da marca na Cidade do Rock ter\u00e1 programa\u00e7\u00e3o com AJULIACOSTA, Bonde do Tigr\u00e3o, Japa NK e outros artistas, al\u00e9m de brindes tecnol\u00f3gicos e a\u00e7\u00f5es de sustentabilidade O Rock in Rio 2026 ganha uma programa\u00e7\u00e3o paralela que promete ampliar as op\u00e7\u00f5es para quem circula pela Cidade do Rock. Durante os sete dias do festival, a [&hellip;]<\/p>\n","protected":false},"author":777,"featured_media":19588,"comment_status":"open","ping_status":"open","sticky":false,"template":"","format":"standard","meta":{"_monsterinsights_skip_tracking":false,"footnotes":"","jetpack_publicize_message":"","jetpack_publicize_feature_enabled":true,"jetpack_social_post_already_shared":true,"jetpack_social_options":{"image_generator_settings":{"template":"highway","default_image_id":0,"font":"","enabled":false},"version":2}},"categories":[6],"tags":[9968,9972,9971,9970,9966,9969,9967,9973,579,5424,9965,859,506],"class_list":["post-19585","post","type-post","status-publish","format-standard","has-post-thumbnail","hentry","category-music","tag-ajuliacosta","tag-bondedasmaravilhas","tag-bondedotigrao","tag-cidadedorock","tag-cocacola","tag-festivais-2","tag-japank","tag-minicd","tag-musica-2","tag-rockinrio","tag-rockinrio2026","tag-sustentabilidade-2","tag-tecnologia-2"],"jetpack_publicize_connections":[],"_links":{"self":[{"href":"https:\/\/cidadecult.com.br\/index.php?rest_route=\/wp\/v2\/posts\/19585","targetHints":{"allow":["GET"]}}],"collection":[{"href":"https:\/\/cidadecult.com.br\/index.php?rest_route=\/wp\/v2\/posts"}],"about":[{"href":"https:\/\/cidadecult.com.br\/index.php?rest_route=\/wp\/v2\/types\/post"}],"author":[{"embeddable":true,"href":"https:\/\/cidadecult.com.br\/index.php?rest_route=\/wp\/v2\/users\/777"}],"replies":[{"embeddable":true,"href":"https:\/\/cidadecult.com.br\/index.php?rest_route=%2Fwp%2Fv2%2Fcomments&post=19585"}],"version-history":[{"count":1,"href":"https:\/\/cidadecult.com.br\/index.php?rest_route=\/wp\/v2\/posts\/19585\/revisions"}],"predecessor-version":[{"id":19591,"href":"https:\/\/cidadecult.com.br\/index.php?rest_route=\/wp\/v2\/posts\/19585\/revisions\/19591"}],"wp:featuredmedia":[{"embeddable":true,"href":"https:\/\/cidadecult.com.br\/index.php?rest_route=\/wp\/v2\/media\/19588"}],"wp:attachment":[{"href":"https:\/\/cidadecult.com.br\/index.php?rest_route=%2Fwp%2Fv2%2Fmedia&parent=19585"}],"wp:term":[{"taxonomy":"category","embeddable":true,"href":"https:\/\/cidadecult.com.br\/index.php?rest_route=%2Fwp%2Fv2%2Fcategories&post=19585"},{"taxonomy":"post_tag","embeddable":true,"href":"https:\/\/cidadecult.com.br\/index.php?rest_route=%2Fwp%2Fv2%2Ftags&post=19585"}],"curies":[{"name":"wp","href":"https:\/\/api.w.org\/{rel}","templated":true}]}}