{"id":19580,"date":"2026-08-31T12:22:07","date_gmt":"2026-08-31T15:22:07","guid":{"rendered":"https:\/\/cidadecult.com.br\/?p=19580"},"modified":"2026-08-31T12:22:09","modified_gmt":"2026-08-31T15:22:09","slug":"opera-faust-ganha-montagem-inedita-e-gratuita-em-brasilia","status":"publish","type":"post","link":"https:\/\/cidadecult.com.br\/?p=19580","title":{"rendered":"\u00d3pera \u201cFaust\u201d ganha montagem in\u00e9dita e gratuita em Bras\u00edlia"},"content":{"rendered":"\n<p><strong>Cia. de Cantores L\u00edricos de Bras\u00edlia apresenta cl\u00e1ssico de Charles Gounod em tr\u00eas sess\u00f5es nos dias 6 e 7 de setembro, no Teatro da Caesb, em \u00c1guas Claras<\/strong><\/p>\n\n\n\n<p>Um pacto com o diabo em troca da juventude e do amor est\u00e1 no centro de uma das hist\u00f3rias mais conhecidas da literatura e da \u00f3pera mundial. Nos dias <strong>6 e 7 de setembro<\/strong>, o p\u00fablico brasiliense poder\u00e1 conferir gratuitamente uma nova montagem de <strong>\u201cFaust\u201d<\/strong>, do compositor franc\u00eas Charles Gounod.<\/p>\n\n\n\n<p>Produzido pela <strong>Cia. de Cantores L\u00edricos de Bras\u00edlia<\/strong>, o espet\u00e1culo ter\u00e1 apenas tr\u00eas apresenta\u00e7\u00f5es no <strong>Teatro da Caesb, em \u00c1guas Claras<\/strong>: dia 6, \u00e0s 19h, e dia 7 de setembro, \u00e0s 17h e \u00e0s 19h30.<\/p>\n\n\n\n<p>Os ingressos s\u00e3o gratuitos, com retirada antecipada pela plataforma Sympla. A montagem tem classifica\u00e7\u00e3o indicativa para maiores de 10 anos e contar\u00e1 com recursos de acessibilidade.<\/p>\n\n\n\n<p>Realizada com recursos do <strong>Fundo de Apoio \u00e0 Cultura do Distrito Federal (FAC-DF)<\/strong>, a produ\u00e7\u00e3o marca as comemora\u00e7\u00f5es do 7 de Setembro e aposta em uma encena\u00e7\u00e3o que busca aproximar a \u00f3pera de novos p\u00fablicos.<\/p>\n\n\n\n<figure class=\"wp-block-image size-large\"><img loading=\"lazy\" decoding=\"async\" width=\"683\" height=\"1024\" src=\"https:\/\/cidadecult.com.br\/wp-content\/uploads\/2026\/08\/Opera-Fausto-5.jpg-683x1024.jpeg\" alt=\"\" class=\"wp-image-19582\" srcset=\"https:\/\/cidadecult.com.br\/wp-content\/uploads\/2026\/08\/Opera-Fausto-5.jpg-683x1024.jpeg 683w, https:\/\/cidadecult.com.br\/wp-content\/uploads\/2026\/08\/Opera-Fausto-5.jpg-200x300.jpeg 200w, https:\/\/cidadecult.com.br\/wp-content\/uploads\/2026\/08\/Opera-Fausto-5.jpg-768x1152.jpeg 768w, https:\/\/cidadecult.com.br\/wp-content\/uploads\/2026\/08\/Opera-Fausto-5.jpg-1024x1536.jpeg 1024w, https:\/\/cidadecult.com.br\/wp-content\/uploads\/2026\/08\/Opera-Fausto-5.jpg-1365x2048.jpeg 1365w, https:\/\/cidadecult.com.br\/wp-content\/uploads\/2026\/08\/Opera-Fausto-5.jpg-750x1125.jpeg 750w, https:\/\/cidadecult.com.br\/wp-content\/uploads\/2026\/08\/Opera-Fausto-5.jpg-1140x1710.jpeg 1140w, https:\/\/cidadecult.com.br\/wp-content\/uploads\/2026\/08\/Opera-Fausto-5.jpg-scaled.jpeg 1707w\" sizes=\"auto, (max-width: 683px) 100vw, 683px\" \/><figcaption class=\"wp-element-caption\">Divulga\u00e7\u00e3o<\/figcaption><\/figure>\n\n\n\n<h2 class=\"wp-block-heading\">Um cl\u00e1ssico sobre desejo, juventude e as consequ\u00eancias das escolhas<\/h2>\n\n\n\n<p>Inspirada na c\u00e9lebre hist\u00f3ria de <strong>Fausto, de Johann Wolfgang von Goethe<\/strong>, a \u00f3pera acompanha um estudioso envelhecido e frustrado que acredita ter desperdi\u00e7ado a vida em busca do conhecimento.<\/p>\n\n\n\n<p>Desesperan\u00e7ado, Fausto invoca for\u00e7as infernais e encontra Mefist\u00f3feles, que lhe oferece a possibilidade de recuperar a juventude.<\/p>\n\n\n\n<p>O pre\u00e7o \u00e9 alto: em troca dos prazeres e desejos realizados durante a vida terrena, Fausto entrega sua alma.<\/p>\n\n\n\n<p>Transformado novamente em um jovem, ele conhece Marguerite, personagem que ocupa papel central no desenrolar de uma hist\u00f3ria marcada por paix\u00e3o, tenta\u00e7\u00e3o, conflito moral e trag\u00e9dia.<\/p>\n\n\n\n<p>Na montagem brasiliense, <strong>Rafael Luiz Ribeiro interpreta Faust<\/strong>, enquanto <strong>Gustavo Rocha vive Mephist\u00f3ph\u00e9l\u00e8s<\/strong> e <strong>Renata Dourado assume o papel de Marguerite<\/strong>.<\/p>\n\n\n\n<figure class=\"wp-block-image size-large\"><img loading=\"lazy\" decoding=\"async\" width=\"1024\" height=\"683\" src=\"https:\/\/cidadecult.com.br\/wp-content\/uploads\/2026\/08\/Opera-Fausto-4.jpg-1024x683.jpeg\" alt=\"\" class=\"wp-image-19583\" srcset=\"https:\/\/cidadecult.com.br\/wp-content\/uploads\/2026\/08\/Opera-Fausto-4.jpg-1024x683.jpeg 1024w, https:\/\/cidadecult.com.br\/wp-content\/uploads\/2026\/08\/Opera-Fausto-4.jpg-300x200.jpeg 300w, https:\/\/cidadecult.com.br\/wp-content\/uploads\/2026\/08\/Opera-Fausto-4.jpg-768x512.jpeg 768w, https:\/\/cidadecult.com.br\/wp-content\/uploads\/2026\/08\/Opera-Fausto-4.jpg-1536x1024.jpeg 1536w, https:\/\/cidadecult.com.br\/wp-content\/uploads\/2026\/08\/Opera-Fausto-4.jpg-2048x1365.jpeg 2048w, https:\/\/cidadecult.com.br\/wp-content\/uploads\/2026\/08\/Opera-Fausto-4.jpg-750x500.jpeg 750w, https:\/\/cidadecult.com.br\/wp-content\/uploads\/2026\/08\/Opera-Fausto-4.jpg-1140x760.jpeg 1140w\" sizes=\"auto, (max-width: 1024px) 100vw, 1024px\" \/><\/figure>\n\n\n\n<h2 class=\"wp-block-heading\">Companhia quer aproximar p\u00fablico da \u00f3pera<\/h2>\n\n\n\n<p>A produ\u00e7\u00e3o contar\u00e1 com cantores, corpo de baile e orquestra. A dire\u00e7\u00e3o geral \u00e9 de Renata Dourado, fundadora da Cia. de Cantores L\u00edricos de Bras\u00edlia. Rafael Abreu responde pela dire\u00e7\u00e3o musical e reg\u00eancia, enquanto James Fensterseifer assina a dire\u00e7\u00e3o c\u00eanica.<\/p>\n\n\n\n<p>Para Renata, a proposta \u00e9 apresentar o repert\u00f3rio l\u00edrico de maneira acess\u00edvel, sem afastar quem ainda n\u00e3o tem familiaridade com o g\u00eanero.<\/p>\n\n\n\n<p>\u201cTemos a honra de trazer para Bras\u00edlia a adapta\u00e7\u00e3o desse cl\u00e1ssico do jeito da Cia. de Cantores L\u00edricos, que sempre valorizou popularizar e trazer a \u00f3pera de uma forma leve e acess\u00edvel para todos\u201d, afirma.<\/p>\n\n\n\n<p>A montagem ganha um significado adicional por ocupar o palco durante o feriado da Independ\u00eancia do Brasil, oferecendo ao p\u00fablico uma op\u00e7\u00e3o cultural gratuita em Bras\u00edlia.<\/p>\n\n\n\n<h2 class=\"wp-block-heading\">Servi\u00e7o \u2014 \u00d3pera \u201cFaust\u201d<\/h2>\n\n\n\n<p><strong>Quando:<\/strong> 6 e 7 de setembro de 2026<\/p>\n\n\n\n<p><strong>6 de setembro:<\/strong> 19h<\/p>\n\n\n\n<p><strong>7 de setembro:<\/strong> 17h e 19h30<\/p>\n\n\n\n<p><strong>Onde:<\/strong> Teatro da Caesb, em \u00c1guas Claras, Distrito Federal<\/p>\n\n\n\n<p><strong>Ingressos:<\/strong> gratuitos, com retirada antecipada pelo Sympla<\/p>\n\n\n\n<p><strong>Classifica\u00e7\u00e3o indicativa:<\/strong> n\u00e3o recomendado para menores de 10 anos<\/p>\n\n\n\n<p><strong>Acessibilidade:<\/strong> sess\u00f5es com recursos de acessibilidade<\/p>\n\n\n\n<p><strong>Informa\u00e7\u00f5es:<\/strong> @ciadecantoresliricos no Instagram<\/p>\n\n\n\n<h2 class=\"wp-block-heading\">Ficha t\u00e9cnica<\/h2>\n\n\n\n<p><strong>Dire\u00e7\u00e3o geral e produ\u00e7\u00e3o:<\/strong> Renata Dourado<br><strong>Dire\u00e7\u00e3o musical e reg\u00eancia:<\/strong> Rafael Abreu<br><strong>Dire\u00e7\u00e3o c\u00eanica:<\/strong> James Fensterseifer<br><strong>Coreografia:<\/strong> Rosa Benevides<\/p>\n\n\n\n<p><strong>Elenco:<\/strong><br>Faust \u2014 Rafael Luiz Ribeiro<br>Mephist\u00f3ph\u00e9l\u00e8s \u2014 Gustavo Rocha<br>Marguerite \u2014 Renata Dourado<br>Valentin \u2014 Paulo Mattos<br>Siebel \u2014 Andreia Maulaz<br>Wagner \u2014 Paulo Santos<\/p>\n\n\n\n<p>A montagem \u00e9 realizada com recursos do Fundo de Apoio \u00e0 Cultura do Distrito Federal (FAC-DF).<\/p>\n","protected":false},"excerpt":{"rendered":"<p>Cia. de Cantores L\u00edricos de Bras\u00edlia apresenta cl\u00e1ssico de Charles Gounod em tr\u00eas sess\u00f5es nos dias 6 e 7 de setembro, no Teatro da Caesb, em \u00c1guas Claras Um pacto com o diabo em troca da juventude e do amor est\u00e1 no centro de uma das hist\u00f3rias mais conhecidas da literatura e da \u00f3pera mundial. [&hellip;]<\/p>\n","protected":false},"author":777,"featured_media":19581,"comment_status":"open","ping_status":"open","sticky":false,"template":"","format":"standard","meta":{"_monsterinsights_skip_tracking":false,"footnotes":"","jetpack_publicize_message":"","jetpack_publicize_feature_enabled":true,"jetpack_social_post_already_shared":true,"jetpack_social_options":{"image_generator_settings":{"template":"highway","default_image_id":0,"font":"","enabled":false},"version":2}},"categories":[6],"tags":[1213,9959,5488,9963,655,9960,1017,9958,9916,9961,9964,9962],"class_list":["post-19580","post","type-post","status-publish","format-standard","has-post-thumbnail","hentry","category-music","tag-agendacultural","tag-aguasclaras-2","tag-brasilia-7","tag-ciadecantoresliricos-2","tag-culturadf","tag-eventosgratuitos","tag-facdf","tag-faust","tag-musica-3","tag-opera-4","tag-setedesetembro","tag-teatrodacaesb"],"jetpack_publicize_connections":[],"_links":{"self":[{"href":"https:\/\/cidadecult.com.br\/index.php?rest_route=\/wp\/v2\/posts\/19580","targetHints":{"allow":["GET"]}}],"collection":[{"href":"https:\/\/cidadecult.com.br\/index.php?rest_route=\/wp\/v2\/posts"}],"about":[{"href":"https:\/\/cidadecult.com.br\/index.php?rest_route=\/wp\/v2\/types\/post"}],"author":[{"embeddable":true,"href":"https:\/\/cidadecult.com.br\/index.php?rest_route=\/wp\/v2\/users\/777"}],"replies":[{"embeddable":true,"href":"https:\/\/cidadecult.com.br\/index.php?rest_route=%2Fwp%2Fv2%2Fcomments&post=19580"}],"version-history":[{"count":1,"href":"https:\/\/cidadecult.com.br\/index.php?rest_route=\/wp\/v2\/posts\/19580\/revisions"}],"predecessor-version":[{"id":19584,"href":"https:\/\/cidadecult.com.br\/index.php?rest_route=\/wp\/v2\/posts\/19580\/revisions\/19584"}],"wp:featuredmedia":[{"embeddable":true,"href":"https:\/\/cidadecult.com.br\/index.php?rest_route=\/wp\/v2\/media\/19581"}],"wp:attachment":[{"href":"https:\/\/cidadecult.com.br\/index.php?rest_route=%2Fwp%2Fv2%2Fmedia&parent=19580"}],"wp:term":[{"taxonomy":"category","embeddable":true,"href":"https:\/\/cidadecult.com.br\/index.php?rest_route=%2Fwp%2Fv2%2Fcategories&post=19580"},{"taxonomy":"post_tag","embeddable":true,"href":"https:\/\/cidadecult.com.br\/index.php?rest_route=%2Fwp%2Fv2%2Ftags&post=19580"}],"curies":[{"name":"wp","href":"https:\/\/api.w.org\/{rel}","templated":true}]}}