{"id":19577,"date":"2026-08-31T12:16:40","date_gmt":"2026-08-31T15:16:40","guid":{"rendered":"https:\/\/cidadecult.com.br\/?p=19577"},"modified":"2026-08-31T12:16:42","modified_gmt":"2026-08-31T15:16:42","slug":"el-nino-2026-2027-plano-apresentado-em-brasilia-prepara-sus-para-calor-seca-queimadas-e-enchentes","status":"publish","type":"post","link":"https:\/\/cidadecult.com.br\/?p=19577","title":{"rendered":"El Ni\u00f1o 2026\u20132027: plano apresentado em Bras\u00edlia prepara SUS para calor, seca, queimadas e enchentes"},"content":{"rendered":"\n<p><strong>Minist\u00e9rio da Sa\u00fade prev\u00ea per\u00edodo cr\u00edtico entre outubro de 2026 e mar\u00e7o de 2027 e organiza resposta do SUS para diferentes impactos clim\u00e1ticos nas cinco regi\u00f5es do pa\u00eds<\/strong><\/p>\n\n\n\n<p>Com a intensifica\u00e7\u00e3o do El Ni\u00f1o e a possibilidade de eventos clim\u00e1ticos extremos nos pr\u00f3ximos meses, o <strong>Sistema \u00danico de Sa\u00fade (SUS)<\/strong> prepara uma estrat\u00e9gia nacional para enfrentar consequ\u00eancias que podem variar de ondas de calor e queimadas a enchentes, seca e aumento de doen\u00e7as.<\/p>\n\n\n\n<p>O <strong>Plano de Prepara\u00e7\u00e3o e Resposta a Emerg\u00eancias em Sa\u00fade P\u00fablica associadas ao El Ni\u00f1o 2026\u20132027<\/strong> foi apresentado pelo Minist\u00e9rio da Sa\u00fade durante a 7\u00aa Assembleia do Conselho Nacional de Secret\u00e1rios de Sa\u00fade (Conass), realizada em Bras\u00edlia.<\/p>\n\n\n\n<p>A previs\u00e3o considerada pelo governo aponta uma <strong>janela cr\u00edtica entre outubro de 2026 e mar\u00e7o de 2027<\/strong>. Os poss\u00edveis efeitos, no entanto, mudam de acordo com cada regi\u00e3o brasileira.<\/p>\n\n\n\n<p>No <strong>Norte e Centro-Oeste<\/strong>, est\u00e3o entre os principais riscos a seca, estiagem e queimadas. Para o <strong>Nordeste<\/strong>, a preocupa\u00e7\u00e3o envolve agravamento da seca e temperaturas elevadas. No <strong>Sudeste<\/strong>, o cen\u00e1rio inclui ondas de calor e temporais, enquanto o <strong>Sul<\/strong> pode enfrentar chuvas intensas e maior risco de inunda\u00e7\u00f5es.<\/p>\n\n\n\n<h2 class=\"wp-block-heading\">Como o SUS pretende se preparar para o El Ni\u00f1o<\/h2>\n\n\n\n<p>A estrat\u00e9gia apresentada aos gestores estaduais est\u00e1 organizada em cinco frentes.<\/p>\n\n\n\n<p>Uma delas \u00e9 a cria\u00e7\u00e3o de mecanismos de coordena\u00e7\u00e3o entre Uni\u00e3o, estados e munic\u00edpios, incluindo uma <strong>Sala de Situa\u00e7\u00e3o de Emerg\u00eancias Clim\u00e1ticas<\/strong>.<\/p>\n\n\n\n<p>Internamente, o Minist\u00e9rio da Sa\u00fade tamb\u00e9m trabalhar\u00e1 com uma <strong>Sala de Situa\u00e7\u00e3o Sa\u00fade e Clima<\/strong>, destinada ao acompanhamento dos impactos das condi\u00e7\u00f5es ambientais sobre a sa\u00fade da popula\u00e7\u00e3o.<\/p>\n\n\n\n<p>Outra frente envolve a disponibilidade de <strong>recursos e kits emergenciais de assist\u00eancia farmac\u00eautica<\/strong>.<\/p>\n\n\n\n<p>A <strong>For\u00e7a Nacional do SUS (FN-SUS)<\/strong> tamb\u00e9m integra o planejamento. A proposta prev\u00ea bases regionais capazes de mobilizar equipes para \u00e1reas afetadas por emerg\u00eancias em at\u00e9 48 horas.<\/p>\n\n\n\n<p>O quinto eixo prev\u00ea a organiza\u00e7\u00e3o de servi\u00e7os e protocolos de sa\u00fade de acordo com as caracter\u00edsticas e vulnerabilidades de cada bioma.<\/p>\n\n\n\n<h2 class=\"wp-block-heading\">Calor, fuma\u00e7a e surtos entram no monitoramento<\/h2>\n\n\n\n<p>A prepara\u00e7\u00e3o para o El Ni\u00f1o tamb\u00e9m passa pelo uso de sistemas capazes de identificar situa\u00e7\u00f5es de risco antes que seus efeitos sobre a popula\u00e7\u00e3o se agravem.<\/p>\n\n\n\n<p>Entre as ferramentas utilizadas est\u00e1 o <strong>Painel Nacional de Excesso de Calor<\/strong>, que acompanha situa\u00e7\u00f5es de temperaturas extremas.<\/p>\n\n\n\n<p>Outro instrumento \u00e9 o <strong>VigiAR<\/strong>, sistema de Vigil\u00e2ncia em Sa\u00fade de Popula\u00e7\u00f5es Expostas a Poluentes Atmosf\u00e9ricos. O monitoramento ganha especial import\u00e2ncia diante da possibilidade de queimadas e aumento da exposi\u00e7\u00e3o \u00e0 fuma\u00e7a em determinadas regi\u00f5es.<\/p>\n\n\n\n<p>O GeoRisk e os <strong>Centros de Informa\u00e7\u00e3o em Sa\u00fade e Clima (CISC)<\/strong> tamb\u00e9m fazem parte da estrutura. Os centros integram um projeto-piloto desenvolvido em oito cidades das cinco regi\u00f5es brasileiras.<\/p>\n\n\n\n<p>A estrat\u00e9gia prev\u00ea ainda maior integra\u00e7\u00e3o entre sistemas como <strong>e-SUS Notifica, Sivep-Gripe e Sinan<\/strong>, com o objetivo de facilitar a detec\u00e7\u00e3o precoce de surtos e outros problemas de sa\u00fade.<\/p>\n\n\n\n<h2 class=\"wp-block-heading\">Mudan\u00e7as clim\u00e1ticas ampliam desafios para a sa\u00fade p\u00fablica<\/h2>\n\n\n\n<p>Os efeitos de um evento clim\u00e1tico extremo n\u00e3o se limitam ao momento em que uma enchente, seca ou onda de calor acontece.<\/p>\n\n\n\n<p>Temperaturas elevadas podem agravar problemas de sa\u00fade e aumentar a demanda por atendimento. Queimadas comprometem a qualidade do ar, enquanto enchentes podem afetar o abastecimento de \u00e1gua, causar deslocamentos populacionais e criar condi\u00e7\u00f5es favor\u00e1veis para diferentes doen\u00e7as.<\/p>\n\n\n\n<p>A seca, por sua vez, pode comprometer tanto a disponibilidade quanto a qualidade da \u00e1gua em comunidades vulner\u00e1veis.<\/p>\n\n\n\n<p>Por isso, a prepara\u00e7\u00e3o do SUS est\u00e1 associada a uma estrat\u00e9gia de prazo mais longo.<\/p>\n\n\n\n<p>O <strong>Plano Setorial de Adapta\u00e7\u00e3o \u00e0 Mudan\u00e7a do Clima do Minist\u00e9rio da Sa\u00fade, o AdaptaSUS<\/strong>, prev\u00ea 27 metas e 93 a\u00e7\u00f5es at\u00e9 2035 voltadas \u00e0 adapta\u00e7\u00e3o do setor aos impactos das mudan\u00e7as clim\u00e1ticas.<\/p>\n\n\n\n<p>Entre as medidas relacionadas \u00e0 seguran\u00e7a h\u00eddrica em \u00e1reas sujeitas a seca e estiagem, a Funda\u00e7\u00e3o Nacional de Sa\u00fade (Funasa) contratou <strong>18,8 mil cisternas em 397 munic\u00edpios de sete estados<\/strong>, com investimento de <strong>R$ 226,6 milh\u00f5es<\/strong> destinado a unidades de melhoria sanit\u00e1ria.<\/p>\n\n\n\n<h2 class=\"wp-block-heading\">Amaz\u00f4nia exige estrat\u00e9gia espec\u00edfica<\/h2>\n\n\n\n<p>A prepara\u00e7\u00e3o para situa\u00e7\u00f5es de emerg\u00eancia na Amaz\u00f4nia leva em considera\u00e7\u00e3o as grandes dist\u00e2ncias e a dificuldade de acesso a determinadas comunidades.<\/p>\n\n\n\n<p>O planejamento envolve a organiza\u00e7\u00e3o da rede de aten\u00e7\u00e3o, equipes de sa\u00fade e a estrutura das <strong>Unidades B\u00e1sicas de Sa\u00fade Fluviais<\/strong>, utilizadas para alcan\u00e7ar popula\u00e7\u00f5es localizadas em \u00e1reas onde os deslocamentos ocorrem principalmente pelos rios.<\/p>\n\n\n\n<p>O Minist\u00e9rio da Sa\u00fade tamb\u00e9m anunciou a cria\u00e7\u00e3o de um <strong>painel de especialistas em clima e sa\u00fade<\/strong>. O grupo dever\u00e1 fornecer subs\u00eddios t\u00e9cnicos para decis\u00f5es relacionadas \u00e0 preven\u00e7\u00e3o e \u00e0 resposta aos impactos dos eventos clim\u00e1ticos.<\/p>\n\n\n\n<p>A expectativa \u00e9 que o acompanhamento conjunto de informa\u00e7\u00f5es meteorol\u00f3gicas, ambientais e epidemiol\u00f3gicas permita ao SUS antecipar riscos e organizar recursos antes que situa\u00e7\u00f5es extremas se transformem em emerg\u00eancias sanit\u00e1rias.<\/p>\n\n\n\n<p><strong>Fonte: Minist\u00e9rio da Sa\u00fade \/ Secretaria de Comunica\u00e7\u00e3o Social da Presid\u00eancia da Rep\u00fablica<\/strong><\/p>\n","protected":false},"excerpt":{"rendered":"<p>Minist\u00e9rio da Sa\u00fade prev\u00ea per\u00edodo cr\u00edtico entre outubro de 2026 e mar\u00e7o de 2027 e organiza resposta do SUS para diferentes impactos clim\u00e1ticos nas cinco regi\u00f5es do pa\u00eds Com a intensifica\u00e7\u00e3o do El Ni\u00f1o e a possibilidade de eventos clim\u00e1ticos extremos nos pr\u00f3ximos meses, o Sistema \u00danico de Sa\u00fade (SUS) prepara uma estrat\u00e9gia nacional para [&hellip;]<\/p>\n","protected":false},"author":777,"featured_media":19578,"comment_status":"open","ping_status":"open","sticky":false,"template":"","format":"standard","meta":{"_monsterinsights_skip_tracking":false,"footnotes":"","jetpack_publicize_message":"","jetpack_publicize_feature_enabled":true,"jetpack_social_post_already_shared":true,"jetpack_social_options":{"image_generator_settings":{"template":"highway","default_image_id":0,"font":"","enabled":false},"version":2}},"categories":[38],"tags":[5488,3304,3466,431,9951,9952,9955,9957,9953,2787,3900,9954,9956,711],"class_list":["post-19577","post","type-post","status-publish","format-standard","has-post-thumbnail","hentry","category-health-2","tag-brasilia-7","tag-calorextremo","tag-clima-2","tag-distritofederal-2","tag-elnino","tag-elnino2026","tag-enchentes","tag-ministeriodasaude-2","tag-mudancasclimaticas-4","tag-queimadas","tag-saude-4","tag-saudepublica-3","tag-seca","tag-sus"],"jetpack_publicize_connections":[],"_links":{"self":[{"href":"https:\/\/cidadecult.com.br\/index.php?rest_route=\/wp\/v2\/posts\/19577","targetHints":{"allow":["GET"]}}],"collection":[{"href":"https:\/\/cidadecult.com.br\/index.php?rest_route=\/wp\/v2\/posts"}],"about":[{"href":"https:\/\/cidadecult.com.br\/index.php?rest_route=\/wp\/v2\/types\/post"}],"author":[{"embeddable":true,"href":"https:\/\/cidadecult.com.br\/index.php?rest_route=\/wp\/v2\/users\/777"}],"replies":[{"embeddable":true,"href":"https:\/\/cidadecult.com.br\/index.php?rest_route=%2Fwp%2Fv2%2Fcomments&post=19577"}],"version-history":[{"count":1,"href":"https:\/\/cidadecult.com.br\/index.php?rest_route=\/wp\/v2\/posts\/19577\/revisions"}],"predecessor-version":[{"id":19579,"href":"https:\/\/cidadecult.com.br\/index.php?rest_route=\/wp\/v2\/posts\/19577\/revisions\/19579"}],"wp:featuredmedia":[{"embeddable":true,"href":"https:\/\/cidadecult.com.br\/index.php?rest_route=\/wp\/v2\/media\/19578"}],"wp:attachment":[{"href":"https:\/\/cidadecult.com.br\/index.php?rest_route=%2Fwp%2Fv2%2Fmedia&parent=19577"}],"wp:term":[{"taxonomy":"category","embeddable":true,"href":"https:\/\/cidadecult.com.br\/index.php?rest_route=%2Fwp%2Fv2%2Fcategories&post=19577"},{"taxonomy":"post_tag","embeddable":true,"href":"https:\/\/cidadecult.com.br\/index.php?rest_route=%2Fwp%2Fv2%2Ftags&post=19577"}],"curies":[{"name":"wp","href":"https:\/\/api.w.org\/{rel}","templated":true}]}}