{"id":19572,"date":"2026-08-31T12:12:00","date_gmt":"2026-08-31T15:12:00","guid":{"rendered":"https:\/\/cidadecult.com.br\/?p=19572"},"modified":"2026-08-31T12:12:03","modified_gmt":"2026-08-31T15:12:03","slug":"camocim-mae-e-filha-transformam-memorias-em-teatro-em-12-apresentacoes-gratuitas-no-df","status":"publish","type":"post","link":"https:\/\/cidadecult.com.br\/?p=19572","title":{"rendered":"CAMOCIM: m\u00e3e e filha transformam mem\u00f3rias em teatro em 12 apresenta\u00e7\u00f5es gratuitas no DF"},"content":{"rendered":"\n<p><strong>Criado e interpretado por Cristina e Tatiana Carvalhedo, espet\u00e1culo circula pelo Gama, Taguatinga, Planaltina e Plano Piloto entre 4 e 26 de setembro, com sess\u00f5es acess\u00edveis e atividades formativas<\/strong><\/p>\n\n\n\n<p>Mem\u00f3rias de fam\u00edlia, despedidas, sil\u00eancios e hist\u00f3rias que se transformam com o passar do tempo s\u00e3o o ponto de partida de <strong>CAMOCIM<\/strong>, espet\u00e1culo criado e interpretado por <strong>Cristina Carvalhedo e Tatiana Carvalhedo<\/strong>, m\u00e3e e filha dentro e fora dos palcos.<\/p>\n\n\n\n<p>A montagem far\u00e1 <strong>12 apresenta\u00e7\u00f5es no Distrito Federal entre 4 e 26 de setembro<\/strong>, passando por Gama, Taguatinga, Planaltina e Plano Piloto. A circula\u00e7\u00e3o ter\u00e1 ingressos mediante doa\u00e7\u00e3o de 1 kg de alimento, com retirada pela plataforma Sympla.<\/p>\n\n\n\n<p>Al\u00e9m das apresenta\u00e7\u00f5es abertas ao p\u00fablico, o projeto inclui sess\u00f5es destinadas a estudantes da rede p\u00fablica, a\u00e7\u00f5es de acessibilidade, media\u00e7\u00f5es culturais e atividades formativas.<\/p>\n\n\n\n<figure class=\"wp-block-image size-large\"><img loading=\"lazy\" decoding=\"async\" width=\"1024\" height=\"682\" src=\"https:\/\/cidadecult.com.br\/wp-content\/uploads\/2026\/08\/Camocim-Credito-Thais-Mallon-1-1024x682.jpg\" alt=\"\" class=\"wp-image-19575\" srcset=\"https:\/\/cidadecult.com.br\/wp-content\/uploads\/2026\/08\/Camocim-Credito-Thais-Mallon-1-1024x682.jpg 1024w, https:\/\/cidadecult.com.br\/wp-content\/uploads\/2026\/08\/Camocim-Credito-Thais-Mallon-1-300x200.jpg 300w, https:\/\/cidadecult.com.br\/wp-content\/uploads\/2026\/08\/Camocim-Credito-Thais-Mallon-1-768x512.jpg 768w, https:\/\/cidadecult.com.br\/wp-content\/uploads\/2026\/08\/Camocim-Credito-Thais-Mallon-1-1536x1024.jpg 1536w, https:\/\/cidadecult.com.br\/wp-content\/uploads\/2026\/08\/Camocim-Credito-Thais-Mallon-1-750x500.jpg 750w, https:\/\/cidadecult.com.br\/wp-content\/uploads\/2026\/08\/Camocim-Credito-Thais-Mallon-1-1140x760.jpg 1140w, https:\/\/cidadecult.com.br\/wp-content\/uploads\/2026\/08\/Camocim-Credito-Thais-Mallon-1.jpg 1772w\" sizes=\"auto, (max-width: 1024px) 100vw, 1024px\" \/><figcaption class=\"wp-element-caption\">Cr\u00e9dito: Thais Mallon<\/figcaption><\/figure>\n\n\n\n<h2 class=\"wp-block-heading\">Mem\u00f3rias reais encontram a imagina\u00e7\u00e3o<\/h2>\n\n\n\n<p>Com dramaturgia assinada pelas pr\u00f3prias Cristina e Tatiana, CAMOCIM nasce das experi\u00eancias compartilhadas pelas duas, mas n\u00e3o pretende simplesmente reconstruir uma hist\u00f3ria familiar.<\/p>\n\n\n\n<p>Em cena, lembran\u00e7as concretas se misturam \u00e0 imagina\u00e7\u00e3o. Objetos, gestos, hist\u00f3rias repetidas, aus\u00eancias e sil\u00eancios formam uma esp\u00e9cie de paisagem afetiva em que realidade e fabula\u00e7\u00e3o convivem.<\/p>\n\n\n\n<p>A proposta \u00e9 partir de uma experi\u00eancia particular \u2014 a rela\u00e7\u00e3o entre m\u00e3e e filha \u2014 para tocar em quest\u00f5es universais relacionadas a mem\u00f3ria, pertencimento, ancestralidade e \u00e0 maneira como as hist\u00f3rias familiares atravessam gera\u00e7\u00f5es.<\/p>\n\n\n\n<p>Aquilo que foi vivido nem sempre permanece intacto. Algumas lembran\u00e7as mudam, outras desaparecem e certas lacunas acabam preenchidas pela imagina\u00e7\u00e3o. \u00c9 justamente nesse territ\u00f3rio que o espet\u00e1culo constr\u00f3i sua narrativa.<\/p>\n\n\n\n<h2 class=\"wp-block-heading\">M\u00e3e e filha dividem cria\u00e7\u00e3o e palco<\/h2>\n\n\n\n<p>Al\u00e9m de int\u00e9rpretes, <strong>Cristina Carvalhedo e Tatiana Carvalhedo s\u00e3o idealizadoras e dramaturgas da montagem<\/strong>.<\/p>\n\n\n\n<p>A rela\u00e7\u00e3o real entre as duas torna-se parte da pr\u00f3pria constru\u00e7\u00e3o teatral. Ao ocuparem juntas o palco, m\u00e3e e filha transformam a experi\u00eancia familiar em mat\u00e9ria art\u00edstica e investigam aquilo que permanece vivo depois que o tempo modifica pessoas, rela\u00e7\u00f5es e lembran\u00e7as.<\/p>\n\n\n\n<p>A dire\u00e7\u00e3o art\u00edstica e musical \u00e9 de <strong>Fernanda Jacob<\/strong>, que conduz a montagem entre momentos de emo\u00e7\u00e3o e humor.<\/p>\n\n\n\n<p>A encena\u00e7\u00e3o \u00e9 constru\u00edda a partir de pequenos acontecimentos, atmosferas e mem\u00f3rias que podem encontrar correspond\u00eancia tamb\u00e9m na trajet\u00f3ria de quem est\u00e1 na plateia.<\/p>\n\n\n\n<p>CAMOCIM, assim, n\u00e3o procura apresentar o passado como algo imut\u00e1vel. A montagem volta o olhar para as marcas que continuam presentes e para as formas pelas quais afetos, experi\u00eancias e hist\u00f3rias s\u00e3o transmitidos de uma gera\u00e7\u00e3o para outra.<\/p>\n\n\n\n<figure class=\"wp-block-image size-large\"><img loading=\"lazy\" decoding=\"async\" width=\"1024\" height=\"682\" src=\"https:\/\/cidadecult.com.br\/wp-content\/uploads\/2026\/08\/Camocim-Credito-Thais-Mallon-2-1024x682.jpg\" alt=\"\" class=\"wp-image-19574\" srcset=\"https:\/\/cidadecult.com.br\/wp-content\/uploads\/2026\/08\/Camocim-Credito-Thais-Mallon-2-1024x682.jpg 1024w, https:\/\/cidadecult.com.br\/wp-content\/uploads\/2026\/08\/Camocim-Credito-Thais-Mallon-2-300x200.jpg 300w, https:\/\/cidadecult.com.br\/wp-content\/uploads\/2026\/08\/Camocim-Credito-Thais-Mallon-2-768x512.jpg 768w, https:\/\/cidadecult.com.br\/wp-content\/uploads\/2026\/08\/Camocim-Credito-Thais-Mallon-2-1536x1024.jpg 1536w, https:\/\/cidadecult.com.br\/wp-content\/uploads\/2026\/08\/Camocim-Credito-Thais-Mallon-2-750x500.jpg 750w, https:\/\/cidadecult.com.br\/wp-content\/uploads\/2026\/08\/Camocim-Credito-Thais-Mallon-2-1140x760.jpg 1140w, https:\/\/cidadecult.com.br\/wp-content\/uploads\/2026\/08\/Camocim-Credito-Thais-Mallon-2.jpg 1772w\" sizes=\"auto, (max-width: 1024px) 100vw, 1024px\" \/><figcaption class=\"wp-element-caption\">Cr\u00e9dito: Thais Mallon<\/figcaption><\/figure>\n\n\n\n<h2 class=\"wp-block-heading\">Espet\u00e1culo ter\u00e1 sess\u00f5es acess\u00edveis<\/h2>\n\n\n\n<p>A circula\u00e7\u00e3o pelo Distrito Federal tamb\u00e9m ter\u00e1 apresenta\u00e7\u00f5es destinadas a estudantes de escolas p\u00fablicas.<\/p>\n\n\n\n<p>Essas sess\u00f5es ser\u00e3o precedidas por a\u00e7\u00f5es de media\u00e7\u00e3o cultural, criando um espa\u00e7o de aproxima\u00e7\u00e3o entre os temas da pe\u00e7a e os jovens participantes.<\/p>\n\n\n\n<p>As apresenta\u00e7\u00f5es marcadas para <strong>16h ter\u00e3o interpreta\u00e7\u00e3o em Libras e audiodescri\u00e7\u00e3o<\/strong>.<\/p>\n\n\n\n<p>O projeto ainda prev\u00ea oficinas e outras atividades formativas abertas a diferentes p\u00fablicos. As a\u00e7\u00f5es partem dos temas discutidos no espet\u00e1culo para estimular experi\u00eancias de cria\u00e7\u00e3o, escuta e compartilhamento entre artistas e comunidades.<\/p>\n\n\n\n<p>CAMOCIM \u00e9 realizado com recursos do <strong>Fundo de Apoio \u00e0 Cultura do Distrito Federal (FAC\/DF)<\/strong>.<\/p>\n\n\n\n<h2 class=\"wp-block-heading\">CAMOCIM \u2014 servi\u00e7o<\/h2>\n\n\n\n<p><strong>Classifica\u00e7\u00e3o indicativa:<\/strong> 14 anos<br><strong>Ingressos:<\/strong> retirada pela plataforma Sympla, mediante doa\u00e7\u00e3o de 1 kg de alimento<br><strong>Acessibilidade:<\/strong> sess\u00f5es das 16h ter\u00e3o interpreta\u00e7\u00e3o em Libras e audiodescri\u00e7\u00e3o<\/p>\n\n\n\n<h3 class=\"wp-block-heading\">SESC Gama \u2014 Teatro Paulo Gracindo<\/h3>\n\n\n\n<p><strong>4 de setembro<\/strong>, \u00e0s 16h<br><strong>5 de setembro<\/strong>, \u00e0s 20h<br><strong>6 de setembro<\/strong>, \u00e0s 18h<\/p>\n\n\n\n<p>Bilheteria: <a href=\"https:\/\/www.sympla.com.br\/evento\/camocim-sesc-gama\/3552550\">https:\/\/www.sympla.com.br\/evento\/camocim-sesc-gama\/3552550<\/a><\/p>\n\n\n\n<h3 class=\"wp-block-heading\">SESC Taguatinga Norte \u2014 Teatro Paulo Autran<\/h3>\n\n\n\n<p><strong>11 de setembro<\/strong>, \u00e0s 16h<br><strong>12 de setembro<\/strong>, \u00e0s 20h<br><strong>13 de setembro<\/strong>, \u00e0s 18h<\/p>\n\n\n\n<p>Bilheteria: <a href=\"https:\/\/www.sympla.com.br\/evento\/camocim-sesc-taguatinga-norte\/3552575\">https:\/\/www.sympla.com.br\/evento\/camocim-sesc-taguatinga-norte\/3552575<\/a><\/p>\n\n\n\n<h3 class=\"wp-block-heading\">Mini Teatro Lieta de L\u00f3 \u2014 Planaltina<\/h3>\n\n\n\n<p><strong>17 de setembro<\/strong>, \u00e0s 16h<br><strong>18 de setembro<\/strong>, \u00e0s 20h<br><strong>19 de setembro<\/strong>, \u00e0s 20h<\/p>\n\n\n\n<p>Bilheteria: <a href=\"https:\/\/www.sympla.com.br\/evento\/camocim-mini-teatro-lieta-de-lo\/3552610\">https:\/\/www.sympla.com.br\/evento\/camocim-mini-teatro-lieta-de-lo\/3552610<\/a><\/p>\n\n\n\n<h3 class=\"wp-block-heading\">Espa\u00e7o Cultural Renato Russo \u2014 Teatro Hugo Rodas \u2014 508 Sul<\/h3>\n\n\n\n<p><strong>24 de setembro<\/strong>, \u00e0s 16h<br><strong>25 de setembro<\/strong>, \u00e0s 20h<br><strong>26 de setembro<\/strong>, \u00e0s 20h<\/p>\n\n\n\n<p>Bilheteria: <a href=\"https:\/\/www.sympla.com.br\/evento\/camocim-ecrr-508-sul\/3552648\">https:\/\/www.sympla.com.br\/evento\/camocim-ecrr-508-sul\/3552648<\/a><\/p>\n\n\n\n<h2 class=\"wp-block-heading\">Ficha t\u00e9cnica<\/h2>\n\n\n\n<p><strong>Idealiza\u00e7\u00e3o, dramaturgia e atua\u00e7\u00e3o:<\/strong> Cristina Carvalhedo e Tatiana Carvalhedo<br><strong>Dire\u00e7\u00e3o art\u00edstica e musical:<\/strong> Fernanda Jacob<br><strong>Coordena\u00e7\u00e3o geral:<\/strong> Cristina Carvalhedo<br><strong>Coordena\u00e7\u00e3o administrativa:<\/strong> Carvalhedo Produ\u00e7\u00f5es<br><strong>Coordena\u00e7\u00e3o de produ\u00e7\u00e3o:<\/strong> Tatiana Carvalhedo<br><strong>Coordena\u00e7\u00e3o pedag\u00f3gica:<\/strong> Marcelo Nenev\u00ea<br><strong>Produ\u00e7\u00e3o executiva:<\/strong> Jana\u00edna Azevedo e Marcelo Nenev\u00ea<br><strong>Cenografia:<\/strong> Fernanda Jacob e Marley Oliveira<br><strong>Figurino:<\/strong> Cristina Carvalhedo e Tatiana Carvalhedo<br><strong>Ilumina\u00e7\u00e3o:<\/strong> Manu Maia<br><strong>Opera\u00e7\u00e3o de luz:<\/strong> Manu Maia e Shirley Ara\u00fajo<br><strong>T\u00e9cnico de som:<\/strong> Dami\u00e3o dos Santos<br><strong>Sonoplastia:<\/strong> Diogo Vanelli<br><strong>Provoca\u00e7\u00e3o c\u00eanica:<\/strong> Ana Fl\u00e1via Garcia e Francis Wilker<br><strong>Design gr\u00e1fico:<\/strong> Pedro de Oliveira<br><strong>Fotografia:<\/strong> Diego Bresani, Jordana Mascarenhas, Mariana Guedes, Mila Petrillo e Tha\u00eds Mallon<br><strong>Coordena\u00e7\u00e3o de acessibilidade:<\/strong> Iury Ferraz<br><strong>Gest\u00e3o de m\u00eddias sociais e registro audiovisual:<\/strong> Vitor Ambrosio<br><strong>Oficinas:<\/strong> Cristina Carvalhedo, Tatiana Carvalhedo, Fernanda Jacob, Virg\u00ednia Nenev\u00ea e Luiza Guimar\u00e3es<br><strong>Media\u00e7\u00e3o cultural:<\/strong> Bruna Paz e Pedro Ribeiro<br><strong>Assessoria de imprensa:<\/strong> Rodrigo Machado<\/p>\n","protected":false},"excerpt":{"rendered":"<p>Criado e interpretado por Cristina e Tatiana Carvalhedo, espet\u00e1culo circula pelo Gama, Taguatinga, Planaltina e Plano Piloto entre 4 e 26 de setembro, com sess\u00f5es acess\u00edveis e atividades formativas Mem\u00f3rias de fam\u00edlia, despedidas, sil\u00eancios e hist\u00f3rias que se transformam com o passar do tempo s\u00e3o o ponto de partida de CAMOCIM, espet\u00e1culo criado e interpretado [&hellip;]<\/p>\n","protected":false},"author":777,"featured_media":19573,"comment_status":"open","ping_status":"open","sticky":false,"template":"","format":"standard","meta":{"_monsterinsights_skip_tracking":false,"footnotes":"","jetpack_publicize_message":"","jetpack_publicize_feature_enabled":true,"jetpack_social_post_already_shared":true,"jetpack_social_options":{"image_generator_settings":{"template":"highway","default_image_id":0,"font":"","enabled":false},"version":2}},"categories":[2569],"tags":[9950,1213,405,5488,3142,9948,655,431,627,1017,9949,640,9908],"class_list":["post-19572","post","type-post","status-publish","format-standard","has-post-thumbnail","hentry","category-arte","tag-acessibilidadecultural","tag-agendacultural","tag-arte-2","tag-brasilia-7","tag-camocim","tag-cristinacarvalhedo","tag-culturadf","tag-distritofederal-2","tag-espetaculo","tag-facdf","tag-tatianacarvalhedo","tag-teatro-2","tag-teatroembrasilia-3"],"jetpack_publicize_connections":[],"_links":{"self":[{"href":"https:\/\/cidadecult.com.br\/index.php?rest_route=\/wp\/v2\/posts\/19572","targetHints":{"allow":["GET"]}}],"collection":[{"href":"https:\/\/cidadecult.com.br\/index.php?rest_route=\/wp\/v2\/posts"}],"about":[{"href":"https:\/\/cidadecult.com.br\/index.php?rest_route=\/wp\/v2\/types\/post"}],"author":[{"embeddable":true,"href":"https:\/\/cidadecult.com.br\/index.php?rest_route=\/wp\/v2\/users\/777"}],"replies":[{"embeddable":true,"href":"https:\/\/cidadecult.com.br\/index.php?rest_route=%2Fwp%2Fv2%2Fcomments&post=19572"}],"version-history":[{"count":1,"href":"https:\/\/cidadecult.com.br\/index.php?rest_route=\/wp\/v2\/posts\/19572\/revisions"}],"predecessor-version":[{"id":19576,"href":"https:\/\/cidadecult.com.br\/index.php?rest_route=\/wp\/v2\/posts\/19572\/revisions\/19576"}],"wp:featuredmedia":[{"embeddable":true,"href":"https:\/\/cidadecult.com.br\/index.php?rest_route=\/wp\/v2\/media\/19573"}],"wp:attachment":[{"href":"https:\/\/cidadecult.com.br\/index.php?rest_route=%2Fwp%2Fv2%2Fmedia&parent=19572"}],"wp:term":[{"taxonomy":"category","embeddable":true,"href":"https:\/\/cidadecult.com.br\/index.php?rest_route=%2Fwp%2Fv2%2Fcategories&post=19572"},{"taxonomy":"post_tag","embeddable":true,"href":"https:\/\/cidadecult.com.br\/index.php?rest_route=%2Fwp%2Fv2%2Ftags&post=19572"}],"curies":[{"name":"wp","href":"https:\/\/api.w.org\/{rel}","templated":true}]}}