{"id":1932,"date":"2023-11-23T21:41:30","date_gmt":"2023-11-24T00:41:30","guid":{"rendered":"https:\/\/cidadecult.com.br\/?p=1932"},"modified":"2023-11-23T21:41:32","modified_gmt":"2023-11-24T00:41:32","slug":"reforma-inovadora-da-avenida-w3-norte-e-aprovada-pelo-conplan","status":"publish","type":"post","link":"https:\/\/cidadecult.com.br\/?p=1932","title":{"rendered":"Reforma Inovadora da Avenida W3 Norte \u00e9 Aprovada pelo Conplan"},"content":{"rendered":"\n<p>Uma nova era para a avenida W3 Norte, no cora\u00e7\u00e3o do Plano Piloto de Bras\u00edlia, est\u00e1 prestes a come\u00e7ar. O Conselho de Planejamento Territorial e Urbano do Distrito Federal (Conplan) aprovou nesta quinta-feira (23) a primeira fase do ambicioso projeto de reforma da avenida. Esta etapa foca nas quadras 707\/708 do Setor Comercial Local Residencial Norte (SCLRN) e seu entorno, servindo como modelo para futuras transforma\u00e7\u00f5es ao longo de toda a via.<\/p>\n\n\n\n<p>Desenvolvido pela Secretaria de Desenvolvimento Urbano e Habita\u00e7\u00e3o do Distrito Federal (Seduh-DF), o projeto foi aprovado por ampla maioria e traz um olhar inovador sobre urbanismo e acessibilidade. As mudan\u00e7as incluem a cria\u00e7\u00e3o de cal\u00e7adas mais amplas, piso t\u00e1til, rotas acess\u00edveis, ciclovias e renova\u00e7\u00e3o das pra\u00e7as com mais arboriza\u00e7\u00e3o e mobili\u00e1rio urbano, transformando radicalmente o espa\u00e7o p\u00fablico.<\/p>\n\n\n\n<p>Marcelo Vaz, secret\u00e1rio de Desenvolvimento Urbano e Habita\u00e7\u00e3o, destacou a import\u00e2ncia desse projeto para a popula\u00e7\u00e3o de Bras\u00edlia, comparando-o com as melhorias j\u00e1 realizadas na W3 Sul. A reforma das quadras 707\/708 \u00e9 apenas o come\u00e7o, sendo um precursor para a requalifica\u00e7\u00e3o de toda a avenida.<\/p>\n\n\n\n<p>Al\u00e9m disso, est\u00e1 prevista a reforma dos estacionamentos, que ser\u00e3o mais organizados e conectados com os bols\u00f5es de vagas existentes. O projeto tamb\u00e9m inclui a constru\u00e7\u00e3o de cal\u00e7ad\u00f5es que ligam as paradas de \u00f4nibus da W3 \u00e0s quadras residenciais, facilitando o acesso e a mobilidade.<\/p>\n\n\n\n<p>Wilde Cardoso, conselheiro do Conplan e representante do Rodas da Paz, elogiou a iniciativa, especialmente pelo foco em mobilidade e seguran\u00e7a. O projeto tamb\u00e9m prop\u00f5e a cria\u00e7\u00e3o de Zonas 30, \u00e1reas com limite de velocidade de 30 km\/h, promovendo uma conviv\u00eancia harmoniosa entre carros e pedestres.<\/p>\n\n\n\n<p>Diversos conselheiros, incluindo representantes do Conselho de Arquitetura e Urbanismo do Distrito Federal (CAU-DF) e da Universidade de Bras\u00edlia (UnB), louvaram a iniciativa, enfatizando a necessidade urgente de qualificar a W3 Norte, uma \u00e1rea central de Bras\u00edlia que h\u00e1 63 anos n\u00e3o recebe uma interven\u00e7\u00e3o significativa.<\/p>\n\n\n\n<p>Agora, o projeto segue para aprova\u00e7\u00e3o formal por meio de uma portaria publicada pela Seduh no Di\u00e1rio Oficial do Distrito Federal (DODF). Em seguida, a Secretaria de Obras (SODF) elaborar\u00e1 os projetos executivos e complementares para dar in\u00edcio \u00e0s obras.<\/p>\n\n\n\n<p>Esta reforma na W3 Norte representa n\u00e3o apenas uma melhoria na infraestrutura, mas tamb\u00e9m uma redefini\u00e7\u00e3o da viv\u00eancia urbana na capital, promovendo um ambiente mais acolhedor, seguro e acess\u00edvel para todos os cidad\u00e3os.<\/p>\n","protected":false},"excerpt":{"rendered":"<p>Uma nova era para a avenida W3 Norte, no cora\u00e7\u00e3o do Plano Piloto de Bras\u00edlia, est\u00e1 prestes a come\u00e7ar. O Conselho de Planejamento Territorial e Urbano do Distrito Federal (Conplan) aprovou nesta quinta-feira (23) a primeira fase do ambicioso projeto de reforma da avenida. Esta etapa foca nas quadras 707\/708 do Setor Comercial Local Residencial [&hellip;]<\/p>\n","protected":false},"author":1,"featured_media":1933,"comment_status":"open","ping_status":"open","sticky":false,"template":"","format":"standard","meta":{"_monsterinsights_skip_tracking":false,"_monsterinsights_sitenote_active":false,"_monsterinsights_sitenote_note":"","_monsterinsights_sitenote_category":0,"footnotes":""},"categories":[54,16,11,38,12],"tags":[],"class_list":["post-1932","post","type-post","status-publish","format-standard","has-post-thumbnail","hentry","category-brasil","category-tech","category-health","category-health-2","category-travel"],"_links":{"self":[{"href":"https:\/\/cidadecult.com.br\/index.php?rest_route=\/wp\/v2\/posts\/1932","targetHints":{"allow":["GET"]}}],"collection":[{"href":"https:\/\/cidadecult.com.br\/index.php?rest_route=\/wp\/v2\/posts"}],"about":[{"href":"https:\/\/cidadecult.com.br\/index.php?rest_route=\/wp\/v2\/types\/post"}],"author":[{"embeddable":true,"href":"https:\/\/cidadecult.com.br\/index.php?rest_route=\/wp\/v2\/users\/1"}],"replies":[{"embeddable":true,"href":"https:\/\/cidadecult.com.br\/index.php?rest_route=%2Fwp%2Fv2%2Fcomments&post=1932"}],"version-history":[{"count":1,"href":"https:\/\/cidadecult.com.br\/index.php?rest_route=\/wp\/v2\/posts\/1932\/revisions"}],"predecessor-version":[{"id":1934,"href":"https:\/\/cidadecult.com.br\/index.php?rest_route=\/wp\/v2\/posts\/1932\/revisions\/1934"}],"wp:featuredmedia":[{"embeddable":true,"href":"https:\/\/cidadecult.com.br\/index.php?rest_route=\/wp\/v2\/media\/1933"}],"wp:attachment":[{"href":"https:\/\/cidadecult.com.br\/index.php?rest_route=%2Fwp%2Fv2%2Fmedia&parent=1932"}],"wp:term":[{"taxonomy":"category","embeddable":true,"href":"https:\/\/cidadecult.com.br\/index.php?rest_route=%2Fwp%2Fv2%2Fcategories&post=1932"},{"taxonomy":"post_tag","embeddable":true,"href":"https:\/\/cidadecult.com.br\/index.php?rest_route=%2Fwp%2Fv2%2Ftags&post=1932"}],"curies":[{"name":"wp","href":"https:\/\/api.w.org\/{rel}","templated":true}]}}