{"id":1916,"date":"2023-11-22T17:37:14","date_gmt":"2023-11-22T20:37:14","guid":{"rendered":"https:\/\/cidadecult.com.br\/?p=1916"},"modified":"2023-12-07T18:29:39","modified_gmt":"2023-12-07T21:29:39","slug":"ministra-da-saude-de-angola-explora-excelencia-em-saude-materno-infantil-do-brasilhospital-chave-de-brasilia-apresenta-praticas-inovadoras-para-delegacao-angolana","status":"publish","type":"post","link":"https:\/\/cidadecult.com.br\/?p=1916","title":{"rendered":"Ministra da Sa\u00fade de Angola Explora Excel\u00eancia em Sa\u00fade Materno-Infantil do BrasilHospital-Chave de Bras\u00edlia Apresenta Pr\u00e1ticas Inovadoras para Delega\u00e7\u00e3o Angolana."},"content":{"rendered":"\n<p><\/p>\n\n\n\n<p>Em um passo significativo para fortalecer a coopera\u00e7\u00e3o bilateral na \u00e1rea da sa\u00fade, a Ministra da Sa\u00fade de Angola, S\u00edlvia Lutucuta, liderou uma delega\u00e7\u00e3o de 20 membros para explorar os m\u00e9todos pioneiros no Hospital Materno-Infantil de Bras\u00edlia (Hmib). Esta visita, com o objetivo de fomentar iniciativas de forma\u00e7\u00e3o profissional em Angola, destacou as pr\u00e1ticas excepcionais do hospital em cuidados maternos e infantis.<\/p>\n\n\n\n<p>A delega\u00e7\u00e3o, recebida no Hmib na ter\u00e7a-feira (21), embarcou em uma jornada esclarecedora pelas \u00e1reas de neonatologia, UTI neonatal, salas de pr\u00e9-parto, parto, p\u00f3s-parto, banco de leite e a Unidade de Cuidados Intermedi\u00e1rios Neonatal Canguru (Ucin). A ministra Lutucuta enfatizou o reconhecimento global do Hmib como um centro de excel\u00eancia em sa\u00fade materna e infantil. &#8220;Nossa visita faz parte da busca por v\u00e1rias unidades e universidades com foco forte na forma\u00e7\u00e3o de recursos humanos. Vemos aqui grandes compet\u00eancias que podem contribuir significativamente para a forma\u00e7\u00e3o de nossos profissionais,&#8221; declarou Lutucuta.<\/p>\n\n\n\n<p>Andr\u00e9ia Regina Ara\u00fajo, diretora de Aten\u00e7\u00e3o \u00e0 Sa\u00fade do Hmib, destacou o reconhecimento internacional de seus servi\u00e7os de qualidade. &#8220;Nossa dedica\u00e7\u00e3o ao ensino e pesquisa \u00e9 bem estabelecida, e acreditamos que nossa expertise pode ajudar grandemente na forma\u00e7\u00e3o de novos especialistas,&#8221; acrescentou Ara\u00fajo.<\/p>\n\n\n\n<p>A visita faz parte de uma iniciativa mais ampla coordenada pelos Minist\u00e9rios da Sa\u00fade e das Rela\u00e7\u00f5es Exteriores do Brasil, juntamente com a Embaixada do Brasil em Luanda. Estendendo-se de 18 a 27 de novembro, o programa visa melhorar a coopera\u00e7\u00e3o em programas de sa\u00fade, abrangendo pesquisa, atendimento, forma\u00e7\u00e3o profissional e combate a doen\u00e7as como c\u00e2ncer e hansen\u00edase.<\/p>\n\n\n\n<p>Este relat\u00f3rio inclui informa\u00e7\u00f5es fornecidas pela Secretaria de Sa\u00fade do Distrito Federal (SES-DF).<\/p>\n\n\n\n<h1 class=\"wp-block-heading\">Sa\u00fadeGlobal #AngolaBrasil #Sa\u00fadeMaterna #Forma\u00e7\u00e3oM\u00e9dica #Coopera\u00e7\u00e3oNaSa\u00fade<\/h1>\n","protected":false},"excerpt":{"rendered":"<p>Em um passo significativo para fortalecer a coopera\u00e7\u00e3o bilateral na \u00e1rea da sa\u00fade, a Ministra da Sa\u00fade de Angola, S\u00edlvia Lutucuta, liderou uma delega\u00e7\u00e3o de 20 membros para explorar os m\u00e9todos pioneiros no Hospital Materno-Infantil de Bras\u00edlia (Hmib). Esta visita, com o objetivo de fomentar iniciativas de forma\u00e7\u00e3o profissional em Angola, destacou as pr\u00e1ticas excepcionais [&hellip;]<\/p>\n","protected":false},"author":1,"featured_media":1917,"comment_status":"open","ping_status":"open","sticky":false,"template":"","format":"standard","meta":{"_monsterinsights_skip_tracking":false,"_monsterinsights_sitenote_active":false,"_monsterinsights_sitenote_note":"","_monsterinsights_sitenote_category":0,"footnotes":""},"categories":[54,16,38,12],"tags":[],"class_list":["post-1916","post","type-post","status-publish","format-standard","has-post-thumbnail","hentry","category-brasil","category-tech","category-health-2","category-travel"],"_links":{"self":[{"href":"https:\/\/cidadecult.com.br\/index.php?rest_route=\/wp\/v2\/posts\/1916","targetHints":{"allow":["GET"]}}],"collection":[{"href":"https:\/\/cidadecult.com.br\/index.php?rest_route=\/wp\/v2\/posts"}],"about":[{"href":"https:\/\/cidadecult.com.br\/index.php?rest_route=\/wp\/v2\/types\/post"}],"author":[{"embeddable":true,"href":"https:\/\/cidadecult.com.br\/index.php?rest_route=\/wp\/v2\/users\/1"}],"replies":[{"embeddable":true,"href":"https:\/\/cidadecult.com.br\/index.php?rest_route=%2Fwp%2Fv2%2Fcomments&post=1916"}],"version-history":[{"count":2,"href":"https:\/\/cidadecult.com.br\/index.php?rest_route=\/wp\/v2\/posts\/1916\/revisions"}],"predecessor-version":[{"id":2055,"href":"https:\/\/cidadecult.com.br\/index.php?rest_route=\/wp\/v2\/posts\/1916\/revisions\/2055"}],"wp:featuredmedia":[{"embeddable":true,"href":"https:\/\/cidadecult.com.br\/index.php?rest_route=\/wp\/v2\/media\/1917"}],"wp:attachment":[{"href":"https:\/\/cidadecult.com.br\/index.php?rest_route=%2Fwp%2Fv2%2Fmedia&parent=1916"}],"wp:term":[{"taxonomy":"category","embeddable":true,"href":"https:\/\/cidadecult.com.br\/index.php?rest_route=%2Fwp%2Fv2%2Fcategories&post=1916"},{"taxonomy":"post_tag","embeddable":true,"href":"https:\/\/cidadecult.com.br\/index.php?rest_route=%2Fwp%2Fv2%2Ftags&post=1916"}],"curies":[{"name":"wp","href":"https:\/\/api.w.org\/{rel}","templated":true}]}}