{"id":1878,"date":"2023-11-14T15:18:41","date_gmt":"2023-11-14T18:18:41","guid":{"rendered":"https:\/\/cidadecult.com.br\/?p=1878"},"modified":"2023-12-07T10:18:39","modified_gmt":"2023-12-07T13:18:39","slug":"oficializada-arapoanga-tera-creche-escola-upa-e-restaurante-comunitario","status":"publish","type":"post","link":"https:\/\/cidadecult.com.br\/?p=1878","title":{"rendered":"Oficializada, Arapoanga ter\u00e1 creche, escola, UPA e Restaurante Comunit\u00e1rio."},"content":{"rendered":"\n<p>Cidade de 50 mil habitantes ter\u00e1 mais recursos e investimentos anunciados pelo governador Ibaneis Rocha nesta sexta-feira (10)<\/p>\n\n\n\n<p>Catarina Loiola e Ian Ferraz, da Ag\u00eancia Bras\u00edlia | Edi\u00e7\u00e3o: Igor Silveira<\/p>\n\n\n\n<ul class=\"wp-block-list\">\n<li><a href=\"https:\/\/www.agenciabrasilia.df.gov.br\/categoria\/administracoes-regionais\">ADMINISTRA\u00c7\u00d5ES REGIONAIS<\/a><\/li>\n\n\n\n<li><a href=\"https:\/\/www.agenciabrasilia.df.gov.br\/categoria\/gdf\">GDF<\/a><\/li>\n\n\n\n<li><a href=\"https:\/\/www.agenciabrasilia.df.gov.br\/categoria\/gestao\">GEST\u00c3O<\/a><\/li>\n\n\n\n<li><a href=\"https:\/\/www.agenciabrasilia.df.gov.br\/categoria\/planejamento\">PLANEJAMENTO<\/a><\/li>\n<\/ul>\n\n\n\n<p><a href=\"https:\/\/www.facebook.com\/sharer.php?u=https:\/\/www.agenciabrasilia.df.gov.br\/2023\/11\/10\/oficializada-arapoanga-tera-creche-escola-upa-e-restaurante-comunitario\/\" target=\"_blank\" rel=\"noreferrer noopener\">&nbsp;Facebook<\/a><a target=\"_blank\" href=\"https:\/\/api.whatsapp.com\/send?text=https:\/\/www.agenciabrasilia.df.gov.br\/2023\/11\/10\/oficializada-arapoanga-tera-creche-escola-upa-e-restaurante-comunitario\/\" rel=\"noreferrer noopener\">&nbsp;Encaminhar<\/a><\/p>\n\n\n\n<p>A Regi\u00e3o Administrativa (RA) do Arapoanga foi oficialmente implantada, na manh\u00e3 desta sexta-feira (10). O governador Ibaneis Rocha visitou a nova sede da administra\u00e7\u00e3o regional, localizada na Avenida Erasmo de Castro, e anunciou equipamentos p\u00fablicos para os pr\u00f3ximos anos, entre eles uma Unidade de Pronto Atendimento (UPA), creche e Restaurante Comunit\u00e1rio.<\/p>\n\n\n\n<figure class=\"wp-block-embed is-provider-youtube wp-block-embed-youtube\"><div class=\"wp-block-embed__wrapper\">\nhttps:\/\/youtube.com\/watch?v=tcCs-7XPwGQ%3Fsi%3Dsy2FhUT0Ggn9elVq\n<\/div><\/figure>\n\n\n\n<p>Criada em 21 de dezembro de 2022, Arapoanga era at\u00e9 ent\u00e3o vinculada \u00e0 Planaltina. O crescimento da regi\u00e3o levou o Governo do Distrito Federal (GDF) a desmembrar as duas cidades para que ambas possam se desenvolver melhor.<\/p>\n\n\n\n<figure class=\"wp-block-image\" id=\"attachment_564038\"><img decoding=\"async\" src=\"http:\/\/agenciabrasilia.df.gov.br\/wp-conteudo\/uploads\/2023\/11\/Capa-Foto-Paulo-H-Carvalho-scaled.jpg\" alt=\"\" class=\"wp-image-564038\"\/><figcaption class=\"wp-element-caption\">O governador Ibaneis Rocha visitou a nova sede da Administra\u00e7\u00e3o Regional de Arapoanga | Foto: Paulo H. Carvalho\/Ag\u00eancia Bras\u00edlia<\/figcaption><\/figure>\n\n\n\n<p>\u201cAlegria estar aqui, \u00e9 um compromisso nosso de campanha que a gente entrega, de vez, essa cidade. Muitas vezes eu ou\u00e7o \u2018j\u00e1 tem Planaltina aqui do lado\u2019, mas Arapoanga tem vida pr\u00f3pria e n\u00f3s temos que reconhecer isso \u00e9 trabalhar por essa popula\u00e7\u00e3o\u201d, disse o governador Ibaneis Rocha, para em seguida anunciar obras na cidade para o pr\u00f3ximo ano.<\/p>\n\n\n\n<p>Conforme a \u00faltima edi\u00e7\u00e3o da Pesquisa Distrital por Amostra de Domic\u00edlios (Pdad), a cidade possui \u00e1rea de 2.198,58 hectares \u2013 o equivalente a mais de 2 mil campos de futebol \u2013 e abriga 47.829 habitantes, dos quais 51% s\u00e3o do sexo feminino. A idade m\u00e9dia \u00e9 de 30,2 anos e, do total de moradores, 56,9% nasceram no pr\u00f3prio DF. Al\u00e9m disso, a renda per capita \u00e9 de R$ 1.680, enquanto a renda domiciliar \u00e9 de R$ 2.270.<\/p>\n\n\n\n<p>\u00c0 frente dessa popula\u00e7\u00e3o, o administrador de Arapoanga, S\u00e9rgio de Ara\u00fajo, refor\u00e7ou que sua fun\u00e7\u00e3o \u00e9 ouvir e atender os pedidos da comunidade. \u201cTodas as vezes que falo com o governador \u00e9 para cuidar de gente, e assim \u00e9 que vamos fazer \u00e0 frente da administra\u00e7\u00e3o\u201d, pontuou.<\/p>\n\n\n\n<figure class=\"wp-block-image\" id=\"attachment_564040\"><img decoding=\"async\" src=\"http:\/\/agenciabrasilia.df.gov.br\/wp-conteudo\/uploads\/2023\/11\/Dentro-2-10.jpg\" alt=\"\" class=\"wp-image-564040\"\/><figcaption class=\"wp-element-caption\">Conforme a \u00faltima edi\u00e7\u00e3o da Pesquisa Distrital por Amostra de Domic\u00edlios (Pdad), a cidade possui \u00e1rea de 2.198,58 hectares \u2013 o equivalente a mais de 2 mil campos de futebol | Foto: Geovana Albuquerque\/Ag\u00eancia Bras\u00edlia<\/figcaption><\/figure>\n\n\n\n<p><strong>Popula\u00e7\u00e3o comemora<\/strong><\/p>\n\n\n\n<p>A not\u00edcia da implanta\u00e7\u00e3o da RA foi muito bem recebida pela popula\u00e7\u00e3o. Para o empres\u00e1rio Raimundo Fernandes, 51 anos, morador da regi\u00e3o desde a inf\u00e2ncia, a tend\u00eancia \u00e9 de um maior desenvolvimento da cidade. \u201cSignifica mais crescimento, mais progresso para a nossa cidade, mais benfeitorias, mais gera\u00e7\u00e3o de emprego. \u00c9 algo muito bem-vindo e muito esperado\u201d, afirma.<\/p>\n\n\n\n<p>O barbeiro Wanderson Ferreira dos Santos, 27, acrescenta que, com mais equipamentos p\u00fablicos, a cidade poder\u00e1 crescer ainda mais, beneficiando diretamente os pequenos neg\u00f3cios. Ele comanda uma barbearia na Avenida \u00c1gua de Coco desde 2016, quando se mudou para Arapoanga. \u201cCreio que vai trazer mais sa\u00fade, educa\u00e7\u00e3o e seguran\u00e7a para a nossa cidade. Isso \u00e9 a realiza\u00e7\u00e3o de um sonho\u201d, diz.<\/p>\n\n\n\n<p>O vendedor Jean Carlos Pereira da Silva, 32, tamb\u00e9m acredita no potencial econ\u00f4mico da 34\u00aa regi\u00e3o administrativa do DF. Ele mora na cidade desde o primeiro ano de vida e n\u00e3o tem pretens\u00e3o de trocar de endere\u00e7o. \u201cQuando a gente chegou aqui, era bem complicado: n\u00e3o tinha \u00f4nibus, \u00e1gua encanada, energia. O Arapoanga mudou bastante, a cidade cresceu, a popula\u00e7\u00e3o cresceu, e esperamos que com a cria\u00e7\u00e3o da RA a cidade melhore ainda mais\u201d, conta.<\/p>\n\n\n\n<figure class=\"wp-block-image\"><a href=\"https:\/\/www.flickr.com\/photos\/agenciabrasilia\/albums\/72177720312585413\"><img decoding=\"async\" src=\"https:\/\/live.staticflickr.com\/65535\/53322453646_1dff26dcd3_z.jpg\" alt=\"Oficializada, Arapoanga ter\u00e1 creche, escola, UPA e Restaurante Comunit\u00e1rio\"\/><\/a><\/figure>\n","protected":false},"excerpt":{"rendered":"<p>Cidade de 50 mil habitantes ter\u00e1 mais recursos e investimentos anunciados pelo governador Ibaneis Rocha nesta sexta-feira (10) Catarina Loiola e Ian Ferraz, da Ag\u00eancia Bras\u00edlia | Edi\u00e7\u00e3o: Igor Silveira &nbsp;Facebook&nbsp;Encaminhar A Regi\u00e3o Administrativa (RA) do Arapoanga foi oficialmente implantada, na manh\u00e3 desta sexta-feira (10). O governador Ibaneis Rocha visitou a nova sede da administra\u00e7\u00e3o [&hellip;]<\/p>\n","protected":false},"author":1,"featured_media":1881,"comment_status":"open","ping_status":"open","sticky":false,"template":"","format":"standard","meta":{"_monsterinsights_skip_tracking":false,"_monsterinsights_sitenote_active":false,"_monsterinsights_sitenote_note":"","_monsterinsights_sitenote_category":0,"footnotes":""},"categories":[1],"tags":[],"class_list":["post-1878","post","type-post","status-publish","format-standard","has-post-thumbnail","hentry","category-sem-categoria"],"_links":{"self":[{"href":"https:\/\/cidadecult.com.br\/index.php?rest_route=\/wp\/v2\/posts\/1878","targetHints":{"allow":["GET"]}}],"collection":[{"href":"https:\/\/cidadecult.com.br\/index.php?rest_route=\/wp\/v2\/posts"}],"about":[{"href":"https:\/\/cidadecult.com.br\/index.php?rest_route=\/wp\/v2\/types\/post"}],"author":[{"embeddable":true,"href":"https:\/\/cidadecult.com.br\/index.php?rest_route=\/wp\/v2\/users\/1"}],"replies":[{"embeddable":true,"href":"https:\/\/cidadecult.com.br\/index.php?rest_route=%2Fwp%2Fv2%2Fcomments&post=1878"}],"version-history":[{"count":2,"href":"https:\/\/cidadecult.com.br\/index.php?rest_route=\/wp\/v2\/posts\/1878\/revisions"}],"predecessor-version":[{"id":2038,"href":"https:\/\/cidadecult.com.br\/index.php?rest_route=\/wp\/v2\/posts\/1878\/revisions\/2038"}],"wp:featuredmedia":[{"embeddable":true,"href":"https:\/\/cidadecult.com.br\/index.php?rest_route=\/wp\/v2\/media\/1881"}],"wp:attachment":[{"href":"https:\/\/cidadecult.com.br\/index.php?rest_route=%2Fwp%2Fv2%2Fmedia&parent=1878"}],"wp:term":[{"taxonomy":"category","embeddable":true,"href":"https:\/\/cidadecult.com.br\/index.php?rest_route=%2Fwp%2Fv2%2Fcategories&post=1878"},{"taxonomy":"post_tag","embeddable":true,"href":"https:\/\/cidadecult.com.br\/index.php?rest_route=%2Fwp%2Fv2%2Ftags&post=1878"}],"curies":[{"name":"wp","href":"https:\/\/api.w.org\/{rel}","templated":true}]}}