{"id":1866,"date":"2023-11-14T14:57:35","date_gmt":"2023-11-14T17:57:35","guid":{"rendered":"https:\/\/cidadecult.com.br\/?p=1866"},"modified":"2023-11-14T14:57:36","modified_gmt":"2023-11-14T17:57:36","slug":"brasilia-vai-voltar-a-operar-voos-para-o-aeroporto-santos-dumont-no-rio","status":"publish","type":"post","link":"https:\/\/cidadecult.com.br\/?p=1866","title":{"rendered":"Bras\u00edlia vai voltar a operar voos para o aeroporto Santos Dumont, no Rio"},"content":{"rendered":"\n<p>Minist\u00e9rio de Portos e Aeroportos revogou limita\u00e7\u00e3o a pedido do governador Ibaneis Rocha e importante rota volta a ser op\u00e7\u00e3o para a popula\u00e7\u00e3o<\/p>\n\n\n\n<p>Ian Ferraz e Victor Fuzeira, da Ag\u00eancia Bras\u00edlia | Edi\u00e7\u00e3o: Vinicius Nader<\/p>\n\n\n\n<ul class=\"wp-block-list\">\n<li><a href=\"https:\/\/www.agenciabrasilia.df.gov.br\/categoria\/app\">APP<\/a><\/li>\n\n\n\n<li><a href=\"https:\/\/www.agenciabrasilia.df.gov.br\/categoria\/gdf\">GDF<\/a><\/li>\n\n\n\n<li><a href=\"https:\/\/www.agenciabrasilia.df.gov.br\/categoria\/turismo\">TURISMO<\/a><\/li>\n<\/ul>\n\n\n\n<p><a href=\"https:\/\/www.facebook.com\/sharer.php?u=https:\/\/www.agenciabrasilia.df.gov.br\/2023\/11\/09\/brasilia-vai-voltar-a-operar-voos-para-o-aeroporto-santos-dumont-no-rio\/\" target=\"_blank\" rel=\"noreferrer noopener\">&nbsp;Facebook<\/a><a target=\"_blank\" href=\"https:\/\/api.whatsapp.com\/send?text=https:\/\/www.agenciabrasilia.df.gov.br\/2023\/11\/09\/brasilia-vai-voltar-a-operar-voos-para-o-aeroporto-santos-dumont-no-rio\/\" rel=\"noreferrer noopener\">&nbsp;Encaminhar<\/a><\/p>\n\n\n\n<p>Atendendo a um pedido do governador Ibaneis Rocha, o ministro de Portos e Aeroportos (MPor), Silvio Costa Filho, revogou a resolu\u00e7\u00e3o do Conselho Nacional de Avia\u00e7\u00e3o Civil (Anac) que limitava a opera\u00e7\u00e3o do Aeroporto Santos Dumont, no Rio de Janeiro, a voos com chegadas e partidas a um raio de 400 km. A medida impedia a realiza\u00e7\u00e3o de voos com origem e destino no Aeroporto de Bras\u00edlia, j\u00e1 consolidado como um importante hub log\u00edstico do pa\u00eds.<\/p>\n\n\n\n<p>A decis\u00e3o foi tomada ap\u00f3s amplo debate do Governo do Distrito Federal (GDF) com o governo federal, a Ag\u00eancia Nacional de Avia\u00e7\u00e3o Civil (Anac) e a Prefeitura do Rio de Janeiro. \u201cA limita\u00e7\u00e3o dos voos para o Santos Dumont estava prejudicando essa importante liga\u00e7\u00e3o entre Bras\u00edlia e o Rio de Janeiro. A revoga\u00e7\u00e3o vem em boa hora, o ministro Silvio Costa teve sensibilidade em atender o nosso pedido e quem ganha \u00e9 a popula\u00e7\u00e3o\u201d, comemorou o governador Ibaneis Rocha.<\/p>\n\n\n\n<figure class=\"wp-block-image\" id=\"attachment_563789\"><img decoding=\"async\" src=\"http:\/\/agenciabrasilia.df.gov.br\/wp-conteudo\/uploads\/2023\/11\/Foto-Paulo-H.-Carvalho-5-scaled.jpg\" alt=\"\" class=\"wp-image-563789\"\/><figcaption class=\"wp-element-caption\">O Aeroporto de Bras\u00edlia \u00e9 o \u00fanico terminal brasileiro com voos para os 26 estados e duas pistas operando simultaneamente | Foto: Paulo H. Carvalho\/ Ag\u00eancia Bras\u00edlia<\/figcaption><\/figure>\n\n\n\n<p>De acordo com o Planalto, a previs\u00e3o \u00e9 de que a revoga\u00e7\u00e3o seja publicada no Di\u00e1rio Oficial da Uni\u00e3o (DOU) ainda nesta semana. Com a decis\u00e3o, o Santos Dumont passa a operar sem restri\u00e7\u00e3o de destinos, mas com um limite de 6,5 milh\u00f5es de passageiros, medida que passar\u00e1 a vigorar a partir de janeiro.<\/p>\n\n\n\n<blockquote class=\"wp-block-quote is-layout-flow wp-block-quote-is-layout-flow\">\n<p>\u201cO Aeroporto de Bras\u00edlia \u00e9 uma parada estrat\u00e9gica pela sua centralidade\u201dCristiano Ara\u00fajo, secret\u00e1rio de Turismo<\/p>\n<\/blockquote>\n\n\n\n<p>O secret\u00e1rio de Turismo do Distrito Federal, Cristiano Ara\u00fajo, destaca que a capital federal opera como importante ponto de conex\u00e3o entre aeroportos nacionais e internacionais, especialmente por estar situada no centro do pa\u00eds. \u201cO Aeroporto de Bras\u00edlia \u00e9 uma parada estrat\u00e9gica pela sua centralidade. Essa n\u00e3o era uma demanda exclusiva do GDF, mas de toda nossa popula\u00e7\u00e3o que volta a ter essa alternativa para voos com destino ao Rio de Janeiro\u201d, explica.<\/p>\n\n\n\n<p><strong>Leia tamb\u00e9m<\/strong><\/p>\n\n\n\n<p><a href=\"https:\/\/www.agenciabrasilia.df.gov.br\/2023\/08\/22\/gdf-vai-reduzir-icms-para-querosene-de-aviacao\/\"><\/a><\/p>\n\n\n\n<figure class=\"wp-block-image\"><a href=\"https:\/\/www.agenciabrasilia.df.gov.br\/2023\/08\/22\/gdf-vai-reduzir-icms-para-querosene-de-aviacao\/\"><img decoding=\"async\" src=\"https:\/\/www.agenciabrasilia.df.gov.br\/wp-conteudo\/uploads\/2023\/08\/Foto-Paulo-H-Carvalho-5-150x150.jpg\" alt=\"\"\/><\/a><\/figure>\n\n\n\n<p><a href=\"https:\/\/www.agenciabrasilia.df.gov.br\/2023\/08\/22\/gdf-vai-reduzir-icms-para-querosene-de-aviacao\/\"><strong>GDF vai reduzir ICMS para querosene de avia\u00e7\u00e3o<\/strong><\/a><\/p>\n\n\n\n<p><a href=\"https:\/\/www.agenciabrasilia.df.gov.br\/2023\/11\/05\/brasilia-e-segunda-cidade-brasileira-a-contar-com-oferta-de-stopover\/\"><\/a><\/p>\n\n\n\n<figure class=\"wp-block-image\"><a href=\"https:\/\/www.agenciabrasilia.df.gov.br\/2023\/11\/05\/brasilia-e-segunda-cidade-brasileira-a-contar-com-oferta-de-stopover\/\"><img decoding=\"async\" src=\"https:\/\/www.agenciabrasilia.df.gov.br\/wp-conteudo\/uploads\/2023\/10\/CAPA-Foto-Arquivo-Agencia-Brasilia-150x150.jpg\" alt=\"\"\/><\/a><\/figure>\n\n\n\n<p><a href=\"https:\/\/www.agenciabrasilia.df.gov.br\/2023\/11\/05\/brasilia-e-segunda-cidade-brasileira-a-contar-com-oferta-de-stopover\/\"><strong>Bras\u00edlia \u00e9 segunda cidade brasileira a contar com oferta de stopover<\/strong><\/a><\/p>\n\n\n\n<p>Os n\u00fameros ajudam a dar a dimens\u00e3o da import\u00e2ncia log\u00edstica do Aeroporto de Bras\u00edlia para o restante do pa\u00eds. Atualmente, a capital federal conta com o \u00fanico terminal brasileiro com voos para os 26 estados e duas pistas operando simultaneamente, permitindo a conex\u00e3o de milh\u00f5es de passageiros aos mais diferentes destinos nacionais e internacionais.<\/p>\n\n\n\n<p>Dados divulgados pelo Minist\u00e9rio do Turismo mostram que, de janeiro a setembro deste ano, chegaram a Bras\u00edlia 35.418 turistas de fora do pa\u00eds, sendo 12.771 da Am\u00e9rica do Norte (36,06%) e 10.449 da Europa (29,5%). Este n\u00famero \u00e9 89,76% maior que o registrado no mesmo per\u00edodo do ano passado, quando houve um total de 18.665 turistas internacionais.<\/p>\n\n\n\n<ul class=\"wp-block-list\">\n<li><a href=\"https:\/\/www.agenciabrasilia.df.gov.br\/topicos\/aeroporto-de-brasilia\">AEROPORTO DE BRAS\u00cdLIA<\/a><\/li>\n\n\n\n<li><a href=\"https:\/\/www.agenciabrasilia.df.gov.br\/topicos\/aeroporto-santos-dumont\">AEROPORTO SANTOS DUMONT<\/a><\/li>\n\n\n\n<li><a href=\"https:\/\/www.agenciabrasilia.df.gov.br\/topicos\/conselho-nacional-de-aviacao-civil-anac\">CONSELHO NACIONAL DE AVIA\u00c7\u00c3O CIVIL (ANAC)<\/a><\/li>\n\n\n\n<li><a href=\"https:\/\/www.agenciabrasilia.df.gov.br\/topicos\/rio-de-janeiro\">RIO DE JANEIRO<\/a><\/li>\n<\/ul>\n\n\n\n<p><a href=\"https:\/\/www.facebook.com\/sharer.php?u=https:\/\/www.agenciabrasilia.df.gov.br\/2023\/11\/09\/brasilia-vai-voltar-a-operar-voos-para-o-aeroporto-santos-dumont-no-rio\/\" target=\"_blank\" rel=\"noreferrer noopener\">&nbsp;Facebook<\/a><a target=\"_blank\" href=\"https:\/\/api.whatsapp.com\/send?text=https:\/\/www.agenciabrasilia.df.gov.br\/2023\/11\/09\/brasilia-vai-voltar-a-operar-voos-para-o-aeroporto-santos-dumont-no-rio\/\" rel=\"noreferrer noopener\">&nbsp;Encaminhar<\/a><\/p>\n\n\n\n<h4 class=\"wp-block-heading\">\u00daLTIMAS NOT\u00cdCIAS<\/h4>\n","protected":false},"excerpt":{"rendered":"<p>Minist\u00e9rio de Portos e Aeroportos revogou limita\u00e7\u00e3o a pedido do governador Ibaneis Rocha e importante rota volta a ser op\u00e7\u00e3o para a popula\u00e7\u00e3o Ian Ferraz e Victor Fuzeira, da Ag\u00eancia Bras\u00edlia | Edi\u00e7\u00e3o: Vinicius Nader &nbsp;Facebook&nbsp;Encaminhar Atendendo a um pedido do governador Ibaneis Rocha, o ministro de Portos e Aeroportos (MPor), Silvio Costa Filho, revogou [&hellip;]<\/p>\n","protected":false},"author":1,"featured_media":1867,"comment_status":"open","ping_status":"open","sticky":false,"template":"","format":"standard","meta":{"_monsterinsights_skip_tracking":false,"_monsterinsights_sitenote_active":false,"_monsterinsights_sitenote_note":"","_monsterinsights_sitenote_category":0,"footnotes":""},"categories":[54,12],"tags":[],"class_list":["post-1866","post","type-post","status-publish","format-standard","has-post-thumbnail","hentry","category-brasil","category-travel"],"_links":{"self":[{"href":"https:\/\/cidadecult.com.br\/index.php?rest_route=\/wp\/v2\/posts\/1866","targetHints":{"allow":["GET"]}}],"collection":[{"href":"https:\/\/cidadecult.com.br\/index.php?rest_route=\/wp\/v2\/posts"}],"about":[{"href":"https:\/\/cidadecult.com.br\/index.php?rest_route=\/wp\/v2\/types\/post"}],"author":[{"embeddable":true,"href":"https:\/\/cidadecult.com.br\/index.php?rest_route=\/wp\/v2\/users\/1"}],"replies":[{"embeddable":true,"href":"https:\/\/cidadecult.com.br\/index.php?rest_route=%2Fwp%2Fv2%2Fcomments&post=1866"}],"version-history":[{"count":1,"href":"https:\/\/cidadecult.com.br\/index.php?rest_route=\/wp\/v2\/posts\/1866\/revisions"}],"predecessor-version":[{"id":1868,"href":"https:\/\/cidadecult.com.br\/index.php?rest_route=\/wp\/v2\/posts\/1866\/revisions\/1868"}],"wp:featuredmedia":[{"embeddable":true,"href":"https:\/\/cidadecult.com.br\/index.php?rest_route=\/wp\/v2\/media\/1867"}],"wp:attachment":[{"href":"https:\/\/cidadecult.com.br\/index.php?rest_route=%2Fwp%2Fv2%2Fmedia&parent=1866"}],"wp:term":[{"taxonomy":"category","embeddable":true,"href":"https:\/\/cidadecult.com.br\/index.php?rest_route=%2Fwp%2Fv2%2Fcategories&post=1866"},{"taxonomy":"post_tag","embeddable":true,"href":"https:\/\/cidadecult.com.br\/index.php?rest_route=%2Fwp%2Fv2%2Ftags&post=1866"}],"curies":[{"name":"wp","href":"https:\/\/api.w.org\/{rel}","templated":true}]}}