{"id":1864,"date":"2023-11-14T14:56:42","date_gmt":"2023-11-14T17:56:42","guid":{"rendered":"https:\/\/cidadecult.com.br\/?p=1864"},"modified":"2023-11-14T14:58:35","modified_gmt":"2023-11-14T17:58:35","slug":"biotic-sediara-world-trade-center-brasilia","status":"publish","type":"post","link":"https:\/\/cidadecult.com.br\/?p=1864","title":{"rendered":"Biotic sediar\u00e1 World Trade Center Bras\u00edlia"},"content":{"rendered":"\n<p>Empreendimento ocupar\u00e1 uma quadra completa do distrito de inova\u00e7\u00e3o com centro de conven\u00e7\u00f5es e complexo hoteleiro<\/p>\n\n\n\n<p>Ag\u00eancia Bras\u00edlia* | Edi\u00e7\u00e3o: Saulo Moreno<\/p>\n\n\n\n<ul class=\"wp-block-list\">\n<li><a href=\"https:\/\/www.agenciabrasilia.df.gov.br\/categoria\/biotic\">BIOTIC<\/a><\/li>\n\n\n\n<li><a href=\"https:\/\/www.agenciabrasilia.df.gov.br\/categoria\/ciencia-tecnologia-e-inovacao\">CI\u00caNCIA, TECNOLOGIA E INOVA\u00c7\u00c3O<\/a><\/li>\n\n\n\n<li><a href=\"https:\/\/www.agenciabrasilia.df.gov.br\/categoria\/desenvolvimento-economico\">DESENVOLVIMENTO ECON\u00d4MICO<\/a><\/li>\n\n\n\n<li><a href=\"https:\/\/www.agenciabrasilia.df.gov.br\/categoria\/economia\">ECONOMIA<\/a><\/li>\n\n\n\n<li><a href=\"https:\/\/www.agenciabrasilia.df.gov.br\/categoria\/gdf\">GDF<\/a><\/li>\n\n\n\n<li><a href=\"https:\/\/www.agenciabrasilia.df.gov.br\/categoria\/secti\">SECTI<\/a><\/li>\n\n\n\n<li><a href=\"https:\/\/www.agenciabrasilia.df.gov.br\/categoria\/tecnologia\">TECNOLOGIA<\/a><\/li>\n<\/ul>\n\n\n\n<p><a href=\"https:\/\/www.facebook.com\/sharer.php?u=https:\/\/www.agenciabrasilia.df.gov.br\/2023\/11\/08\/biotic-sediara-world-trade-center-brasilia\/\" target=\"_blank\" rel=\"noreferrer noopener\">&nbsp;Facebook<\/a><a target=\"_blank\" href=\"https:\/\/api.whatsapp.com\/send?text=https:\/\/www.agenciabrasilia.df.gov.br\/2023\/11\/08\/biotic-sediara-world-trade-center-brasilia\/\" rel=\"noreferrer noopener\">&nbsp;Encaminhar<\/a><\/p>\n\n\n\n<p>Ser\u00e3o apresentados nesta quinta-feira (9) os cronogramas de obras e valores de investimentos no empreendimento World Trade Center Bras\u00edlia (WTC), que ocupar\u00e1 uma quadra inteira no Biotic \u2013 Distrito de Inova\u00e7\u00e3o da capital do Brasil. O evento, \u00e0s 11h, no audit\u00f3rio do BRBLab do parque tecnol\u00f3gico, celebra uma nova posi\u00e7\u00e3o de Bras\u00edlia como cen\u00e1rio de neg\u00f3cios internacionais.<\/p>\n\n\n\n<blockquote class=\"wp-block-quote is-layout-flow wp-block-quote-is-layout-flow\">\n<p>\u201cO WTC \u00e9 a pe\u00e7a-chave para transformar Bras\u00edlia em um hub de neg\u00f3cios e inova\u00e7\u00e3o de alta estrat\u00e9gia\u201dGustavo Dias, presidente do Biotic<\/p>\n<\/blockquote>\n\n\n\n<p>O projeto apresenta a constru\u00e7\u00e3o de um moderno centro de conven\u00e7\u00f5es e um complexo hoteleiro de alto padr\u00e3o, visando elevar Bras\u00edlia para a elite das cidades globais em termos de eventos e hospedagem. O WTC Bras\u00edlia ser\u00e1 um vetor de renova\u00e7\u00e3o econ\u00f4mica, abrindo portas para oportunidades de trabalho e destacando o Distrito Federal na perspectiva do com\u00e9rcio internacional.<\/p>\n\n\n\n<p>Bras\u00edlia se afirma como um polo de inova\u00e7\u00e3o, produzindo talentos e fomentando pesquisa e desenvolvimento nos campos da biotecnologia e tecnologia. A inclus\u00e3o do WTC no Biotic promove um crescimento econ\u00f4mico impulsionado por inova\u00e7\u00e3o e sustentabilidade. O presidente do Biotic, endossa: \u201cO WTC \u00e9 a pe\u00e7a-chave para transformar Bras\u00edlia em um hub de neg\u00f3cios e inova\u00e7\u00e3o de alta estrat\u00e9gia\u201d.<\/p>\n\n\n\n<p>O WTC no Biotic representa mais que uma estrutura f\u00edsica, \u00e9 a constru\u00e7\u00e3o de uma plataforma para neg\u00f3cios sem fronteiras. Com esta iniciativa, as empresas da regi\u00e3o poder\u00e3o desfrutar do prest\u00edgio e da extensa rede do WTC, espalhada por mais de 90 pa\u00edses, atraindo olhares e investimentos do mundo todo para a capital do Rep\u00fablica.<\/p>\n\n\n\n<p><strong>Leia tamb\u00e9m<\/strong><\/p>\n\n\n\n<p><a href=\"https:\/\/www.agenciabrasilia.df.gov.br\/2023\/10\/23\/empresa-residente-do-biotic-ganha-destaque-em-premiacao-nacional\/\"><\/a><\/p>\n\n\n\n<figure class=\"wp-block-image\"><a href=\"https:\/\/www.agenciabrasilia.df.gov.br\/2023\/10\/23\/empresa-residente-do-biotic-ganha-destaque-em-premiacao-nacional\/\"><img decoding=\"async\" src=\"https:\/\/www.agenciabrasilia.df.gov.br\/wp-conteudo\/uploads\/2023\/10\/WhatsApp-Image-2023-10-23-at-17.59.25-150x150.jpeg\" alt=\"\"\/><\/a><\/figure>\n\n\n\n<p><a href=\"https:\/\/www.agenciabrasilia.df.gov.br\/2023\/10\/23\/empresa-residente-do-biotic-ganha-destaque-em-premiacao-nacional\/\"><strong>Empresa residente do Biotic ganha destaque em premia\u00e7\u00e3o nacional<\/strong><\/a><\/p>\n\n\n\n<p><a href=\"https:\/\/www.agenciabrasilia.df.gov.br\/2023\/10\/27\/gdf-vai-investir-r-20-milhoes-em-inteligencia-artificial\/\"><\/a><\/p>\n\n\n\n<figure class=\"wp-block-image\"><a href=\"https:\/\/www.agenciabrasilia.df.gov.br\/2023\/10\/27\/gdf-vai-investir-r-20-milhoes-em-inteligencia-artificial\/\"><img decoding=\"async\" src=\"https:\/\/www.agenciabrasilia.df.gov.br\/wp-conteudo\/uploads\/2023\/10\/WhatsApp-Image-2023-10-27-at-18.18.55-150x150.jpeg\" alt=\"\"\/><\/a><\/figure>\n\n\n\n<p><a href=\"https:\/\/www.agenciabrasilia.df.gov.br\/2023\/10\/27\/gdf-vai-investir-r-20-milhoes-em-inteligencia-artificial\/\"><strong>GDF vai investir R$ 20 milh\u00f5es em Intelig\u00eancia Artificial<\/strong><\/a><\/p>\n\n\n\n<p>Subsidi\u00e1ria da Terracap, a Biotic \u00e9 quem gere o Parque Tecnol\u00f3gico de Bras\u00edlia, um distrito de inova\u00e7\u00e3o com foco na dinamiza\u00e7\u00e3o de neg\u00f3cios inovadores que alavanquem o desenvolvimento sustent\u00e1vel do DF, incluindo planos de abertura de mercado para o setor privado. Situado em uma \u00e1rea estrat\u00e9gica de mais de 121 hectares, entre importantes vias e \u00e1reas verdes, o Biotic est\u00e1 destinado a ser um atrativo do progresso cient\u00edfico e tecnol\u00f3gico, contando com apoio legislativo para expans\u00e3o e atra\u00e7\u00e3o de uma diversidade de empresas e centros de pesquisa.<\/p>\n\n\n\n<p><em>*Com informa\u00e7\u00f5es do Biotic<\/em><\/p>\n\n\n\n<ul class=\"wp-block-list\">\n<li><a href=\"https:\/\/www.agenciabrasilia.df.gov.br\/topicos\/brblab\">BRBLAB<\/a><\/li>\n\n\n\n<li><a href=\"https:\/\/www.agenciabrasilia.df.gov.br\/topicos\/centro-de-convencoes\">CENTRO DE CONVEN\u00c7\u00d5ES<\/a><\/li>\n\n\n\n<li><a href=\"https:\/\/www.agenciabrasilia.df.gov.br\/topicos\/complexo-hoteleiro\">COMPLEXO HOTELEIRO<\/a><\/li>\n\n\n\n<li><a href=\"https:\/\/www.agenciabrasilia.df.gov.br\/topicos\/distrito-de-inovacao\">DISTRITO DE INOVA\u00c7\u00c3O<\/a><\/li>\n\n\n\n<li><a href=\"https:\/\/www.agenciabrasilia.df.gov.br\/topicos\/empreendimento\">EMPREENDIMENTO<\/a><\/li>\n\n\n\n<li><a href=\"https:\/\/www.agenciabrasilia.df.gov.br\/topicos\/investimentos\">INVESTIMENTOS<\/a><\/li>\n\n\n\n<li><a href=\"https:\/\/www.agenciabrasilia.df.gov.br\/topicos\/negocios-internacionais\">NEG\u00d3CIOS INTERNACIONAIS<\/a><\/li>\n\n\n\n<li><a href=\"https:\/\/www.agenciabrasilia.df.gov.br\/topicos\/obras-e-valores\">OBRAS E VALORES<\/a><\/li>\n\n\n\n<li><a href=\"https:\/\/www.agenciabrasilia.df.gov.br\/topicos\/parque-tecnologico\">PARQUE TECNOL\u00d3GICO<\/a><\/li>\n\n\n\n<li><a href=\"https:\/\/www.agenciabrasilia.df.gov.br\/topicos\/world-trade-center-brasilia-wtc\">WORLD TRADE CENTER BRAS\u00cdLIA (WTC)<\/a><\/li>\n<\/ul>\n","protected":false},"excerpt":{"rendered":"<p>Empreendimento ocupar\u00e1 uma quadra completa do distrito de inova\u00e7\u00e3o com centro de conven\u00e7\u00f5es e complexo hoteleiro Ag\u00eancia Bras\u00edlia* | Edi\u00e7\u00e3o: Saulo Moreno &nbsp;Facebook&nbsp;Encaminhar Ser\u00e3o apresentados nesta quinta-feira (9) os cronogramas de obras e valores de investimentos no empreendimento World Trade Center Bras\u00edlia (WTC), que ocupar\u00e1 uma quadra inteira no Biotic \u2013 Distrito de Inova\u00e7\u00e3o da [&hellip;]<\/p>\n","protected":false},"author":1,"featured_media":1745,"comment_status":"open","ping_status":"open","sticky":false,"template":"","format":"standard","meta":{"_monsterinsights_skip_tracking":false,"_monsterinsights_sitenote_active":false,"_monsterinsights_sitenote_note":"","_monsterinsights_sitenote_category":0,"footnotes":""},"categories":[54],"tags":[],"class_list":["post-1864","post","type-post","status-publish","format-standard","has-post-thumbnail","hentry","category-brasil"],"_links":{"self":[{"href":"https:\/\/cidadecult.com.br\/index.php?rest_route=\/wp\/v2\/posts\/1864","targetHints":{"allow":["GET"]}}],"collection":[{"href":"https:\/\/cidadecult.com.br\/index.php?rest_route=\/wp\/v2\/posts"}],"about":[{"href":"https:\/\/cidadecult.com.br\/index.php?rest_route=\/wp\/v2\/types\/post"}],"author":[{"embeddable":true,"href":"https:\/\/cidadecult.com.br\/index.php?rest_route=\/wp\/v2\/users\/1"}],"replies":[{"embeddable":true,"href":"https:\/\/cidadecult.com.br\/index.php?rest_route=%2Fwp%2Fv2%2Fcomments&post=1864"}],"version-history":[{"count":1,"href":"https:\/\/cidadecult.com.br\/index.php?rest_route=\/wp\/v2\/posts\/1864\/revisions"}],"predecessor-version":[{"id":1865,"href":"https:\/\/cidadecult.com.br\/index.php?rest_route=\/wp\/v2\/posts\/1864\/revisions\/1865"}],"wp:featuredmedia":[{"embeddable":true,"href":"https:\/\/cidadecult.com.br\/index.php?rest_route=\/wp\/v2\/media\/1745"}],"wp:attachment":[{"href":"https:\/\/cidadecult.com.br\/index.php?rest_route=%2Fwp%2Fv2%2Fmedia&parent=1864"}],"wp:term":[{"taxonomy":"category","embeddable":true,"href":"https:\/\/cidadecult.com.br\/index.php?rest_route=%2Fwp%2Fv2%2Fcategories&post=1864"},{"taxonomy":"post_tag","embeddable":true,"href":"https:\/\/cidadecult.com.br\/index.php?rest_route=%2Fwp%2Fv2%2Ftags&post=1864"}],"curies":[{"name":"wp","href":"https:\/\/api.w.org\/{rel}","templated":true}]}}