{"id":1861,"date":"2023-11-14T14:36:36","date_gmt":"2023-11-14T17:36:36","guid":{"rendered":"https:\/\/cidadecult.com.br\/?p=1861"},"modified":"2023-11-14T14:36:38","modified_gmt":"2023-11-14T17:36:38","slug":"ensaio-fotografico-aproxima-maes-e-bebes-prematuros","status":"publish","type":"post","link":"https:\/\/cidadecult.com.br\/?p=1861","title":{"rendered":"Ensaio fotogr\u00e1fico aproxima m\u00e3es e beb\u00eas prematuros"},"content":{"rendered":"\n<p>Registros fazem parte de s\u00e9rie de a\u00e7\u00f5es na rede p\u00fablica de sa\u00fade em alus\u00e3o ao Novembro Roxo. Campanha chama a aten\u00e7\u00e3o ao universo da prematuridade e seus desafios<\/p>\n\n\n\n<p>Ag\u00eancia Bras\u00edlia* |<\/p>\n\n\n\n<ul class=\"wp-block-list\">\n<li><a href=\"https:\/\/www.agenciabrasilia.df.gov.br\/categoria\/cidadania\">CIDADANIA<\/a><\/li>\n\n\n\n<li><a href=\"https:\/\/www.agenciabrasilia.df.gov.br\/categoria\/gdf\">GDF<\/a><\/li>\n\n\n\n<li><a href=\"https:\/\/www.agenciabrasilia.df.gov.br\/categoria\/hospital-de-base\">HOSPITAIS<\/a><\/li>\n\n\n\n<li><a href=\"https:\/\/www.agenciabrasilia.df.gov.br\/categoria\/saude\">SA\u00daDE<\/a><\/li>\n\n\n\n<li><a href=\"https:\/\/www.agenciabrasilia.df.gov.br\/categoria\/ses-df\">SES-DF<\/a><\/li>\n<\/ul>\n\n\n\n<p><a href=\"https:\/\/www.facebook.com\/sharer.php?u=https:\/\/www.agenciabrasilia.df.gov.br\/2023\/11\/08\/ensaio-fotografico-aproxima-maes-e-bebes-prematuros\/\" target=\"_blank\" rel=\"noreferrer noopener\">&nbsp;Facebook<\/a><a target=\"_blank\" href=\"https:\/\/api.whatsapp.com\/send?text=https:\/\/www.agenciabrasilia.df.gov.br\/2023\/11\/08\/ensaio-fotografico-aproxima-maes-e-bebes-prematuros\/\" rel=\"noreferrer noopener\">&nbsp;Encaminhar<\/a><\/p>\n\n\n\n<p>Nove meses para se transformar no beb\u00ea que conhecer\u00e1 o mundo pela primeira vez. Nem sempre esse \u00e9 o tempo que dura uma gravidez. E quando a crian\u00e7a chega antes do esperado, o nascimento vem acompanhado de uma s\u00e9rie de riscos. O n\u00famero de semanas ideais n\u00e3o fazem mais parte do plano e os abra\u00e7os cont\u00ednuos entre m\u00e3e e filho precisam esperar.<\/p>\n\n\n\n<figure class=\"wp-block-image\" id=\"attachment_563445\"><img decoding=\"async\" src=\"http:\/\/agenciabrasilia.df.gov.br\/wp-conteudo\/uploads\/2023\/11\/Capa_Foto-na-Utin-do-HRS.-Foto_Andreza-Lopes.jpg\" alt=\"\" class=\"wp-image-563445\"\/><figcaption class=\"wp-element-caption\">O objetivo do ensaio fotogr\u00e1fico na UTI Neonatal do Hospital Regional de Sobradinho \u00e9, principalmente, oferecer \u00e0s m\u00e3es um momento de proximidade durante o per\u00edodo de interna\u00e7\u00e3o de seus beb\u00eas | Foto: Divulga\u00e7\u00e3o\/Andreza Lopes<\/figcaption><\/figure>\n\n\n\n<p>\u00c9 assim para m\u00e3es e 23 beb\u00eas prematuros internados nas Unidades de Terapia Intensiva Neonatal (Utin) e de Cuidados Intermedi\u00e1rios Neonatais (Ucin) do Hospital Regional de Sobradinho (HRS). A apreens\u00e3o di\u00e1ria, contudo, foi dissipada pelo tempo de um ensaio fotogr\u00e1fico, no qual a dist\u00e2ncia provocada pela interna\u00e7\u00e3o deu lugar ao toque e ao amor.<\/p>\n\n\n\n<p>Na tarde da \u00faltima ter\u00e7a-feira (7), as lentes da fot\u00f3grafa Andreza Lopes registrou o in\u00edcio das boas lembran\u00e7as entre os beb\u00eas e suas fam\u00edlias. Com a tem\u00e1tica \u201cLutando Contra a Prematuridade\u201d, o HRS d\u00e1 continuidade \u00e0s a\u00e7\u00f5es do Novembro Roxo, m\u00eas de eventos ligados \u00e0 prematuridade. M\u00e3es e rec\u00e9m-nascidos ganharam, respectivamente, maquiagem e fantasias. Cada nen\u00e9m recebeu um kit com roupinhas e letras confeccionadas pela pr\u00f3pria equipe do hospital.<\/p>\n\n\n\n<p>O objetivo da atividade \u00e9, principalmente, oferecer \u00e0s m\u00e3es um momento de proximidade e recorda\u00e7\u00e3o. \u201cEsse \u00e9 um cuidado importante com as mulheres e seus beb\u00eas assistidos por n\u00f3s. Toda a equipe da Utin e da Ucin do hospital se empenha para criar boas lembran\u00e7as, mesmo que no per\u00edodo da interna\u00e7\u00e3o\u201d, diz a coordenadora de Enfermagem da Utin do HRS, Valqu\u00edria Vicente da Cunha Barbosa.<\/p>\n\n\n\n<p>Novembro \u00e9 o m\u00eas internacional de conscientiza\u00e7\u00e3o sobre a prematuridade. O intuito \u00e9 chamar a aten\u00e7\u00e3o para o aumento do n\u00famero de partos prematuros, como evit\u00e1-los e informar sobre as consequ\u00eancias do nascimento antecipado tanto ao beb\u00ea, quanto \u00e0 sua fam\u00edlia e \u00e0 sociedade.<\/p>\n\n\n\n<p><strong>Tradi\u00e7\u00e3o em fotos<\/strong><\/p>\n\n\n\n<p>Os beb\u00eas da Unidade Neonatal (Uneo) do Hospital Regional de Ceil\u00e2ndia (HRC) tamb\u00e9m foram modelos por um dia no final de outubro. O fundo do mar enfeitou os sorrisos clicados pelos fot\u00f3grafos Alessandra Moraes Oliveira Nardes, Marcos Bontempo dos Santos e Ricardo Khalil Lamia.<\/p>\n\n\n\n<figure class=\"wp-block-image\" id=\"attachment_563461\"><img decoding=\"async\" src=\"http:\/\/agenciabrasilia.df.gov.br\/wp-conteudo\/uploads\/2023\/11\/Ensaio-fotografico-na-Utin-e-Ucin-do-HRS.-Foto_Andreza-Lopes.jpg\" alt=\"\" class=\"wp-image-563461\"\/><figcaption class=\"wp-element-caption\">Para refor\u00e7ar o Novembro Roxo, diversas unidades da rede do DF planejam a\u00e7\u00f5es entre as fam\u00edlias e os beb\u00eas prematuros, a fim de proporcionar momentos de leveza, descontra\u00e7\u00e3o e suporte | Foto: Divulga\u00e7\u00e3o\/Andreza Lopes<\/figcaption><\/figure>\n\n\n\n<p>Desde 2016, a Uneo HRC faz o ensaio e a exposi\u00e7\u00e3o das fotos em alus\u00e3o ao m\u00eas da prematuridade. \u201c\u00c9 um momento que enche de orgulho todos os envolvidos. Tem muito amor e emo\u00e7\u00e3o. As m\u00e3es, a equipe e os fot\u00f3grafos volunt\u00e1rios se unem para celebrar os pequenos guerreiros, que lutam bravamente para sobreviver\u201d, relata a supervisora de Enfermagem da Uneo HRC, Ra\u00edssa Alves de Sousa.<\/p>\n\n\n\n<p>Neste ano, o tema foi \u201cUm Mergulho na Unidade Neonatal do HRC\u201d. Segundo a supervisora, a a\u00e7\u00e3o \u00e9 um convite para se aprofundar no universo da prematuridade, conhecer os desafios, as lutas, as incertezas diante da nova vida e as vit\u00f3rias dessas fam\u00edlias.<\/p>\n\n\n\n<p>Paloma Gon\u00e7alves \u00e9 m\u00e3e do pequeno Isac de Jesus, um dos beb\u00eas da UTI Neo do HRC, e ficou emocionada durante as fotos com o filho. \u201cEsses registros ficar\u00e3o guardados para sempre. Toda vez que olharmos, vamos lembrar do que passamos e ver que deu tudo certo no final\u201d, diz. \u201cAproveito para agradecer todo o cuidado da equipe do hospital com os bebezinhos prematuros e o carinho que eles t\u00eam, inclusive, com as fam\u00edlias\u201d, completa.<\/p>\n\n\n\n<p>Psic\u00f3loga da Uneo do HRC, Denise Perc\u00edlio destaca a import\u00e2ncia do acolhimento \u00e0 \u201cfam\u00edlia prematura\u201d, que nasce junto ao beb\u00ea. \u201cN\u00f3s, da equipe, precisamos entender esse beb\u00ea e a sua fam\u00edlia. Estar na neonatologia n\u00e3o \u00e9 algo mec\u00e2nico\u201d.<\/p>\n\n\n\n<figure class=\"wp-block-image\" id=\"attachment_563463\"><img decoding=\"async\" src=\"http:\/\/agenciabrasilia.df.gov.br\/wp-conteudo\/uploads\/2023\/11\/Paloma-Goncalves_-mae-de-Isac-de-Jesus_internado-na-UTI-Neo-do-HRC.-Foto_Alessandra-Moraes-Oliveira-Nardes-Marcos-Bontempo-dos-Santos-e-Ricardo-Khalil-Lamia.jpg\" alt=\"\" class=\"wp-image-563463\"\/><figcaption class=\"wp-element-caption\">\u201cEsses registros ficar\u00e3o guardados para sempre\u201d, diz emocionada Paloma Gon\u00e7alves, m\u00e3e do pequeno Isac de Jesus, um dos beb\u00eas da UTI Neonatal do Hospital Regional de Ceil\u00e2ndia | Foto: Divulga\u00e7\u00e3o\/Alessandra Moraes Oliveira Nardes, Marcos Bontempo dos Santos e Ricardo Khalil Lamia<\/figcaption><\/figure>\n\n\n\n<p><strong>Novembro Roxo<\/strong><\/p>\n\n\n\n<p>Em 2023, a campanha global do Novembro Roxo traz o lema \u201cPequenas a\u00e7\u00f5es, grande impacto: contato pele a pele imediato para todos os beb\u00eas, em todos os lugares\u201d. A cor roxa simboliza a sensibilidade e individualidade, que s\u00e3o caracter\u00edsticas t\u00edpicas dos beb\u00eas prematuros.<\/p>\n\n\n\n<p>Para celebrar o m\u00eas, diversas unidades da rede do DF planejam a\u00e7\u00f5es entre as fam\u00edlias e os beb\u00eas. O foco ser\u00e1, entre outros, proporcionar momentos de leveza, descontra\u00e7\u00e3o e suporte, principalmente \u00e0s m\u00e3es que \u201cvivem\u201d nos hospitais. Al\u00e9m dos ensaios fotogr\u00e1ficos, ter\u00e3o atividades como bingo, artesanato, cinema, rodas de conversas e m\u00fasica.<\/p>\n\n\n\n<p>Segue abaixo a programa\u00e7\u00e3o:<\/p>\n\n\n\n<p><strong>\u200cHospital Regional de Sobradinho (HRS)<\/strong><\/p>\n\n\n\n<p>08\/11 \u2013 16h \u2013 Import\u00e2ncia do contato pele a pele (somente para os profissionais)<br>09\/11 \u2013 14h \u2013 Bingo com as m\u00e3es<br>14\/11 \u2013 15h \u2013 Oficina de artesanato<br>17\/11 \u2013 15h \u2013 Sess\u00e3o solene com a dire\u00e7\u00e3o, servidores e m\u00e3es<br>24\/11 \u2013 9h30 \u2013 Conversa de m\u00e3e para m\u00e3e\u200c<\/p>\n\n\n\n<p><strong>Hospital da Regi\u00e3o Leste (HRL)<\/strong><\/p>\n\n\n\n<p>08\/11 \u2013 Projeto M\u00fasica nas Incubadoras<br>21\/11 \u2013 10h \u2013 Caf\u00e9 da manh\u00e3 com painel sobre o Novembro Roxo, o papel da equipe multidisciplinar e relatos de m\u00e3es de prematuros\u200c<\/p>\n\n\n\n<p><strong>Hospital Materno Infantil de Bras\u00edlia (Hmib)<\/strong><\/p>\n\n\n\n<p>14\/11 \u2013 8h \u2013 Sess\u00e3o de cinema, rodas de conversa e distribui\u00e7\u00e3o de kits na Ucin Canguru<br>16\/11 \u2013 Ensaio fotogr\u00e1fico para m\u00e3es e beb\u00eas prematuros<\/p>\n\n\n\n<p><strong>Hospital Regional de Ceil\u00e2ndia (HRC)<\/strong><\/p>\n\n\n\n<p>17\/11 \u2013 8h \u2013 Caf\u00e9 da manh\u00e3 em homenagem \u00e0s fam\u00edlias de prematuros<\/p>\n\n\n\n<p><strong>\u200cHospital Regional de Santa Maria (HRSM)<\/strong><\/p>\n\n\n\n<p>17\/11:<br>8h30 \u2013 Abertura<br>9h \u2013 Parto prematuro, causas e como prevenir<br>9h40 \u2013 Intervalo<br>10h \u2013 Medidas neuroprotetoras, ambi\u00eancia<br>10h40 \u2013 Manuseio M\u00ednimo<br>11h20 \u2013 Medicamentos mais usados na prematuridade<br>12h a 13h30 \u2013 Almo\u00e7o<br>13h40 \u2013 Aspectos do desenvolvimento motor e respirat\u00f3rio<br>14h20 \u2013 Pele a pele e a promo\u00e7\u00e3o do aleitamento materno<br>15h \u2013 Atua\u00e7\u00e3o fonoaudiol\u00f3gica em prematuros<br>15h40 \u2013 Cuidados paliativos neonatais<br>16h20 \u2013 Quando o bebe chega antes: aspectos psicol\u00f3gicos da prematuridade<\/p>\n\n\n\n<p><em>*Com informa\u00e7\u00f5es da Secretaria de Sa\u00fade do Distrito Federal (SES-DF)<\/em><\/p>\n","protected":false},"excerpt":{"rendered":"<p>Registros fazem parte de s\u00e9rie de a\u00e7\u00f5es na rede p\u00fablica de sa\u00fade em alus\u00e3o ao Novembro Roxo. Campanha chama a aten\u00e7\u00e3o ao universo da prematuridade e seus desafios Ag\u00eancia Bras\u00edlia* | &nbsp;Facebook&nbsp;Encaminhar Nove meses para se transformar no beb\u00ea que conhecer\u00e1 o mundo pela primeira vez. Nem sempre esse \u00e9 o tempo que dura uma [&hellip;]<\/p>\n","protected":false},"author":1,"featured_media":1862,"comment_status":"open","ping_status":"open","sticky":false,"template":"","format":"standard","meta":{"_monsterinsights_skip_tracking":false,"_monsterinsights_sitenote_active":false,"_monsterinsights_sitenote_note":"","_monsterinsights_sitenote_category":0,"footnotes":""},"categories":[1],"tags":[],"class_list":["post-1861","post","type-post","status-publish","format-standard","has-post-thumbnail","hentry","category-sem-categoria"],"_links":{"self":[{"href":"https:\/\/cidadecult.com.br\/index.php?rest_route=\/wp\/v2\/posts\/1861","targetHints":{"allow":["GET"]}}],"collection":[{"href":"https:\/\/cidadecult.com.br\/index.php?rest_route=\/wp\/v2\/posts"}],"about":[{"href":"https:\/\/cidadecult.com.br\/index.php?rest_route=\/wp\/v2\/types\/post"}],"author":[{"embeddable":true,"href":"https:\/\/cidadecult.com.br\/index.php?rest_route=\/wp\/v2\/users\/1"}],"replies":[{"embeddable":true,"href":"https:\/\/cidadecult.com.br\/index.php?rest_route=%2Fwp%2Fv2%2Fcomments&post=1861"}],"version-history":[{"count":1,"href":"https:\/\/cidadecult.com.br\/index.php?rest_route=\/wp\/v2\/posts\/1861\/revisions"}],"predecessor-version":[{"id":1863,"href":"https:\/\/cidadecult.com.br\/index.php?rest_route=\/wp\/v2\/posts\/1861\/revisions\/1863"}],"wp:featuredmedia":[{"embeddable":true,"href":"https:\/\/cidadecult.com.br\/index.php?rest_route=\/wp\/v2\/media\/1862"}],"wp:attachment":[{"href":"https:\/\/cidadecult.com.br\/index.php?rest_route=%2Fwp%2Fv2%2Fmedia&parent=1861"}],"wp:term":[{"taxonomy":"category","embeddable":true,"href":"https:\/\/cidadecult.com.br\/index.php?rest_route=%2Fwp%2Fv2%2Fcategories&post=1861"},{"taxonomy":"post_tag","embeddable":true,"href":"https:\/\/cidadecult.com.br\/index.php?rest_route=%2Fwp%2Fv2%2Ftags&post=1861"}],"curies":[{"name":"wp","href":"https:\/\/api.w.org\/{rel}","templated":true}]}}