{"id":18192,"date":"2026-05-01T12:06:57","date_gmt":"2026-05-01T15:06:57","guid":{"rendered":"https:\/\/cidadecult.com.br\/?p=18192"},"modified":"2026-05-01T12:06:58","modified_gmt":"2026-05-01T15:06:58","slug":"sain-se-apresenta-no-sesc-bom-retiro-com-show-que-celebra-o-rap-nacional","status":"publish","type":"post","link":"https:\/\/cidadecult.com.br\/?p=18192","title":{"rendered":"Sain se apresenta no Sesc &#8220;Bom retiro&#8221; com show que celebra o rap nacional"},"content":{"rendered":"\n<p><em>Foto\/divulga\u00e7\u00e3o<\/em><\/p>\n\n\n\n<p>O <em>rapper<\/em><strong> Sain <\/strong>sobe ao palco do<strong> &#8220;Sesc Bom retiro&#8221;<\/strong> no dia <strong>8 de maio,<\/strong> sexta-feira, \u00e0s <strong>20h<\/strong>, para um show que promete conectar o p\u00fablico com a ess\u00eancia da m\u00fasica urbana.<\/p>\n\n\n\n<p>Nascido no<strong> bairro do Catete,<\/strong> no<strong> Rio de Janeiro, Sain iniciou sua trajet\u00f3ria ainda na inf\u00e2ncia e construiu uma carreira s\u00f3lida dentro do rap nacional, sendo fortemente influenciado pelo pai, o tamb\u00e9m rapper Marcelo D2.<\/strong><\/p>\n\n\n\n<p>Na apresenta\u00e7\u00e3o, o artista re\u00fane m\u00fasicas de seus trabalhos mais marcantes, como os \u00e1lbuns <em>&#8220;Slow flow&#8221; <\/em>(2019) e <em>&#8220;KTT ZOO&#8221;<\/em> (2023), al\u00e9m de faixas que refletem sua viv\u00eancia e identidade dentro da cultura hip-hop.<\/p>\n\n\n\n<p>Com mais de 100 milh\u00f5es de<em> streams<\/em> acumulados, Sain se destaca por suas letras que dialogam diretamente com a juventude, embaladas por beats envolventes e flows aut\u00eanticos.<\/p>\n\n\n\n<p>Os ingressos variam entre R$18 e R$60 e j\u00e1 est\u00e3o dispon\u00edveis nos canais oficiais do Sesc.<\/p>\n\n\n\n<p><strong>Servi\u00e7o:<\/strong><br>\ud83d\udccd Sesc Bom Retiro \u2013 Alameda Nothmann, 185;<br>\ud83d\udcc5 8 de maio (sexta);<br>\u23f0 20h.<\/p>\n","protected":false},"excerpt":{"rendered":"<p>Foto\/divulga\u00e7\u00e3o O rapper Sain sobe ao palco do &#8220;Sesc Bom retiro&#8221; no dia 8 de maio, sexta-feira, \u00e0s 20h, para um show que promete conectar o p\u00fablico com a ess\u00eancia da m\u00fasica urbana. Nascido no bairro do Catete, no Rio de Janeiro, Sain iniciou sua trajet\u00f3ria ainda na inf\u00e2ncia e construiu uma carreira s\u00f3lida dentro [&hellip;]<\/p>\n","protected":false},"author":1441,"featured_media":18193,"comment_status":"open","ping_status":"open","sticky":false,"template":"","format":"standard","meta":{"_monsterinsights_skip_tracking":false,"_monsterinsights_sitenote_active":false,"_monsterinsights_sitenote_note":"","_monsterinsights_sitenote_category":0,"footnotes":""},"categories":[5629],"tags":[8611],"class_list":["post-18192","post","type-post","status-publish","format-standard","has-post-thumbnail","hentry","category-shows","tag-sain-rapnacional-hiphopbrasil-sescbomretiro-showssp-culturaurbana-cidadecult-agendacultural-saopaulo-musicaaovivo"],"_links":{"self":[{"href":"https:\/\/cidadecult.com.br\/index.php?rest_route=\/wp\/v2\/posts\/18192","targetHints":{"allow":["GET"]}}],"collection":[{"href":"https:\/\/cidadecult.com.br\/index.php?rest_route=\/wp\/v2\/posts"}],"about":[{"href":"https:\/\/cidadecult.com.br\/index.php?rest_route=\/wp\/v2\/types\/post"}],"author":[{"embeddable":true,"href":"https:\/\/cidadecult.com.br\/index.php?rest_route=\/wp\/v2\/users\/1441"}],"replies":[{"embeddable":true,"href":"https:\/\/cidadecult.com.br\/index.php?rest_route=%2Fwp%2Fv2%2Fcomments&post=18192"}],"version-history":[{"count":1,"href":"https:\/\/cidadecult.com.br\/index.php?rest_route=\/wp\/v2\/posts\/18192\/revisions"}],"predecessor-version":[{"id":18194,"href":"https:\/\/cidadecult.com.br\/index.php?rest_route=\/wp\/v2\/posts\/18192\/revisions\/18194"}],"wp:featuredmedia":[{"embeddable":true,"href":"https:\/\/cidadecult.com.br\/index.php?rest_route=\/wp\/v2\/media\/18193"}],"wp:attachment":[{"href":"https:\/\/cidadecult.com.br\/index.php?rest_route=%2Fwp%2Fv2%2Fmedia&parent=18192"}],"wp:term":[{"taxonomy":"category","embeddable":true,"href":"https:\/\/cidadecult.com.br\/index.php?rest_route=%2Fwp%2Fv2%2Fcategories&post=18192"},{"taxonomy":"post_tag","embeddable":true,"href":"https:\/\/cidadecult.com.br\/index.php?rest_route=%2Fwp%2Fv2%2Ftags&post=18192"}],"curies":[{"name":"wp","href":"https:\/\/api.w.org\/{rel}","templated":true}]}}