{"id":18186,"date":"2026-04-30T13:24:32","date_gmt":"2026-04-30T16:24:32","guid":{"rendered":"https:\/\/cidadecult.com.br\/?p=18186"},"modified":"2026-04-30T13:24:33","modified_gmt":"2026-04-30T16:24:33","slug":"governo-propoe-fim-da-escala-6x1-e-reducao-da-jornada-para-40-horas-semanais","status":"publish","type":"post","link":"https:\/\/cidadecult.com.br\/?p=18186","title":{"rendered":"Governo prop\u00f5e fim da escala 6&#215;1 e redu\u00e7\u00e3o da jornada para 40 horas semanais"},"content":{"rendered":"\n<p>\u00a0<em>Foto: Diego Campos \/ Secom-PR<\/em><\/p>\n\n\n\n<p>O debate sobre a jornada de trabalho no Brasil voltou ao centro das discuss\u00f5es \u00e0s v\u00e9speras do Dia do Trabalhador. O ministro do Trabalho e Emprego, Luiz Marinho, defendeu publicamente o fim da escala 6&#215;1, modelo em que o trabalhador tem apenas um dia de folga por semana e a ado\u00e7\u00e3o de uma jornada de 40 horas semanais, sem redu\u00e7\u00e3o salarial.<\/p>\n\n\n\n<p>A proposta faz parte de um projeto enviado pelo governo do presidente Luiz In\u00e1cio Lula da Silva ao Congresso Nacional com pedido de urg\u00eancia.<\/p>\n\n\n\n<h3 class=\"wp-block-heading\">Mais qualidade de vida e menos adoecimento<\/h3>\n\n\n\n<p>Segundo o ministro, a mudan\u00e7a busca melhorar as condi\u00e7\u00f5es de trabalho e reduzir problemas cada vez mais frequentes, como doen\u00e7as mentais, acidentes e faltas.<\/p>\n\n\n\n<p>\u201cEstamos falando de corrigir uma jornada extenuante. H\u00e1 aumento de doen\u00e7as profissionais e isso impacta diretamente a produtividade\u201d, afirmou.<\/p>\n\n\n\n<p>A proposta prev\u00ea dois dias de descanso por semana, o que, segundo Marinho, j\u00e1 vem sendo adotado por algumas empresas com resultados positivos.<\/p>\n\n\n\n<h3 class=\"wp-block-heading\">Produtividade em foco<\/h3>\n\n\n\n<p>Apesar da resist\u00eancia de parte do setor empresarial, o ministro argumenta que a redu\u00e7\u00e3o da jornada pode gerar ganhos econ\u00f4micos. A l\u00f3gica \u00e9 simples: trabalhadores mais descansados tendem a produzir mais e faltar menos.<\/p>\n\n\n\n<p>Ele tamb\u00e9m rebate cr\u00edticas de que a medida poderia prejudicar empresas. \u201cHistoricamente, sempre que houve redu\u00e7\u00e3o da jornada, houve melhora no ambiente de trabalho e aumento da produtividade\u201d, destacou.<\/p>\n\n\n\n<h3 class=\"wp-block-heading\">Flexibilidade continua<\/h3>\n\n\n\n<p>O governo afirma que n\u00e3o pretende acabar com o trabalho aos fins de semana. Setores que precisam funcionar todos os dias poder\u00e3o manter suas atividades por meio de acordos coletivos.<\/p>\n\n\n\n<p>A ideia \u00e9 permitir flexibilidade na organiza\u00e7\u00e3o das folgas, respeitando a carga hor\u00e1ria semanal.<\/p>\n\n\n\n<h3 class=\"wp-block-heading\">Juventude pressiona por mudan\u00e7as<\/h3>\n\n\n\n<p>Outro ponto levantado por Marinho \u00e9 a rejei\u00e7\u00e3o crescente, especialmente entre jovens, a vagas com escala 6&#215;1. Segundo ele, muitas oportunidades deixam de ser preenchidas por conta da baixa qualidade de vida associada a esse modelo.<\/p>\n\n\n\n<p>\u201cH\u00e1 uma demanda clara por mais tempo livre, seja para estudar, cuidar da fam\u00edlia ou investir em qualifica\u00e7\u00e3o\u201d, disse.<\/p>\n\n\n\n<h3 class=\"wp-block-heading\">Projeto ainda depende do Congresso<\/h3>\n\n\n\n<p>A proposta ainda est\u00e1 em tramita\u00e7\u00e3o no Congresso Nacional e deve passar por debates antes de uma poss\u00edvel aprova\u00e7\u00e3o.<\/p>\n\n\n\n<p>Se implementada, a mudan\u00e7a pode representar uma das maiores transforma\u00e7\u00f5es recentes nas rela\u00e7\u00f5es de trabalho no Brasil \u2014 reacendendo discuss\u00f5es sobre equil\u00edbrio entre produtividade e bem-estar.<\/p>\n","protected":false},"excerpt":{"rendered":"<p>\u00a0Foto: Diego Campos \/ Secom-PR O debate sobre a jornada de trabalho no Brasil voltou ao centro das discuss\u00f5es \u00e0s v\u00e9speras do Dia do Trabalhador. O ministro do Trabalho e Emprego, Luiz Marinho, defendeu publicamente o fim da escala 6&#215;1, modelo em que o trabalhador tem apenas um dia de folga por semana e a [&hellip;]<\/p>\n","protected":false},"author":1441,"featured_media":18187,"comment_status":"open","ping_status":"open","sticky":false,"template":"","format":"standard","meta":{"_monsterinsights_skip_tracking":false,"_monsterinsights_sitenote_active":false,"_monsterinsights_sitenote_note":"","_monsterinsights_sitenote_category":0,"footnotes":""},"categories":[5805],"tags":[],"class_list":["post-18186","post","type-post","status-publish","format-standard","has-post-thumbnail","hentry","category-politica-sociedade"],"_links":{"self":[{"href":"https:\/\/cidadecult.com.br\/index.php?rest_route=\/wp\/v2\/posts\/18186","targetHints":{"allow":["GET"]}}],"collection":[{"href":"https:\/\/cidadecult.com.br\/index.php?rest_route=\/wp\/v2\/posts"}],"about":[{"href":"https:\/\/cidadecult.com.br\/index.php?rest_route=\/wp\/v2\/types\/post"}],"author":[{"embeddable":true,"href":"https:\/\/cidadecult.com.br\/index.php?rest_route=\/wp\/v2\/users\/1441"}],"replies":[{"embeddable":true,"href":"https:\/\/cidadecult.com.br\/index.php?rest_route=%2Fwp%2Fv2%2Fcomments&post=18186"}],"version-history":[{"count":1,"href":"https:\/\/cidadecult.com.br\/index.php?rest_route=\/wp\/v2\/posts\/18186\/revisions"}],"predecessor-version":[{"id":18188,"href":"https:\/\/cidadecult.com.br\/index.php?rest_route=\/wp\/v2\/posts\/18186\/revisions\/18188"}],"wp:featuredmedia":[{"embeddable":true,"href":"https:\/\/cidadecult.com.br\/index.php?rest_route=\/wp\/v2\/media\/18187"}],"wp:attachment":[{"href":"https:\/\/cidadecult.com.br\/index.php?rest_route=%2Fwp%2Fv2%2Fmedia&parent=18186"}],"wp:term":[{"taxonomy":"category","embeddable":true,"href":"https:\/\/cidadecult.com.br\/index.php?rest_route=%2Fwp%2Fv2%2Fcategories&post=18186"},{"taxonomy":"post_tag","embeddable":true,"href":"https:\/\/cidadecult.com.br\/index.php?rest_route=%2Fwp%2Fv2%2Ftags&post=18186"}],"curies":[{"name":"wp","href":"https:\/\/api.w.org\/{rel}","templated":true}]}}