{"id":18182,"date":"2026-04-30T13:14:06","date_gmt":"2026-04-30T16:14:06","guid":{"rendered":"https:\/\/cidadecult.com.br\/?p=18182"},"modified":"2026-04-30T13:14:07","modified_gmt":"2026-04-30T16:14:07","slug":"semana-do-curta-traz-olhar-sobre-arquitetura-paulistana-e-trajetoria-de-lais-bodanzky","status":"publish","type":"post","link":"https:\/\/cidadecult.com.br\/?p=18182","title":{"rendered":"Semana do Curta traz olhar sobre arquitetura paulistana e trajet\u00f3ria de La\u00eds Bodanzky"},"content":{"rendered":"\n<p><em>Foto\/divulga\u00e7\u00e3o<\/em><\/p>\n\n\n\n<p>A nova semana de programa\u00e7\u00e3o do &#8220;Curta!&#8221; aposta em conte\u00fados in\u00e9ditos que atravessam diferentes \u00e1reas da cultura brasileira, com destaque para a arquitetura e o cinema contempor\u00e2neo.<\/p>\n\n\n\n<p>Na ter\u00e7a-feira (05), \u00e0s 21h45, estreia o document\u00e1rio <em>\u201cArtacho jurado: sinfonia de um arquiteto\u201d<\/em>, que lan\u00e7a um novo olhar sobre a cidade de S\u00e3o Paulo a partir das cria\u00e7\u00f5es de Jo\u00e3o Artacho Jurado. Autodidata e considerado um nome fora dos padr\u00f5es do modernismo cl\u00e1ssico, Jurado ficou conhecido por projetos que valorizavam o conv\u00edvio social, com \u00e1reas comuns inovadoras e est\u00e9tica marcante. O filme revisita edif\u00edcios emblem\u00e1ticos e prop\u00f5e uma reflex\u00e3o sobre seu legado, hoje cada vez mais reconhecido.<\/p>\n\n\n\n<p>J\u00e1 na quarta-feira (06), \u00e0s 21h30, a s\u00e9rie <em>\u201cCineastas: 2\u00aa temporada\u201d<\/em> apresenta um epis\u00f3dio in\u00e9dito dedicado \u00e0 diretora La\u00eds Bodanzky. Reconhecida por obras que abordam quest\u00f5es sociais e emocionais com profundidade, ela compartilha detalhes de seu percurso profissional, influ\u00eancias e m\u00e9todos de cria\u00e7\u00e3o, revelando os bastidores de filmes que marcaram o cinema nacional.<\/p>\n\n\n\n<p>A programa\u00e7\u00e3o segue ao longo da semana com outros t\u00edtulos que dialogam com a hist\u00f3ria e a cultura. Entre eles, o document\u00e1rio sobre Dolores Duran,<strong> exibido na segunda-feira (04)<\/strong>, que revisita a trajet\u00f3ria da artista e sua import\u00e2ncia para a m\u00fasica brasileira. Na <strong>quinta-feira (07),<\/strong> a s\u00e9rie \u201cPara ver freud\u201d destaca o pensamento de Sigmund Freud, enquanto a sexta-feira (08) traz um retrato hist\u00f3rico de Maria Leopoldina e sua atua\u00e7\u00e3o decisiva na independ\u00eancia do pa\u00eds.<\/p>\n\n\n\n<p>Os conte\u00fados exibidos na grade do canal tamb\u00e9m est\u00e3o dispon\u00edveis no &#8220;Curta-<em>on<\/em>&#8220;, servi\u00e7o de <em>streaming <\/em>voltado a document\u00e1rios e produ\u00e7\u00f5es culturais.<\/p>\n","protected":false},"excerpt":{"rendered":"<p>Foto\/divulga\u00e7\u00e3o A nova semana de programa\u00e7\u00e3o do &#8220;Curta!&#8221; aposta em conte\u00fados in\u00e9ditos que atravessam diferentes \u00e1reas da cultura brasileira, com destaque para a arquitetura e o cinema contempor\u00e2neo. Na ter\u00e7a-feira (05), \u00e0s 21h45, estreia o document\u00e1rio \u201cArtacho jurado: sinfonia de um arquiteto\u201d, que lan\u00e7a um novo olhar sobre a cidade de S\u00e3o Paulo a partir [&hellip;]<\/p>\n","protected":false},"author":1441,"featured_media":18184,"comment_status":"open","ping_status":"open","sticky":false,"template":"","format":"standard","meta":{"_monsterinsights_skip_tracking":false,"_monsterinsights_sitenote_active":false,"_monsterinsights_sitenote_note":"","_monsterinsights_sitenote_category":0,"footnotes":""},"categories":[232],"tags":[8610],"class_list":["post-18182","post","type-post","status-publish","format-standard","has-post-thumbnail","hentry","category-cinema","tag-curta-tv-streaming-culturabrasileira-arquitetura-cinemabrasileiro-artachojurado-laisbodanzky-documentarios-cidadecult"],"_links":{"self":[{"href":"https:\/\/cidadecult.com.br\/index.php?rest_route=\/wp\/v2\/posts\/18182","targetHints":{"allow":["GET"]}}],"collection":[{"href":"https:\/\/cidadecult.com.br\/index.php?rest_route=\/wp\/v2\/posts"}],"about":[{"href":"https:\/\/cidadecult.com.br\/index.php?rest_route=\/wp\/v2\/types\/post"}],"author":[{"embeddable":true,"href":"https:\/\/cidadecult.com.br\/index.php?rest_route=\/wp\/v2\/users\/1441"}],"replies":[{"embeddable":true,"href":"https:\/\/cidadecult.com.br\/index.php?rest_route=%2Fwp%2Fv2%2Fcomments&post=18182"}],"version-history":[{"count":1,"href":"https:\/\/cidadecult.com.br\/index.php?rest_route=\/wp\/v2\/posts\/18182\/revisions"}],"predecessor-version":[{"id":18185,"href":"https:\/\/cidadecult.com.br\/index.php?rest_route=\/wp\/v2\/posts\/18182\/revisions\/18185"}],"wp:featuredmedia":[{"embeddable":true,"href":"https:\/\/cidadecult.com.br\/index.php?rest_route=\/wp\/v2\/media\/18184"}],"wp:attachment":[{"href":"https:\/\/cidadecult.com.br\/index.php?rest_route=%2Fwp%2Fv2%2Fmedia&parent=18182"}],"wp:term":[{"taxonomy":"category","embeddable":true,"href":"https:\/\/cidadecult.com.br\/index.php?rest_route=%2Fwp%2Fv2%2Fcategories&post=18182"},{"taxonomy":"post_tag","embeddable":true,"href":"https:\/\/cidadecult.com.br\/index.php?rest_route=%2Fwp%2Fv2%2Ftags&post=18182"}],"curies":[{"name":"wp","href":"https:\/\/api.w.org\/{rel}","templated":true}]}}