{"id":18178,"date":"2026-04-29T13:06:45","date_gmt":"2026-04-29T16:06:45","guid":{"rendered":"https:\/\/cidadecult.com.br\/?p=18178"},"modified":"2026-04-29T13:08:56","modified_gmt":"2026-04-29T16:08:56","slug":"saude-mental-no-trabalho-e-tema-do-programa-opiniao-nesta-sexta-1o-na-tv-cultura","status":"publish","type":"post","link":"https:\/\/cidadecult.com.br\/?p=18178","title":{"rendered":"Sa\u00fade mental no trabalho \u00e9 tema do programa Opini\u00e3o nesta sexta (1\u00ba), na TV Cultura"},"content":{"rendered":"\n<p><em>Foto: Tatiana Bertoni\/ Acervo TV Cultura<\/em><\/p>\n\n\n\n<p>No<strong> Dia do Trabalhador<\/strong>, o programa<strong> &#8220;Opini\u00e3o&#8221;<\/strong> promove um debate sobre sa\u00fade mental no ambiente profissional e as mudan\u00e7as previstas na nova reda\u00e7\u00e3o da NR-1. <strong>A edi\u00e7\u00e3o in\u00e9dita vai ao ar nesta sexta-feira, 1\u00ba de maio, \u00e0s 20h30, na &#8220;TV cultura&#8221;, com apresenta\u00e7\u00e3o de Andresa Boni.<\/strong><\/p>\n\n\n\n<p>A discuss\u00e3o acontece em um momento importante para empresas e trabalhadores. A partir de maio, entra em vigor a atualiza\u00e7\u00e3o da NR-1, norma que amplia o olhar sobre sa\u00fade ocupacional e coloca os riscos psicossociais no centro das pol\u00edticas corporativas. Quest\u00f5es como estresse, burnout, ass\u00e9dio moral e viol\u00eancia no trabalho passam a exigir medidas preventivas estruturadas por parte das organiza\u00e7\u00f5es.<\/p>\n\n\n\n<p>O programa debate como essas mudan\u00e7as devem impactar a rotina das empresas e a vida dos profissionais, al\u00e9m de discutir se o mercado est\u00e1 preparado para essa nova realidade. A proposta da norma \u00e9 ir al\u00e9m da responsabiliza\u00e7\u00e3o individual e incentivar uma revis\u00e3o das metas, jornadas e formas de gest\u00e3o dentro dos ambientes corporativos.<\/p>\n\n\n\n<p>Para aprofundar o tema, a atra\u00e7\u00e3o recebe a psic\u00f3loga organizacional Patr\u00edcia Ansarah, fundadora do Instituto Internacional em Seguran\u00e7a Psicol\u00f3gica, e a advogada trabalhista Patr\u00edcia Anast\u00e1cio, integrante da Comiss\u00e3o da Advocacia Trabalhista da OAB\/SP.<\/p>\n\n\n\n<p>A edi\u00e7\u00e3o especial refor\u00e7a a import\u00e2ncia do debate sobre sa\u00fade mental no trabalho em um cen\u00e1rio de transforma\u00e7\u00f5es nas rela\u00e7\u00f5es profissionais e nas pol\u00edticas de bem-estar corporativo.<\/p>\n\n\n\n<p><strong>Servi\u00e7o<\/strong>:<br>\ud83d\udcfa Opini\u00e3o \u2013 Sa\u00fade mental no trabalho;<br>\ud83d\udcc5 Sexta-feira, 1\u00ba de maio;<br>\u23f0 20h30;<br>\ud83d\udccd TV Cultura.<\/p>\n\n\n\n<p><em>Realiza\u00e7\u00e3o: TV Cultura, Lei Rouanet, Minist\u00e9rio da Cultura e Governo Federal.<\/em><\/p>\n","protected":false},"excerpt":{"rendered":"<p>Foto: Tatiana Bertoni\/ Acervo TV Cultura No Dia do Trabalhador, o programa &#8220;Opini\u00e3o&#8221; promove um debate sobre sa\u00fade mental no ambiente profissional e as mudan\u00e7as previstas na nova reda\u00e7\u00e3o da NR-1. A edi\u00e7\u00e3o in\u00e9dita vai ao ar nesta sexta-feira, 1\u00ba de maio, \u00e0s 20h30, na &#8220;TV cultura&#8221;, com apresenta\u00e7\u00e3o de Andresa Boni. A discuss\u00e3o acontece [&hellip;]<\/p>\n","protected":false},"author":1441,"featured_media":18180,"comment_status":"open","ping_status":"open","sticky":false,"template":"","format":"standard","meta":{"_monsterinsights_skip_tracking":false,"_monsterinsights_sitenote_active":false,"_monsterinsights_sitenote_note":"","_monsterinsights_sitenote_category":0,"footnotes":""},"categories":[1],"tags":[],"class_list":["post-18178","post","type-post","status-publish","format-standard","has-post-thumbnail","hentry","category-sem-categoria"],"_links":{"self":[{"href":"https:\/\/cidadecult.com.br\/index.php?rest_route=\/wp\/v2\/posts\/18178","targetHints":{"allow":["GET"]}}],"collection":[{"href":"https:\/\/cidadecult.com.br\/index.php?rest_route=\/wp\/v2\/posts"}],"about":[{"href":"https:\/\/cidadecult.com.br\/index.php?rest_route=\/wp\/v2\/types\/post"}],"author":[{"embeddable":true,"href":"https:\/\/cidadecult.com.br\/index.php?rest_route=\/wp\/v2\/users\/1441"}],"replies":[{"embeddable":true,"href":"https:\/\/cidadecult.com.br\/index.php?rest_route=%2Fwp%2Fv2%2Fcomments&post=18178"}],"version-history":[{"count":1,"href":"https:\/\/cidadecult.com.br\/index.php?rest_route=\/wp\/v2\/posts\/18178\/revisions"}],"predecessor-version":[{"id":18179,"href":"https:\/\/cidadecult.com.br\/index.php?rest_route=\/wp\/v2\/posts\/18178\/revisions\/18179"}],"wp:featuredmedia":[{"embeddable":true,"href":"https:\/\/cidadecult.com.br\/index.php?rest_route=\/wp\/v2\/media\/18180"}],"wp:attachment":[{"href":"https:\/\/cidadecult.com.br\/index.php?rest_route=%2Fwp%2Fv2%2Fmedia&parent=18178"}],"wp:term":[{"taxonomy":"category","embeddable":true,"href":"https:\/\/cidadecult.com.br\/index.php?rest_route=%2Fwp%2Fv2%2Fcategories&post=18178"},{"taxonomy":"post_tag","embeddable":true,"href":"https:\/\/cidadecult.com.br\/index.php?rest_route=%2Fwp%2Fv2%2Ftags&post=18178"}],"curies":[{"name":"wp","href":"https:\/\/api.w.org\/{rel}","templated":true}]}}