{"id":18174,"date":"2026-04-28T19:47:13","date_gmt":"2026-04-28T22:47:13","guid":{"rendered":"https:\/\/cidadecult.com.br\/?p=18174"},"modified":"2026-04-28T19:48:54","modified_gmt":"2026-04-28T22:48:54","slug":"zeca-pagodinho-alcione-e-jorge-aragao-fazem-grande-encontro-do-samba-em-brasilia-19-de-setembro-arena-mane-garrincha","status":"publish","type":"post","link":"https:\/\/cidadecult.com.br\/?p=18174","title":{"rendered":"Zeca Pagodinho, Alcione e Jorge Arag\u00e3o fazem grande encontro do samba em Bras\u00edlia &#8211; 19 de setembro &#8211; Arena Man\u00e9 Garrincha"},"content":{"rendered":"\n<p>Bras\u00edlia se prepara para receber um dos encontros mais emblem\u00e1ticos do samba nacional. No dia <strong>19 de setembro de 2026<\/strong>, tr\u00eas \u00edcones do g\u00eanero \u2014 Zeca Pagodinho, Alcione e Jorge Arag\u00e3o \u2014 sobem ao palco da Arena Man\u00e9 Garrincha para um show que promete reunir gera\u00e7\u00f5es em torno do samba.<\/p>\n\n\n\n<p>Com in\u00edcio marcado para <strong>20h<\/strong> e abertura dos port\u00f5es \u00e0s <strong>16h<\/strong>, o evento transforma a capital em um verdadeiro reduto da m\u00fasica brasileira, celebrando carreiras que ajudaram a construir a identidade do g\u00eanero no pa\u00eds.<\/p>\n\n\n\n<p>O repert\u00f3rio deve passear por cl\u00e1ssicos que atravessam d\u00e9cadas, reunindo sucessos que fazem parte da mem\u00f3ria afetiva do p\u00fablico. A proposta \u00e9 simples e potente: <strong>tr\u00eas grandes nomes, no mesmo palco, em uma noite dedicada ao samba em sua ess\u00eancia<\/strong>.<\/p>\n\n\n\n<p>Os ingressos j\u00e1 est\u00e3o dispon\u00edveis, com valores que variam conforme o setor. As op\u00e7\u00f5es v\u00e3o desde <strong>cadeira superior (a partir de R$ 87,50 meia)<\/strong> at\u00e9 experi\u00eancias mais exclusivas, como a <strong>pista premium e pacote VIP<\/strong>, que inclui \u00e1rea reservada, bar exclusivo e itens especiais.<\/p>\n\n\n\n<p>A venda acontece pela Eventim, com orienta\u00e7\u00f5es importantes para o p\u00fablico: o acesso ser\u00e1 feito exclusivamente por QR Code no aplicativo oficial, liberado apenas 24 horas antes do evento \u2014 n\u00e3o sendo aceitos ingressos impressos ou capturas de tela.<\/p>\n\n\n\n<p>Al\u00e9m disso, o evento contar\u00e1 com ingresso social, mediante doa\u00e7\u00e3o de 1kg de alimento n\u00e3o perec\u00edvel, refor\u00e7ando tamb\u00e9m o car\u00e1ter solid\u00e1rio da experi\u00eancia.<\/p>\n\n\n\n<p>Com estrutura de grande porte, seguran\u00e7a refor\u00e7ada e uma programa\u00e7\u00e3o que re\u00fane tr\u00eas pilares do samba, o show se desenha como um dos principais eventos musicais do ano em Bras\u00edlia.<\/p>\n\n\n\n<h2 class=\"wp-block-heading\">Servi\u00e7o<\/h2>\n\n\n\n<p><strong>Zeca Pagodinho, Alcione &amp; Jorge Arag\u00e3o \u2013 Bras\u00edlia<\/strong><br>\ud83d\udccd Local: Arena Man\u00e9 Garrincha<br>\ud83d\udcc5 Data: 19 de setembro de 2026<br>\u23f0 Abertura dos port\u00f5es: 16h | Show: 20h<\/p>\n\n\n\n<p>\ud83c\udf9f\ufe0f Ingressos: via Eventim<br>\ud83d\udcb0 Valores: de R$ 87,50 a R$ 1.090 (dependendo do setor e modalidade)<\/p>\n","protected":false},"excerpt":{"rendered":"<p>Bras\u00edlia se prepara para receber um dos encontros mais emblem\u00e1ticos do samba nacional. No dia 19 de setembro de 2026, tr\u00eas \u00edcones do g\u00eanero \u2014 Zeca Pagodinho, Alcione e Jorge Arag\u00e3o \u2014 sobem ao palco da Arena Man\u00e9 Garrincha para um show que promete reunir gera\u00e7\u00f5es em torno do samba. Com in\u00edcio marcado para 20h [&hellip;]<\/p>\n","protected":false},"author":777,"featured_media":18175,"comment_status":"open","ping_status":"open","sticky":false,"template":"","format":"standard","meta":{"_monsterinsights_skip_tracking":false,"_monsterinsights_sitenote_active":false,"_monsterinsights_sitenote_note":"","_monsterinsights_sitenote_category":0,"footnotes":""},"categories":[8328],"tags":[391,1191,8599,8606,516,6257,8609,8608,8607,188],"class_list":["post-18174","post","type-post","status-publish","format-standard","has-post-thumbnail","hentry","category-agenda-brasilia","tag-alcione","tag-arena-brb","tag-eventim","tag-eventos-brasilia","tag-jorge-aragao","tag-musica-brasileira","tag-samba-ao-vivo","tag-samba-brasilia","tag-show-brasilia","tag-zeca-pagodinho"],"_links":{"self":[{"href":"https:\/\/cidadecult.com.br\/index.php?rest_route=\/wp\/v2\/posts\/18174","targetHints":{"allow":["GET"]}}],"collection":[{"href":"https:\/\/cidadecult.com.br\/index.php?rest_route=\/wp\/v2\/posts"}],"about":[{"href":"https:\/\/cidadecult.com.br\/index.php?rest_route=\/wp\/v2\/types\/post"}],"author":[{"embeddable":true,"href":"https:\/\/cidadecult.com.br\/index.php?rest_route=\/wp\/v2\/users\/777"}],"replies":[{"embeddable":true,"href":"https:\/\/cidadecult.com.br\/index.php?rest_route=%2Fwp%2Fv2%2Fcomments&post=18174"}],"version-history":[{"count":1,"href":"https:\/\/cidadecult.com.br\/index.php?rest_route=\/wp\/v2\/posts\/18174\/revisions"}],"predecessor-version":[{"id":18176,"href":"https:\/\/cidadecult.com.br\/index.php?rest_route=\/wp\/v2\/posts\/18174\/revisions\/18176"}],"wp:featuredmedia":[{"embeddable":true,"href":"https:\/\/cidadecult.com.br\/index.php?rest_route=\/wp\/v2\/media\/18175"}],"wp:attachment":[{"href":"https:\/\/cidadecult.com.br\/index.php?rest_route=%2Fwp%2Fv2%2Fmedia&parent=18174"}],"wp:term":[{"taxonomy":"category","embeddable":true,"href":"https:\/\/cidadecult.com.br\/index.php?rest_route=%2Fwp%2Fv2%2Fcategories&post=18174"},{"taxonomy":"post_tag","embeddable":true,"href":"https:\/\/cidadecult.com.br\/index.php?rest_route=%2Fwp%2Fv2%2Ftags&post=18174"}],"curies":[{"name":"wp","href":"https:\/\/api.w.org\/{rel}","templated":true}]}}