{"id":18171,"date":"2026-04-28T19:42:28","date_gmt":"2026-04-28T22:42:28","guid":{"rendered":"https:\/\/cidadecult.com.br\/?p=18171"},"modified":"2026-04-28T19:42:30","modified_gmt":"2026-04-28T22:42:30","slug":"xand-aviao-grava-meu-sao-joao-e-da-largada-a-temporada-junina","status":"publish","type":"post","link":"https:\/\/cidadecult.com.br\/?p=18171","title":{"rendered":"Xand Avi\u00e3o grava \u201cMeu S\u00e3o Jo\u00e3o\u201d e d\u00e1 largada \u00e0 temporada junina"},"content":{"rendered":"\n<p>O cantor Xand Avi\u00e3o abre oficialmente o calend\u00e1rio das festas juninas com a grava\u00e7\u00e3o do audiovisual <strong>\u201cMeu S\u00e3o Jo\u00e3o\u201d<\/strong>, realizada nesta ter\u00e7a-feira (28), no Colosso Fortaleza, em Fortaleza.<\/p>\n\n\n\n<p>O projeto surge como um <strong>esquenta para o per\u00edodo mais emblem\u00e1tico da m\u00fasica nordestina<\/strong>, reunindo um repert\u00f3rio que atravessa diferentes fases da carreira do artista e dialoga com a tradi\u00e7\u00e3o do forr\u00f3. A proposta \u00e9 revisitar sucessos, apresentar can\u00e7\u00f5es in\u00e9ditas e refor\u00e7ar a conex\u00e3o emocional com o p\u00fablico.<\/p>\n\n\n\n<p>Com um setlist que mistura <strong>cl\u00e1ssicos j\u00e1 interpretados por Xand Avi\u00e3o e novas faixas<\/strong>, o audiovisual busca refletir a for\u00e7a do S\u00e3o Jo\u00e3o como manifesta\u00e7\u00e3o cultural e afetiva. O projeto tamb\u00e9m aposta em colabora\u00e7\u00f5es para ampliar sua sonoridade, com participa\u00e7\u00f5es de Nattan e Talita Mel.<\/p>\n\n\n\n<blockquote class=\"wp-block-quote is-layout-flow wp-block-quote-is-layout-flow\">\n<p>\u201cO S\u00e3o Jo\u00e3o sempre foi uma das partes mais importantes da minha vida. Esse projeto \u00e9 um esquenta, um resgate de m\u00fasicas que marcaram minha hist\u00f3ria e continuam vivas com o p\u00fablico\u201d, afirma o artista.<\/p>\n<\/blockquote>\n\n\n\n<p>A grava\u00e7\u00e3o marca um novo momento na trajet\u00f3ria de Xand. Ap\u00f3s dois anos consecutivos sendo eleito com o melhor show do S\u00e3o Jo\u00e3o, a turn\u00ea <strong>\u201cO Forr\u00f3 \u00e9 Pop\u201d<\/strong> entra em pausa, abrindo espa\u00e7o para essa nova fase que combina <strong>mem\u00f3ria, inova\u00e7\u00e3o e identidade nordestina<\/strong>.<\/p>\n\n\n\n<p>\u201cMeu S\u00e3o Jo\u00e3o\u201d chega como um projeto que antecipa o clima das festas, refor\u00e7ando o papel de Xand Avi\u00e3o como um dos principais nomes do g\u00eanero e um dos respons\u00e1veis por manter o forr\u00f3 em constante renova\u00e7\u00e3o.<\/p>\n\n\n\n<h2 class=\"wp-block-heading\">Servi\u00e7o<\/h2>\n\n\n\n<p><strong>Xand Avi\u00e3o \u2013 Grava\u00e7\u00e3o de \u201cMeu S\u00e3o Jo\u00e3o\u201d<\/strong><br>\ud83d\udccd Local: Colosso \u2013 Fortaleza (CE)<br>\ud83d\udcc5 Data: 28 de abril de 2026<br>\u23f0 Hor\u00e1rio: 19h<br>\ud83c\udf9f\ufe0f Ingressos: esgotados<\/p>\n","protected":false},"excerpt":{"rendered":"<p>O cantor Xand Avi\u00e3o abre oficialmente o calend\u00e1rio das festas juninas com a grava\u00e7\u00e3o do audiovisual \u201cMeu S\u00e3o Jo\u00e3o\u201d, realizada nesta ter\u00e7a-feira (28), no Colosso Fortaleza, em Fortaleza. O projeto surge como um esquenta para o per\u00edodo mais emblem\u00e1tico da m\u00fasica nordestina, reunindo um repert\u00f3rio que atravessa diferentes fases da carreira do artista e dialoga [&hellip;]<\/p>\n","protected":false},"author":777,"featured_media":18172,"comment_status":"open","ping_status":"open","sticky":false,"template":"","format":"standard","meta":{"_monsterinsights_skip_tracking":false,"_monsterinsights_sitenote_active":false,"_monsterinsights_sitenote_note":"","_monsterinsights_sitenote_category":0,"footnotes":""},"categories":[6],"tags":[8602,8565,978,6256,8604,8563,8603,7387,8605,7961],"class_list":["post-18171","post","type-post","status-publish","format-standard","has-post-thumbnail","hentry","category-music","tag-colosso","tag-festas-juninas","tag-forro","tag-fortaleza","tag-meu-sao-joao","tag-musica-nordestina","tag-nattan","tag-sao-joao","tag-talita-mel","tag-xand-aviao"],"_links":{"self":[{"href":"https:\/\/cidadecult.com.br\/index.php?rest_route=\/wp\/v2\/posts\/18171","targetHints":{"allow":["GET"]}}],"collection":[{"href":"https:\/\/cidadecult.com.br\/index.php?rest_route=\/wp\/v2\/posts"}],"about":[{"href":"https:\/\/cidadecult.com.br\/index.php?rest_route=\/wp\/v2\/types\/post"}],"author":[{"embeddable":true,"href":"https:\/\/cidadecult.com.br\/index.php?rest_route=\/wp\/v2\/users\/777"}],"replies":[{"embeddable":true,"href":"https:\/\/cidadecult.com.br\/index.php?rest_route=%2Fwp%2Fv2%2Fcomments&post=18171"}],"version-history":[{"count":1,"href":"https:\/\/cidadecult.com.br\/index.php?rest_route=\/wp\/v2\/posts\/18171\/revisions"}],"predecessor-version":[{"id":18173,"href":"https:\/\/cidadecult.com.br\/index.php?rest_route=\/wp\/v2\/posts\/18171\/revisions\/18173"}],"wp:featuredmedia":[{"embeddable":true,"href":"https:\/\/cidadecult.com.br\/index.php?rest_route=\/wp\/v2\/media\/18172"}],"wp:attachment":[{"href":"https:\/\/cidadecult.com.br\/index.php?rest_route=%2Fwp%2Fv2%2Fmedia&parent=18171"}],"wp:term":[{"taxonomy":"category","embeddable":true,"href":"https:\/\/cidadecult.com.br\/index.php?rest_route=%2Fwp%2Fv2%2Fcategories&post=18171"},{"taxonomy":"post_tag","embeddable":true,"href":"https:\/\/cidadecult.com.br\/index.php?rest_route=%2Fwp%2Fv2%2Ftags&post=18171"}],"curies":[{"name":"wp","href":"https:\/\/api.w.org\/{rel}","templated":true}]}}