{"id":18162,"date":"2026-04-28T19:17:09","date_gmt":"2026-04-28T22:17:09","guid":{"rendered":"https:\/\/cidadecult.com.br\/?p=18162"},"modified":"2026-04-28T19:17:12","modified_gmt":"2026-04-28T22:17:12","slug":"brasilia-vira-capital-do-volei-de-praia-com-etapa-mundial-e-duda-e-ana-patricia-em-busca-do-tri","status":"publish","type":"post","link":"https:\/\/cidadecult.com.br\/?p=18162","title":{"rendered":"Bras\u00edlia vira capital do v\u00f4lei de praia com etapa mundial e Duda e Ana Patr\u00edcia em busca do tri"},"content":{"rendered":"\n<p>Bras\u00edlia volta ao centro do cen\u00e1rio esportivo internacional ao receber mais uma etapa Elite do Circuito Mundial de v\u00f4lei de praia. Entre os dias <strong>29 de abril e 3 de maio<\/strong>, a arena montada no <strong>Parque da Cidade<\/strong> recebe grandes nomes da modalidade, com <strong>entrada gratuita<\/strong> e forte presen\u00e7a brasileira nas areias.<\/p>\n\n\n\n<p>Entre os principais destaques est\u00e3o as campe\u00e3s ol\u00edmpicas Duda Lisboa e Ana Patr\u00edcia Ramos, que chegam embaladas ap\u00f3s vit\u00f3ria na etapa nacional e agora buscam um feito expressivo: a <strong>terceira medalha consecutiva em Bras\u00edlia<\/strong>. A dupla conquistou o ouro em 2024 e o bronze em 2025, consolidando a capital como um palco especial em sua trajet\u00f3ria.<\/p>\n\n\n\n<p>\u201cBras\u00edlia tem um clima parecido com o de onde treinamos, ent\u00e3o a adapta\u00e7\u00e3o \u00e9 r\u00e1pida. E a torcida daqui cria uma atmosfera incr\u00edvel\u201d, comentou Duda, em tom descontra\u00eddo ao falar da expectativa pelo tricampeonato consecutivo no p\u00f3dio.<\/p>\n\n\n\n<p>A etapa refor\u00e7a o protagonismo da cidade no calend\u00e1rio internacional \u2014 esta \u00e9 a <strong>s\u00e9tima vez que Bras\u00edlia recebe o circuito mundial<\/strong>, consolidando sua tradi\u00e7\u00e3o no esporte. Ao todo, <strong>14 duplas brasileiras<\/strong> participam da competi\u00e7\u00e3o, ampliando as chances de presen\u00e7a nacional nas fases decisivas.<\/p>\n\n\n\n<p>Al\u00e9m de Duda e Ana Patr\u00edcia, nomes como Carol Solberg\/Rebecca, Th\u00e2mela\/Vic e Talita\/Taiana tamb\u00e9m j\u00e1 est\u00e3o garantidos na fase principal, assim como Andr\u00e9\/Renato no masculino. Outras duplas brasileiras disputam o qualifying em busca de vaga no torneio principal.<\/p>\n\n\n\n<p>A competi\u00e7\u00e3o come\u00e7a com o qualifying, em formato eliminat\u00f3rio, classificando oito duplas por g\u00eanero para o torneio principal. Na fase seguinte, 24 equipes s\u00e3o divididas em grupos, avan\u00e7ando \u00e0s oitavas de final as melhores colocadas e algumas terceiras via repescagem.<\/p>\n\n\n\n<p>As decis\u00f5es acontecem no domingo (3\/5), com semifinais pela manh\u00e3 e disputas por medalha \u00e0 tarde. A transmiss\u00e3o ser\u00e1 feita pelos canais sportv e sportv 2, al\u00e9m da plataforma VBTV, que exibe toda a competi\u00e7\u00e3o.<\/p>\n\n\n\n<p>Com estrutura montada no cora\u00e7\u00e3o da cidade e entrada franca, o evento transforma Bras\u00edlia em um grande ponto de encontro entre esporte de alto n\u00edvel e p\u00fablico \u2014 refor\u00e7ando o v\u00ednculo da capital com o v\u00f4lei de praia e com grandes competi\u00e7\u00f5es internacionais.<\/p>\n\n\n\n<p><\/p>\n\n\n\n<p><\/p>\n\n\n\n<figure class=\"wp-block-image size-large\"><img loading=\"lazy\" decoding=\"async\" width=\"1024\" height=\"728\" src=\"https:\/\/cidadecult.com.br\/wp-content\/uploads\/2026\/04\/duda_e_ana_bronze_elite_bsb_2025_29576d70d4-1024x728.webp\" alt=\"\" class=\"wp-image-18163\" srcset=\"https:\/\/cidadecult.com.br\/wp-content\/uploads\/2026\/04\/duda_e_ana_bronze_elite_bsb_2025_29576d70d4-1024x728.webp 1024w, https:\/\/cidadecult.com.br\/wp-content\/uploads\/2026\/04\/duda_e_ana_bronze_elite_bsb_2025_29576d70d4-300x213.webp 300w, https:\/\/cidadecult.com.br\/wp-content\/uploads\/2026\/04\/duda_e_ana_bronze_elite_bsb_2025_29576d70d4-768x546.webp 768w, https:\/\/cidadecult.com.br\/wp-content\/uploads\/2026\/04\/duda_e_ana_bronze_elite_bsb_2025_29576d70d4-120x86.webp 120w, https:\/\/cidadecult.com.br\/wp-content\/uploads\/2026\/04\/duda_e_ana_bronze_elite_bsb_2025_29576d70d4-350x250.webp 350w, https:\/\/cidadecult.com.br\/wp-content\/uploads\/2026\/04\/duda_e_ana_bronze_elite_bsb_2025_29576d70d4-750x533.webp 750w, https:\/\/cidadecult.com.br\/wp-content\/uploads\/2026\/04\/duda_e_ana_bronze_elite_bsb_2025_29576d70d4-1140x810.webp 1140w, https:\/\/cidadecult.com.br\/wp-content\/uploads\/2026\/04\/duda_e_ana_bronze_elite_bsb_2025_29576d70d4.webp 1200w\" sizes=\"auto, (max-width: 1024px) 100vw, 1024px\" \/><figcaption class=\"wp-element-caption\">Duda e Ana Patr\u00edcia com o bronze da etapa em Bras\u00edlia em 2025 &#8211; Patricy Albuquerque\/Divulga\u00e7\u00e3o\/CBV<\/figcaption><\/figure>\n","protected":false},"excerpt":{"rendered":"<p>Bras\u00edlia volta ao centro do cen\u00e1rio esportivo internacional ao receber mais uma etapa Elite do Circuito Mundial de v\u00f4lei de praia. Entre os dias 29 de abril e 3 de maio, a arena montada no Parque da Cidade recebe grandes nomes da modalidade, com entrada gratuita e forte presen\u00e7a brasileira nas areias. Entre os principais [&hellip;]<\/p>\n","protected":false},"author":777,"featured_media":18163,"comment_status":"open","ping_status":"open","sticky":false,"template":"","format":"standard","meta":{"_monsterinsights_skip_tracking":false,"_monsterinsights_sitenote_active":false,"_monsterinsights_sitenote_note":"","_monsterinsights_sitenote_category":0,"footnotes":""},"categories":[7],"tags":[61,8585,8586,8584,8589,309,8588,400,8502,8587],"class_list":["post-18162","post","type-post","status-publish","format-standard","has-post-thumbnail","hentry","category-esportes","tag-brasilia","tag-cbv","tag-circuito-mundial","tag-duda-e-ana-patricia","tag-elite-16","tag-esporte","tag-esporte-internacional","tag-parque-da-cidade","tag-volei-brasil","tag-volei-de-praia"],"_links":{"self":[{"href":"https:\/\/cidadecult.com.br\/index.php?rest_route=\/wp\/v2\/posts\/18162","targetHints":{"allow":["GET"]}}],"collection":[{"href":"https:\/\/cidadecult.com.br\/index.php?rest_route=\/wp\/v2\/posts"}],"about":[{"href":"https:\/\/cidadecult.com.br\/index.php?rest_route=\/wp\/v2\/types\/post"}],"author":[{"embeddable":true,"href":"https:\/\/cidadecult.com.br\/index.php?rest_route=\/wp\/v2\/users\/777"}],"replies":[{"embeddable":true,"href":"https:\/\/cidadecult.com.br\/index.php?rest_route=%2Fwp%2Fv2%2Fcomments&post=18162"}],"version-history":[{"count":1,"href":"https:\/\/cidadecult.com.br\/index.php?rest_route=\/wp\/v2\/posts\/18162\/revisions"}],"predecessor-version":[{"id":18164,"href":"https:\/\/cidadecult.com.br\/index.php?rest_route=\/wp\/v2\/posts\/18162\/revisions\/18164"}],"wp:featuredmedia":[{"embeddable":true,"href":"https:\/\/cidadecult.com.br\/index.php?rest_route=\/wp\/v2\/media\/18163"}],"wp:attachment":[{"href":"https:\/\/cidadecult.com.br\/index.php?rest_route=%2Fwp%2Fv2%2Fmedia&parent=18162"}],"wp:term":[{"taxonomy":"category","embeddable":true,"href":"https:\/\/cidadecult.com.br\/index.php?rest_route=%2Fwp%2Fv2%2Fcategories&post=18162"},{"taxonomy":"post_tag","embeddable":true,"href":"https:\/\/cidadecult.com.br\/index.php?rest_route=%2Fwp%2Fv2%2Ftags&post=18162"}],"curies":[{"name":"wp","href":"https:\/\/api.w.org\/{rel}","templated":true}]}}