{"id":18154,"date":"2026-04-28T17:45:32","date_gmt":"2026-04-28T20:45:32","guid":{"rendered":"https:\/\/cidadecult.com.br\/?p=18154"},"modified":"2026-04-28T17:45:34","modified_gmt":"2026-04-28T20:45:34","slug":"agenda-gratuita-em-sao-paulo-traz-exposicao-de-cartunistas-festival-ao-ar-livre-e-concertos-especiais","status":"publish","type":"post","link":"https:\/\/cidadecult.com.br\/?p=18154","title":{"rendered":"Agenda gratuita em S\u00e3o Paulo traz exposi\u00e7\u00e3o de cartunistas, festival ao ar livre e concertos especiais"},"content":{"rendered":"\n<p>A \u00faltima semana de abril chega com uma programa\u00e7\u00e3o cultural diversa e acess\u00edvel em S\u00e3o Paulo, reunindo exposi\u00e7\u00f5es, festivais, cinema e concertos gratuitos. Entre os destaques est\u00e1 a mostra <strong>\u201cCartunistas\u201d<\/strong>, em cartaz no Centro Cultural Fiesp, al\u00e9m de eventos ao ar livre e apresenta\u00e7\u00f5es musicais que ocupam diferentes regi\u00f5es da cidade.<\/p>\n\n\n\n<p>Na Avenida Paulista, a exposi\u00e7\u00e3o <strong>\u201cCartunistas\u201d<\/strong> apresenta <strong>144 retratos de nomes importantes do humor gr\u00e1fico brasileiro<\/strong>, registrados pelo fot\u00f3grafo Paulo Vitale. A sele\u00e7\u00e3o re\u00fane artistas consagrados e novos talentos, como Angeli, Laerte e Mar\u00edlia Marz, com imagens que refletem o estilo e a personalidade de cada criador. A mostra tamb\u00e9m inclui v\u00eddeos com depoimentos e bastidores, ampliando a experi\u00eancia do p\u00fablico.<\/p>\n\n\n\n<figure class=\"wp-block-image size-large\"><img loading=\"lazy\" decoding=\"async\" width=\"1024\" height=\"683\" src=\"https:\/\/cidadecult.com.br\/wp-content\/uploads\/2026\/04\/laerta-1024x683.jpg\" alt=\"\" class=\"wp-image-18155\" srcset=\"https:\/\/cidadecult.com.br\/wp-content\/uploads\/2026\/04\/laerta-1024x683.jpg 1024w, https:\/\/cidadecult.com.br\/wp-content\/uploads\/2026\/04\/laerta-300x200.jpg 300w, https:\/\/cidadecult.com.br\/wp-content\/uploads\/2026\/04\/laerta-768x512.jpg 768w, https:\/\/cidadecult.com.br\/wp-content\/uploads\/2026\/04\/laerta-1536x1024.jpg 1536w, https:\/\/cidadecult.com.br\/wp-content\/uploads\/2026\/04\/laerta-2048x1365.jpg 2048w, https:\/\/cidadecult.com.br\/wp-content\/uploads\/2026\/04\/laerta-750x500.jpg 750w, https:\/\/cidadecult.com.br\/wp-content\/uploads\/2026\/04\/laerta-1140x760.jpg 1140w\" sizes=\"auto, (max-width: 1024px) 100vw, 1024px\" \/><figcaption class=\"wp-element-caption\">Retrato de Laerte, na exposi\u00e7\u00e3o &#8216;Cartunistas&#8217;, na Galeria de Fotos do Centro Cultural Fiesp\u00a0&#8211;\u00a0Paulo Vitale\/Divulga\u00e7\u00e3o<\/figcaption><\/figure>\n\n\n\n<figure class=\"wp-block-image size-full\"><img loading=\"lazy\" decoding=\"async\" width=\"768\" height=\"512\" src=\"https:\/\/cidadecult.com.br\/wp-content\/uploads\/2026\/04\/fernando.jpg\" alt=\"\" class=\"wp-image-18156\" srcset=\"https:\/\/cidadecult.com.br\/wp-content\/uploads\/2026\/04\/fernando.jpg 768w, https:\/\/cidadecult.com.br\/wp-content\/uploads\/2026\/04\/fernando-300x200.jpg 300w, https:\/\/cidadecult.com.br\/wp-content\/uploads\/2026\/04\/fernando-750x500.jpg 750w\" sizes=\"auto, (max-width: 768px) 100vw, 768px\" \/><figcaption class=\"wp-element-caption\">Retrato de Fernando Gonsales, na exposi\u00e7\u00e3o \u0091Cartunistas\u0092, na Galeria de Fotos do Centro Cultural Fiesp-Paulo Vitale\/Divulga\u00e7\u00e3o<\/figcaption><\/figure>\n\n\n\n<p>No campo do audiovisual, a mostra <strong>\u201cDeixe os Mortos Dormirem\u201d<\/strong> revisita diferentes gera\u00e7\u00f5es do cinema de zumbis. Cl\u00e1ssicos dirigidos por George Romero, como <em>A Noite dos Mortos-Vivos<\/em> e <em>Land of the Dead<\/em>, dividem espa\u00e7o com produ\u00e7\u00f5es contempor\u00e2neas, como <em>Queens of the Dead<\/em>, ampliando o olhar sobre o g\u00eanero.<\/p>\n\n\n\n<p>Para quem prefere atividades ao ar livre, o <strong>Festival Rocky Spirit<\/strong> ocupa o Parque Villa-Lobos com uma programa\u00e7\u00e3o que mistura cinema, bem-estar e m\u00fasica. Ao longo do dia, o p\u00fablico pode participar de aulas de ioga, assistir a shows e acompanhar sess\u00f5es de document\u00e1rios sobre natureza, esporte e aventura.<\/p>\n\n\n\n<p>Na m\u00fasica erudita, a Orquestra de C\u00e2mara da ECA-USP apresenta o concerto <strong>\u201cFloresc\u00eancia\u201d<\/strong>, com obras de compositores como Chopin e Prokofiev. As apresenta\u00e7\u00f5es acontecem em dois formatos: uma tradicional e outra imersiva, em que o p\u00fablico se integra ao palco, proporcionando uma experi\u00eancia mais pr\u00f3xima dos m\u00fasicos.<\/p>\n\n\n\n<figure class=\"wp-block-image size-large\"><img loading=\"lazy\" decoding=\"async\" width=\"1024\" height=\"683\" src=\"https:\/\/cidadecult.com.br\/wp-content\/uploads\/2026\/04\/holi-1024x683.jpg\" alt=\"\" class=\"wp-image-18157\" srcset=\"https:\/\/cidadecult.com.br\/wp-content\/uploads\/2026\/04\/holi-1024x683.jpg 1024w, https:\/\/cidadecult.com.br\/wp-content\/uploads\/2026\/04\/holi-300x200.jpg 300w, https:\/\/cidadecult.com.br\/wp-content\/uploads\/2026\/04\/holi-768x512.jpg 768w, https:\/\/cidadecult.com.br\/wp-content\/uploads\/2026\/04\/holi-750x500.jpg 750w, https:\/\/cidadecult.com.br\/wp-content\/uploads\/2026\/04\/holi-1140x760.jpg 1140w, https:\/\/cidadecult.com.br\/wp-content\/uploads\/2026\/04\/holi.jpg 1200w\" sizes=\"auto, (max-width: 1024px) 100vw, 1024px\" \/><figcaption class=\"wp-element-caption\">Holi Festival, tradicional celebra\u00e7\u00e3o indiana, com brincadeira de cores em p\u00f3s, que vai acontecer no largo da Batata\u00a0&#8211;\u00a0Divulga\u00e7\u00e3o<\/figcaption><\/figure>\n\n\n\n<p>J\u00e1 no Largo da Batata, o <strong>Holi Festival<\/strong> leva cores e cultura indiana para o espa\u00e7o urbano. Inspirado na celebra\u00e7\u00e3o da primavera, o evento re\u00fane gastronomia t\u00edpica, apresenta\u00e7\u00f5es art\u00edsticas e a tradicional brincadeira com p\u00f3s coloridos, criando um ambiente vibrante e coletivo.<\/p>\n\n\n\n<p>Entre os an\u00fancios futuros, a cantora colombiana Karol G confirmou show em S\u00e3o Paulo em fevereiro de 2027, refor\u00e7ando a agenda internacional da cidade.<\/p>\n\n\n\n<p>Encerrando a programa\u00e7\u00e3o, a Cia Truks apresenta a pe\u00e7a <strong>\u201cA Bruxinha\u201d<\/strong>, marcando os 36 anos do grupo com um espet\u00e1culo que mistura fantasia e afeto, voltado para todas as idades.<\/p>\n\n\n\n<p>Com op\u00e7\u00f5es que v\u00e3o do humor gr\u00e1fico \u00e0 m\u00fasica cl\u00e1ssica, passando por festivais e cinema, a agenda da semana refor\u00e7a o car\u00e1ter democr\u00e1tico da cultura na capital paulista \u2014 com experi\u00eancias que dialogam com diferentes p\u00fablicos e interesses.<\/p>\n\n\n\n<p><\/p>\n","protected":false},"excerpt":{"rendered":"<p>A \u00faltima semana de abril chega com uma programa\u00e7\u00e3o cultural diversa e acess\u00edvel em S\u00e3o Paulo, reunindo exposi\u00e7\u00f5es, festivais, cinema e concertos gratuitos. Entre os destaques est\u00e1 a mostra \u201cCartunistas\u201d, em cartaz no Centro Cultural Fiesp, al\u00e9m de eventos ao ar livre e apresenta\u00e7\u00f5es musicais que ocupam diferentes regi\u00f5es da cidade. Na Avenida Paulista, a [&hellip;]<\/p>\n","protected":false},"author":777,"featured_media":18156,"comment_status":"open","ping_status":"open","sticky":false,"template":"","format":"standard","meta":{"_monsterinsights_skip_tracking":false,"_monsterinsights_sitenote_active":false,"_monsterinsights_sitenote_note":"","_monsterinsights_sitenote_category":0,"footnotes":""},"categories":[8318],"tags":[],"class_list":["post-18154","post","type-post","status-publish","format-standard","has-post-thumbnail","hentry","category-agenda-sp"],"_links":{"self":[{"href":"https:\/\/cidadecult.com.br\/index.php?rest_route=\/wp\/v2\/posts\/18154","targetHints":{"allow":["GET"]}}],"collection":[{"href":"https:\/\/cidadecult.com.br\/index.php?rest_route=\/wp\/v2\/posts"}],"about":[{"href":"https:\/\/cidadecult.com.br\/index.php?rest_route=\/wp\/v2\/types\/post"}],"author":[{"embeddable":true,"href":"https:\/\/cidadecult.com.br\/index.php?rest_route=\/wp\/v2\/users\/777"}],"replies":[{"embeddable":true,"href":"https:\/\/cidadecult.com.br\/index.php?rest_route=%2Fwp%2Fv2%2Fcomments&post=18154"}],"version-history":[{"count":1,"href":"https:\/\/cidadecult.com.br\/index.php?rest_route=\/wp\/v2\/posts\/18154\/revisions"}],"predecessor-version":[{"id":18158,"href":"https:\/\/cidadecult.com.br\/index.php?rest_route=\/wp\/v2\/posts\/18154\/revisions\/18158"}],"wp:featuredmedia":[{"embeddable":true,"href":"https:\/\/cidadecult.com.br\/index.php?rest_route=\/wp\/v2\/media\/18156"}],"wp:attachment":[{"href":"https:\/\/cidadecult.com.br\/index.php?rest_route=%2Fwp%2Fv2%2Fmedia&parent=18154"}],"wp:term":[{"taxonomy":"category","embeddable":true,"href":"https:\/\/cidadecult.com.br\/index.php?rest_route=%2Fwp%2Fv2%2Fcategories&post=18154"},{"taxonomy":"post_tag","embeddable":true,"href":"https:\/\/cidadecult.com.br\/index.php?rest_route=%2Fwp%2Fv2%2Ftags&post=18154"}],"curies":[{"name":"wp","href":"https:\/\/api.w.org\/{rel}","templated":true}]}}