{"id":18150,"date":"2026-04-28T17:41:06","date_gmt":"2026-04-28T20:41:06","guid":{"rendered":"https:\/\/cidadecult.com.br\/?p=18150"},"modified":"2026-04-28T17:41:08","modified_gmt":"2026-04-28T20:41:08","slug":"radio-cultura-fm-celebra-o-dia-internacional-do-jazz-com-ndr-bigband-joao-bosco-e-lenine","status":"publish","type":"post","link":"https:\/\/cidadecult.com.br\/?p=18150","title":{"rendered":"R\u00e1dio Cultura FM celebra o Dia Internacional do Jazz com NDR Bigband, Jo\u00e3o Bosco e Lenine"},"content":{"rendered":"\n<p>No Dia Internacional do Jazz, celebrado em <strong>30 de abril<\/strong>, a R\u00e1dio Cultura FM apresenta um encontro musical de peso: a <strong>NDR Bigband<\/strong>, da Alemanha, ao lado de <strong>Jo\u00e3o Bosco<\/strong>, <strong>Lenine<\/strong> e do compositor, pianista e arranjador holand\u00eas <strong>Martin Fondse<\/strong>.<\/p>\n\n\n\n<p>O especial vai ao ar nesta quinta-feira, <strong>30\/4, \u00e0s 23h<\/strong>, pela <strong>Cultura FM 103,3 MHz<\/strong>, pelo app <strong>Cultura Play<\/strong> e pelo site da emissora. A apresenta\u00e7\u00e3o foi gravada na abertura da s\u00e9rie <strong>Concertos Internacionais da TUCCA 2026 \u2013 M\u00fasica pela Cura<\/strong>, na <strong>Sala S\u00e3o Paulo<\/strong>, reunindo a can\u00e7\u00e3o brasileira, o jazz europeu e arranjos sinf\u00f4nicos em uma noite dedicada \u00e0 m\u00fasica como encontro, mem\u00f3ria e cura.<\/p>\n\n\n\n<p>Na primeira parte do programa, <strong>Jo\u00e3o Bosco<\/strong> divide o palco com a NDR Bigband em releituras de cl\u00e1ssicos de sua trajet\u00f3ria, como <strong>\u201cCa\u00e7a \u00e0 Raposa\u201d<\/strong> e <strong>\u201cIncompatibilidade de G\u00eanios\u201d<\/strong>, parceria com Aldir Blanc. O repert\u00f3rio tamb\u00e9m inclui composi\u00e7\u00f5es mais recentes, entre elas <strong>\u201cSinh\u00e1\u201d<\/strong>, feita com Chico Buarque, e <strong>\u201cHorda\u201d<\/strong>, parceria com Francisco Bosco. Os arranjos foram especialmente concebidos pelo maestro e trombonista <strong>Rafael Rocha<\/strong>.<\/p>\n\n\n\n<blockquote class=\"wp-block-quote is-layout-flow wp-block-quote-is-layout-flow\">\n<p>\u201cA m\u00fasica, para mim, tamb\u00e9m \u00e9 um processo de cura. Eu n\u00e3o consigo imaginar uma pessoa viver sem a m\u00fasica\u201d, afirma Jo\u00e3o Bosco.<\/p>\n<\/blockquote>\n\n\n\n<p>Na segunda parte, a NDR Bigband se une a <strong>Lenine<\/strong> e <strong>Martin Fondse<\/strong> em sucessos que marcaram a carreira do artista pernambucano, como <strong>\u201cO Dia em que Faremos Contato\u201d<\/strong>, <strong>\u201cHoje Eu Quero Sair S\u00f3\u201d<\/strong> e <strong>\u201cJack Soul Brasileiro\u201d<\/strong>.<\/p>\n\n\n\n<blockquote class=\"wp-block-quote is-layout-flow wp-block-quote-is-layout-flow\">\n<p>\u201cO que nos levou a fazer m\u00fasica \u00e9 uma paix\u00e3o, \u00e9 uma religi\u00e3o, que a gente usa cotidianamente\u201d, diz Lenine.<\/p>\n<\/blockquote>\n\n\n\n<p>Criado por iniciativa de <strong>Herbie Hancock<\/strong> e proclamado pela UNESCO em 2011, o Dia Internacional do Jazz reconhece o g\u00eanero como linguagem capaz de promover di\u00e1logo, interc\u00e2mbio cultural e compreens\u00e3o entre os povos.<\/p>\n\n\n\n<h2 class=\"wp-block-heading\">Servi\u00e7o<\/h2>\n\n\n\n<p><strong>Dia Internacional do Jazz \u2014 Especial NDR Bigband, Jo\u00e3o Bosco, Lenine e Martin Fondse<\/strong><br><strong>Data:<\/strong> quinta-feira, 30\/4<br><strong>Hor\u00e1rio:<\/strong> 23h<br><strong>Produ\u00e7\u00e3o:<\/strong> Inez Medaglia<br><strong>Apresenta\u00e7\u00e3o:<\/strong> Madeleine Alves<br><strong>Onde ouvir:<\/strong> Cultura FM 103,3 MHz, app Cultura Play e <a href=\"http:\/\/www.culturafm.com.br\">www.culturafm.com.br<\/a><\/p>\n","protected":false},"excerpt":{"rendered":"<p>No Dia Internacional do Jazz, celebrado em 30 de abril, a R\u00e1dio Cultura FM apresenta um encontro musical de peso: a NDR Bigband, da Alemanha, ao lado de Jo\u00e3o Bosco, Lenine e do compositor, pianista e arranjador holand\u00eas Martin Fondse. O especial vai ao ar nesta quinta-feira, 30\/4, \u00e0s 23h, pela Cultura FM 103,3 MHz, [&hellip;]<\/p>\n","protected":false},"author":777,"featured_media":18151,"comment_status":"open","ping_status":"open","sticky":false,"template":"","format":"standard","meta":{"_monsterinsights_skip_tracking":false,"_monsterinsights_sitenote_active":false,"_monsterinsights_sitenote_note":"","_monsterinsights_sitenote_category":0,"footnotes":""},"categories":[6],"tags":[8569,1394,8572,8574,8570,6257,8575,8573,8568,6989,8571],"class_list":["post-18150","post","type-post","status-publish","format-standard","has-post-thumbnail","hentry","category-music","tag-dia-internacional-do-jazz","tag-jazz-2","tag-joao-bosco","tag-lenine","tag-martin-fondse","tag-musica-brasileira","tag-musica-pela-cura","tag-ndr-bigband","tag-radio-cultura-fm","tag-sala-sao-paulo","tag-tucca-2026"],"_links":{"self":[{"href":"https:\/\/cidadecult.com.br\/index.php?rest_route=\/wp\/v2\/posts\/18150","targetHints":{"allow":["GET"]}}],"collection":[{"href":"https:\/\/cidadecult.com.br\/index.php?rest_route=\/wp\/v2\/posts"}],"about":[{"href":"https:\/\/cidadecult.com.br\/index.php?rest_route=\/wp\/v2\/types\/post"}],"author":[{"embeddable":true,"href":"https:\/\/cidadecult.com.br\/index.php?rest_route=\/wp\/v2\/users\/777"}],"replies":[{"embeddable":true,"href":"https:\/\/cidadecult.com.br\/index.php?rest_route=%2Fwp%2Fv2%2Fcomments&post=18150"}],"version-history":[{"count":1,"href":"https:\/\/cidadecult.com.br\/index.php?rest_route=\/wp\/v2\/posts\/18150\/revisions"}],"predecessor-version":[{"id":18152,"href":"https:\/\/cidadecult.com.br\/index.php?rest_route=\/wp\/v2\/posts\/18150\/revisions\/18152"}],"wp:featuredmedia":[{"embeddable":true,"href":"https:\/\/cidadecult.com.br\/index.php?rest_route=\/wp\/v2\/media\/18151"}],"wp:attachment":[{"href":"https:\/\/cidadecult.com.br\/index.php?rest_route=%2Fwp%2Fv2%2Fmedia&parent=18150"}],"wp:term":[{"taxonomy":"category","embeddable":true,"href":"https:\/\/cidadecult.com.br\/index.php?rest_route=%2Fwp%2Fv2%2Fcategories&post=18150"},{"taxonomy":"post_tag","embeddable":true,"href":"https:\/\/cidadecult.com.br\/index.php?rest_route=%2Fwp%2Fv2%2Ftags&post=18150"}],"curies":[{"name":"wp","href":"https:\/\/api.w.org\/{rel}","templated":true}]}}