{"id":18142,"date":"2026-04-28T17:02:20","date_gmt":"2026-04-28T20:02:20","guid":{"rendered":"https:\/\/cidadecult.com.br\/?p=18142"},"modified":"2026-04-28T17:02:22","modified_gmt":"2026-04-28T20:02:22","slug":"thiago-freitas-lanca-album-irapuru-meu-lugar-no-sertao-e-celebra-suas-raizes-nordestinas","status":"publish","type":"post","link":"https:\/\/cidadecult.com.br\/?p=18142","title":{"rendered":"Thiago Freitas lan\u00e7a \u00e1lbum \u201cIrapuru &#8211; Meu Lugar no Sert\u00e3o\u201d e celebra suas ra\u00edzes nordestinas"},"content":{"rendered":"\n<p>O cantor Thiago Freitas apresenta ao p\u00fablico um dos projetos mais pessoais de sua carreira. O \u00e1lbum <strong>\u201cIrapuru &#8211; Meu Lugar no Sert\u00e3o\u201d<\/strong> chega \u00e0s plataformas digitais no dia 30 de abril, \u00e0s 21h, trazendo um mergulho sens\u00edvel em suas origens e na cultura do interior nordestino.<\/p>\n\n\n\n<p>Gravado na Fazenda Irapuru, em Tangar\u00e1 (RN) \u2014 local onde o artista cresceu \u2014 o trabalho transforma mem\u00f3ria, identidade e afeto em m\u00fasica.<\/p>\n\n\n\n<hr class=\"wp-block-separator has-alpha-channel-opacity\"\/>\n\n\n\n<h3 class=\"wp-block-heading\">Um \u00e1lbum que conecta passado e presente<\/h3>\n\n\n\n<figure class=\"wp-block-image size-full\"><img loading=\"lazy\" decoding=\"async\" width=\"800\" height=\"1000\" src=\"https:\/\/cidadecult.com.br\/wp-content\/uploads\/2026\/04\/thiago-freitas.jpg\" alt=\"\" class=\"wp-image-18146\" srcset=\"https:\/\/cidadecult.com.br\/wp-content\/uploads\/2026\/04\/thiago-freitas.jpg 800w, https:\/\/cidadecult.com.br\/wp-content\/uploads\/2026\/04\/thiago-freitas-240x300.jpg 240w, https:\/\/cidadecult.com.br\/wp-content\/uploads\/2026\/04\/thiago-freitas-768x960.jpg 768w, https:\/\/cidadecult.com.br\/wp-content\/uploads\/2026\/04\/thiago-freitas-750x938.jpg 750w\" sizes=\"auto, (max-width: 800px) 100vw, 800px\" \/><\/figure>\n\n\n\n<p>Com <strong>11 faixas<\/strong>, o projeto combina:<\/p>\n\n\n\n<ul class=\"wp-block-list\">\n<li>seis m\u00fasicas in\u00e9ditas<\/li>\n\n\n\n<li>cinco regrava\u00e7\u00f5es de cl\u00e1ssicos do forr\u00f3 rom\u00e2ntico<\/li>\n<\/ul>\n\n\n\n<p>O repert\u00f3rio percorre temas como amor, saudade e viv\u00eancias do sert\u00e3o, criando uma ponte entre gera\u00e7\u00f5es e resgatando refer\u00eancias afetivas do p\u00fablico.<\/p>\n\n\n\n<p>A influ\u00eancia das vaquejadas \u2014 elemento marcante da cultura nordestina \u2014 tamb\u00e9m aparece como fio condutor da narrativa musical.<\/p>\n\n\n\n<hr class=\"wp-block-separator has-alpha-channel-opacity\"\/>\n\n\n\n<h3 class=\"wp-block-heading\">Trilha sonora para o S\u00e3o Jo\u00e3o<\/h3>\n\n\n\n<p>Mais do que um lan\u00e7amento, o \u00e1lbum chega estrategicamente como um aquecimento para o per\u00edodo junino. Com sonoridade envolvente e tem\u00e1tica regional, o projeto tem potencial para embalar:<\/p>\n\n\n\n<ul class=\"wp-block-list\">\n<li>festas de S\u00e3o Jo\u00e3o<\/li>\n\n\n\n<li>playlists tem\u00e1ticas<\/li>\n\n\n\n<li>programa\u00e7\u00f5es de r\u00e1dio<\/li>\n\n\n\n<li>shows pelo Nordeste e outras regi\u00f5es<\/li>\n<\/ul>\n\n\n\n<p>A proposta refor\u00e7a a for\u00e7a do forr\u00f3 contempor\u00e2neo e sua conex\u00e3o direta com o p\u00fablico.<\/p>\n\n\n\n<hr class=\"wp-block-separator has-alpha-channel-opacity\"\/>\n\n\n\n<h3 class=\"wp-block-heading\">Um projeto \u00edntimo e familiar<\/h3>\n\n\n\n<p>O audiovisual refor\u00e7a o car\u00e1ter emocional do trabalho. Gravado no ambiente onde o artista viveu momentos decisivos, o projeto ganha ainda mais significado com a participa\u00e7\u00e3o da m\u00e3e e da av\u00f3 de Thiago no clipe da faixa <strong>\u201cMeu Lugar\u201d<\/strong>.<\/p>\n\n\n\n<p>\u201cCada faixa carrega um peda\u00e7o da minha hist\u00f3ria, da minha fam\u00edlia, das minhas ra\u00edzes\u201d, destaca o cantor, evidenciando o tom autobiogr\u00e1fico do \u00e1lbum.<\/p>\n\n\n\n<hr class=\"wp-block-separator has-alpha-channel-opacity\"\/>\n\n\n\n<h3 class=\"wp-block-heading\">Trajet\u00f3ria em ascens\u00e3o<\/h3>\n\n\n\n<p>Natural de Tangar\u00e1 (RN), Thiago Freitas iniciou sua trajet\u00f3ria ainda na inf\u00e2ncia, incentivado pela fam\u00edlia. Nos \u00faltimos anos, ganhou destaque com sucessos como \u201cDependente\u201d e \u201cOutra Dose\u201d, al\u00e9m de parcerias com nomes como Tarc\u00edsio do Acordeon.<\/p>\n\n\n\n<p>Com milh\u00f5es de reprodu\u00e7\u00f5es nas plataformas digitais e forte presen\u00e7a nas redes sociais, o artista se consolida como um dos nomes em evid\u00eancia no forr\u00f3 atual.<\/p>\n\n\n\n<hr class=\"wp-block-separator has-alpha-channel-opacity\"\/>\n\n\n\n<h3 class=\"wp-block-heading\">Um novo cap\u00edtulo no forr\u00f3 contempor\u00e2neo<\/h3>\n\n\n\n<p>\u201cIrapuru &#8211; Meu Lugar no Sert\u00e3o\u201d marca um momento de maturidade art\u00edstica, unindo estrat\u00e9gia e emo\u00e7\u00e3o. Ao transformar experi\u00eancias pessoais em m\u00fasica, Thiago amplia sua conex\u00e3o com o p\u00fablico e refor\u00e7a sua identidade dentro do cen\u00e1rio musical brasileiro.<\/p>\n","protected":false},"excerpt":{"rendered":"<p>O cantor Thiago Freitas apresenta ao p\u00fablico um dos projetos mais pessoais de sua carreira. O \u00e1lbum \u201cIrapuru &#8211; Meu Lugar no Sert\u00e3o\u201d chega \u00e0s plataformas digitais no dia 30 de abril, \u00e0s 21h, trazendo um mergulho sens\u00edvel em suas origens e na cultura do interior nordestino. Gravado na Fazenda Irapuru, em Tangar\u00e1 (RN) \u2014 [&hellip;]<\/p>\n","protected":false},"author":777,"featured_media":18147,"comment_status":"open","ping_status":"open","sticky":false,"template":"","format":"standard","meta":{"_monsterinsights_skip_tracking":false,"_monsterinsights_sitenote_active":false,"_monsterinsights_sitenote_note":"","_monsterinsights_sitenote_category":0,"footnotes":""},"categories":[6],"tags":[3442,8565,978,8562,8564,8566,8563,7387,8567,7692],"class_list":["post-18142","post","type-post","status-publish","format-standard","has-post-thumbnail","hentry","category-music","tag-cultura-nordestina","tag-festas-juninas","tag-forro","tag-forro-romantico","tag-irapuru-meu-lugar-no-sertao","tag-lancamentos-musicais","tag-musica-nordestina","tag-sao-joao","tag-sertao","tag-thiago-freitas"],"_links":{"self":[{"href":"https:\/\/cidadecult.com.br\/index.php?rest_route=\/wp\/v2\/posts\/18142","targetHints":{"allow":["GET"]}}],"collection":[{"href":"https:\/\/cidadecult.com.br\/index.php?rest_route=\/wp\/v2\/posts"}],"about":[{"href":"https:\/\/cidadecult.com.br\/index.php?rest_route=\/wp\/v2\/types\/post"}],"author":[{"embeddable":true,"href":"https:\/\/cidadecult.com.br\/index.php?rest_route=\/wp\/v2\/users\/777"}],"replies":[{"embeddable":true,"href":"https:\/\/cidadecult.com.br\/index.php?rest_route=%2Fwp%2Fv2%2Fcomments&post=18142"}],"version-history":[{"count":1,"href":"https:\/\/cidadecult.com.br\/index.php?rest_route=\/wp\/v2\/posts\/18142\/revisions"}],"predecessor-version":[{"id":18148,"href":"https:\/\/cidadecult.com.br\/index.php?rest_route=\/wp\/v2\/posts\/18142\/revisions\/18148"}],"wp:featuredmedia":[{"embeddable":true,"href":"https:\/\/cidadecult.com.br\/index.php?rest_route=\/wp\/v2\/media\/18147"}],"wp:attachment":[{"href":"https:\/\/cidadecult.com.br\/index.php?rest_route=%2Fwp%2Fv2%2Fmedia&parent=18142"}],"wp:term":[{"taxonomy":"category","embeddable":true,"href":"https:\/\/cidadecult.com.br\/index.php?rest_route=%2Fwp%2Fv2%2Fcategories&post=18142"},{"taxonomy":"post_tag","embeddable":true,"href":"https:\/\/cidadecult.com.br\/index.php?rest_route=%2Fwp%2Fv2%2Ftags&post=18142"}],"curies":[{"name":"wp","href":"https:\/\/api.w.org\/{rel}","templated":true}]}}