{"id":18139,"date":"2026-04-28T16:50:20","date_gmt":"2026-04-28T19:50:20","guid":{"rendered":"https:\/\/cidadecult.com.br\/?p=18139"},"modified":"2026-04-28T16:50:22","modified_gmt":"2026-04-28T19:50:22","slug":"natalia-osipova-inspira-novo-premio-internacional-no-brasil-e-movimenta-o-theatro-municipal-do-rio-de-janeiro","status":"publish","type":"post","link":"https:\/\/cidadecult.com.br\/?p=18139","title":{"rendered":"Natalia Osipova inspira novo pr\u00eamio internacional no Brasil e movimenta o Theatro Municipal do Rio de Janeiro"},"content":{"rendered":"\n<p>O Rio de Janeiro se transforma em palco para uma iniciativa in\u00e9dita na dan\u00e7a cl\u00e1ssica latino-americana. A estreia do <strong>Prix Osipova<\/strong>, competi\u00e7\u00e3o inspirada no prestigiado Prix de Lausanne, coloca jovens bailarinos da regi\u00e3o no radar internacional \u2014 com o respaldo de uma das maiores estrelas do bal\u00e9 mundial, Natalia Osipova.<\/p>\n\n\n\n<hr class=\"wp-block-separator has-alpha-channel-opacity\"\/>\n\n\n\n<h3 class=\"wp-block-heading\">Um trampolim para talentos latino-americanos<\/h3>\n\n\n\n<p>Idealizado pelo Conservat\u00f3rio Dan\u00e7a e Arte e pela ex-solista do Bolshoi Anna Koblova, o pr\u00eamio recebeu mais de 420 inscri\u00e7\u00f5es e selecionou 56 bailarinos, entre 15 e 26 anos, de pa\u00edses como Brasil, Argentina, Chile e Paraguai.<\/p>\n\n\n\n<p>Divididos em categorias (j\u00fanior, s\u00eanior e profissional), os participantes passam por:<\/p>\n\n\n\n<ul class=\"wp-block-list\">\n<li>aulas avaliativas<\/li>\n\n\n\n<li>ensaios t\u00e9cnicos<\/li>\n\n\n\n<li>apresenta\u00e7\u00f5es ao vivo<\/li>\n<\/ul>\n\n\n\n<p>O formato segue o rigor t\u00e9cnico do Prix de Lausanne, priorizando fundamentos essenciais como postura, giros e saltos.<\/p>\n\n\n\n<hr class=\"wp-block-separator has-alpha-channel-opacity\"\/>\n\n\n\n<h3 class=\"wp-block-heading\">Mais do que trof\u00e9us: oportunidades reais<\/h3>\n\n\n\n<p>O <strong>Prix Osipova<\/strong> nasce com uma proposta clara: democratizar o acesso \u00e0 dan\u00e7a internacional. Entre os principais pr\u00eamios est\u00e3o:<\/p>\n\n\n\n<ul class=\"wp-block-list\">\n<li>bolsas de estudo integrais<\/li>\n\n\n\n<li>convites para companhias internacionais<\/li>\n\n\n\n<li>quatro vagas com tudo pago para a final em Londres, na Royal Opera House<\/li>\n<\/ul>\n\n\n\n<p>Um dos diferenciais \u00e9 o apoio financeiro a candidatos sem recursos, permitindo que talentos cheguem ao palco independentemente de suas condi\u00e7\u00f5es econ\u00f4micas.<\/p>\n\n\n\n<hr class=\"wp-block-separator has-alpha-channel-opacity\"\/>\n\n\n\n<h3 class=\"wp-block-heading\">Presen\u00e7a de estrelas e espet\u00e1culo no palco<\/h3>\n\n\n\n<p>Al\u00e9m de jurada, Natalia Osipova ser\u00e1 tamb\u00e9m a grande atra\u00e7\u00e3o do evento. No dia 28, ela apresenta o segundo ato de <em>Giselle<\/em>, um dos pap\u00e9is mais ic\u00f4nicos de sua carreira.<\/p>\n\n\n\n<p>O j\u00fari re\u00fane nomes de peso da dan\u00e7a mundial, como:<\/p>\n\n\n\n<ul class=\"wp-block-list\">\n<li>Julio Bocca<\/li>\n\n\n\n<li>Cec\u00edlia Kerche<\/li>\n<\/ul>\n\n\n\n<p>A presen\u00e7a desses profissionais amplia o impacto da competi\u00e7\u00e3o, oferecendo visibilidade e conex\u00f5es decisivas para os participantes.<\/p>\n\n\n\n<hr class=\"wp-block-separator has-alpha-channel-opacity\"\/>\n\n\n\n<h3 class=\"wp-block-heading\">Um projeto com ambi\u00e7\u00e3o global<\/h3>\n\n\n\n<p>A rela\u00e7\u00e3o art\u00edstica entre Osipova e Koblova, constru\u00edda ainda nos tempos de Teatro Bolshoi, foi fundamental para tirar o projeto do papel.<\/p>\n\n\n\n<p>Com inscri\u00e7\u00f5es gratuitas e estrutura internacional, o Prix Osipova nasce com planos de continuidade e expans\u00e3o, mirando novas edi\u00e7\u00f5es e a consolida\u00e7\u00e3o como refer\u00eancia na Am\u00e9rica Latina.<\/p>\n\n\n\n<figure class=\"wp-block-image size-full\"><img loading=\"lazy\" decoding=\"async\" width=\"1024\" height=\"683\" src=\"https:\/\/cidadecult.com.br\/wp-content\/uploads\/2026\/04\/177729717769ef67199634e_1777297177_3x2_lg.jpg\" alt=\"\" class=\"wp-image-18140\" srcset=\"https:\/\/cidadecult.com.br\/wp-content\/uploads\/2026\/04\/177729717769ef67199634e_1777297177_3x2_lg.jpg 1024w, https:\/\/cidadecult.com.br\/wp-content\/uploads\/2026\/04\/177729717769ef67199634e_1777297177_3x2_lg-300x200.jpg 300w, https:\/\/cidadecult.com.br\/wp-content\/uploads\/2026\/04\/177729717769ef67199634e_1777297177_3x2_lg-768x512.jpg 768w, https:\/\/cidadecult.com.br\/wp-content\/uploads\/2026\/04\/177729717769ef67199634e_1777297177_3x2_lg-750x500.jpg 750w\" sizes=\"auto, (max-width: 1024px) 100vw, 1024px\" \/><figcaption class=\"wp-element-caption\">A bailarina Natalia Osipova &#8211; Divulga\u00e7\u00e3o<\/figcaption><\/figure>\n\n\n\n<hr class=\"wp-block-separator has-alpha-channel-opacity\"\/>\n\n\n\n<h3 class=\"wp-block-heading\">Servi\u00e7o<\/h3>\n\n\n\n<p>\ud83d\udccd Local: Theatro Municipal do Rio de Janeiro<br>\ud83d\udcc5 Data: 28 de abril<br>\u23f0 Hor\u00e1rio: 19h30<br>\ud83c\udf9f\ufe0f Ingressos: de R$ 220 a R$ 880<\/p>\n","protected":false},"excerpt":{"rendered":"<p>O Rio de Janeiro se transforma em palco para uma iniciativa in\u00e9dita na dan\u00e7a cl\u00e1ssica latino-americana. A estreia do Prix Osipova, competi\u00e7\u00e3o inspirada no prestigiado Prix de Lausanne, coloca jovens bailarinos da regi\u00e3o no radar internacional \u2014 com o respaldo de uma das maiores estrelas do bal\u00e9 mundial, Natalia Osipova. Um trampolim para talentos latino-americanos [&hellip;]<\/p>\n","protected":false},"author":777,"featured_media":18140,"comment_status":"open","ping_status":"open","sticky":false,"template":"","format":"standard","meta":{"_monsterinsights_skip_tracking":false,"_monsterinsights_sitenote_active":false,"_monsterinsights_sitenote_note":"","_monsterinsights_sitenote_category":0,"footnotes":""},"categories":[41,8561],"tags":[],"class_list":["post-18139","post","type-post","status-publish","format-standard","has-post-thumbnail","hentry","category-agenda","category-agenda-rio"],"_links":{"self":[{"href":"https:\/\/cidadecult.com.br\/index.php?rest_route=\/wp\/v2\/posts\/18139","targetHints":{"allow":["GET"]}}],"collection":[{"href":"https:\/\/cidadecult.com.br\/index.php?rest_route=\/wp\/v2\/posts"}],"about":[{"href":"https:\/\/cidadecult.com.br\/index.php?rest_route=\/wp\/v2\/types\/post"}],"author":[{"embeddable":true,"href":"https:\/\/cidadecult.com.br\/index.php?rest_route=\/wp\/v2\/users\/777"}],"replies":[{"embeddable":true,"href":"https:\/\/cidadecult.com.br\/index.php?rest_route=%2Fwp%2Fv2%2Fcomments&post=18139"}],"version-history":[{"count":1,"href":"https:\/\/cidadecult.com.br\/index.php?rest_route=\/wp\/v2\/posts\/18139\/revisions"}],"predecessor-version":[{"id":18141,"href":"https:\/\/cidadecult.com.br\/index.php?rest_route=\/wp\/v2\/posts\/18139\/revisions\/18141"}],"wp:featuredmedia":[{"embeddable":true,"href":"https:\/\/cidadecult.com.br\/index.php?rest_route=\/wp\/v2\/media\/18140"}],"wp:attachment":[{"href":"https:\/\/cidadecult.com.br\/index.php?rest_route=%2Fwp%2Fv2%2Fmedia&parent=18139"}],"wp:term":[{"taxonomy":"category","embeddable":true,"href":"https:\/\/cidadecult.com.br\/index.php?rest_route=%2Fwp%2Fv2%2Fcategories&post=18139"},{"taxonomy":"post_tag","embeddable":true,"href":"https:\/\/cidadecult.com.br\/index.php?rest_route=%2Fwp%2Fv2%2Ftags&post=18139"}],"curies":[{"name":"wp","href":"https:\/\/api.w.org\/{rel}","templated":true}]}}