{"id":18135,"date":"2026-04-28T16:47:28","date_gmt":"2026-04-28T19:47:28","guid":{"rendered":"https:\/\/cidadecult.com.br\/?p=18135"},"modified":"2026-04-28T16:48:22","modified_gmt":"2026-04-28T19:48:22","slug":"se-o-planeta-tivesse-um-altar-seria-copacabana-shakira-exalta-brasil-antes-de-show-historico-no-rio","status":"publish","type":"post","link":"https:\/\/cidadecult.com.br\/?p=18135","title":{"rendered":"\u201cSe o planeta tivesse um altar, seria Copacabana\u201d: Shakira exalta Brasil antes de show hist\u00f3rico no Rio"},"content":{"rendered":"\n<p>\u00c0s v\u00e9speras de um dos shows mais aguardados do ano, Shakira refor\u00e7ou sua conex\u00e3o com o Brasil e fez uma declara\u00e7\u00e3o simb\u00f3lica que traduz o clima da apresenta\u00e7\u00e3o: \u201cSe o planeta Terra tivesse um altar, seria Praia de Copacabana\u201d.<\/p>\n\n\n\n<p>A cantora se apresenta gratuitamente no pr\u00f3ximo s\u00e1bado (2), em um espet\u00e1culo que promete reunir uma multid\u00e3o na orla carioca.<\/p>\n\n\n\n<hr class=\"wp-block-separator has-alpha-channel-opacity\"\/>\n\n\n\n<h3 class=\"wp-block-heading\">Uma rela\u00e7\u00e3o antiga com o p\u00fablico brasileiro<\/h3>\n\n\n\n<p>O carinho de Shakira pelo Brasil n\u00e3o \u00e9 recente. Ainda nos anos 1990, no in\u00edcio da carreira internacional, a artista percorreu o pa\u00eds com uma extensa turn\u00ea, passando por capitais e cidades do interior \u2014 e marcando presen\u00e7a em programas populares da televis\u00e3o brasileira.<\/p>\n\n\n\n<p>Essa conex\u00e3o foi t\u00e3o intensa que influenciou at\u00e9 sua trajet\u00f3ria pessoal: a cantora revelou que aprendeu portugu\u00eas antes mesmo do ingl\u00eas.<\/p>\n\n\n\n<p>\u201cRecebi tanto amor do p\u00fablico brasileiro que quis me aproximar e retribuir\u201d, contou em entrevista recente.<\/p>\n\n\n\n<hr class=\"wp-block-separator has-alpha-channel-opacity\"\/>\n\n\n\n<h3 class=\"wp-block-heading\">Show promete espet\u00e1culo grandioso<\/h3>\n\n\n\n<p>A estrutura montada na Praia de Copacabana j\u00e1 indica a dimens\u00e3o do evento. O palco ter\u00e1 cerca de <strong>1,5 mil m\u00b2<\/strong>, superando montagens recentes de grandes nomes internacionais.<\/p>\n\n\n\n<p>A apresenta\u00e7\u00e3o deve contar com:<\/p>\n\n\n\n<ul class=\"wp-block-list\">\n<li>artistas convidados<\/li>\n\n\n\n<li>figurinos in\u00e9ditos<\/li>\n\n\n\n<li>setlist com sucessos e surpresas<\/li>\n<\/ul>\n\n\n\n<p>Entre os momentos mais aguardados est\u00e1 a poss\u00edvel performance de \u201cChoka Choka\u201d, parceria com Anitta.<\/p>\n\n\n\n<hr class=\"wp-block-separator has-alpha-channel-opacity\"\/>\n\n\n\n<h3 class=\"wp-block-heading\">Brasil e Col\u00f4mbia: conex\u00e3o al\u00e9m da m\u00fasica<\/h3>\n\n\n\n<p>Shakira tamb\u00e9m destacou as semelhan\u00e7as culturais entre os dois pa\u00edses, refor\u00e7ando uma identifica\u00e7\u00e3o que vai al\u00e9m da m\u00fasica.<\/p>\n\n\n\n<p>\u201cSomos intensos, apaixonados. Existe uma fronteira, mas no meu cora\u00e7\u00e3o n\u00e3o tem fronteira com o Brasil\u201d, afirmou.<\/p>\n\n\n\n<hr class=\"wp-block-separator has-alpha-channel-opacity\"\/>\n\n\n\n<h3 class=\"wp-block-heading\">Expectativa e como\u00e7\u00e3o<\/h3>\n\n\n\n<p>A poucos dias do evento, a movimenta\u00e7\u00e3o no Rio j\u00e1 reflete o impacto do show, que mobiliza turismo, com\u00e9rcio e f\u00e3s de todas as regi\u00f5es.<\/p>\n\n\n\n<p>Um epis\u00f3dio tr\u00e1gico tamb\u00e9m marcou a montagem da estrutura: um trabalhador morreu ap\u00f3s um acidente no local. O caso est\u00e1 sendo investigado pelas autoridades.<\/p>\n\n\n\n<hr class=\"wp-block-separator has-alpha-channel-opacity\"\/>\n\n\n\n<h3 class=\"wp-block-heading\">Um espet\u00e1culo que j\u00e1 \u00e9 hist\u00f3rico<\/h3>\n\n\n\n<figure class=\"wp-block-image size-full\"><img loading=\"lazy\" decoding=\"async\" width=\"1024\" height=\"683\" src=\"https:\/\/cidadecult.com.br\/wp-content\/uploads\/2026\/04\/SHAKIRA-1.jpg\" alt=\"\" class=\"wp-image-18136\" srcset=\"https:\/\/cidadecult.com.br\/wp-content\/uploads\/2026\/04\/SHAKIRA-1.jpg 1024w, https:\/\/cidadecult.com.br\/wp-content\/uploads\/2026\/04\/SHAKIRA-1-300x200.jpg 300w, https:\/\/cidadecult.com.br\/wp-content\/uploads\/2026\/04\/SHAKIRA-1-768x512.jpg 768w, https:\/\/cidadecult.com.br\/wp-content\/uploads\/2026\/04\/SHAKIRA-1-750x500.jpg 750w\" sizes=\"auto, (max-width: 1024px) 100vw, 1024px\" \/><figcaption class=\"wp-element-caption\">Cantora com vestido rosa brilhante e cabelo cacheado solto, sorrindo e com um bra\u00e7o estendido durante apresenta\u00e7\u00e3o em palco iluminado.<br>A cantora Shakira em Buenos Aires, no ano passadop &#8211; Agustin Marcarian\/Reuters<\/figcaption><\/figure>\n\n\n\n<p>Mais do que um show, a apresenta\u00e7\u00e3o de Shakira em Copacabana se desenha como um daqueles momentos que entram para a mem\u00f3ria coletiva \u2014 reunindo m\u00fasica, emo\u00e7\u00e3o e uma conex\u00e3o rara entre artista e p\u00fablico.<\/p>\n","protected":false},"excerpt":{"rendered":"<p>\u00c0s v\u00e9speras de um dos shows mais aguardados do ano, Shakira refor\u00e7ou sua conex\u00e3o com o Brasil e fez uma declara\u00e7\u00e3o simb\u00f3lica que traduz o clima da apresenta\u00e7\u00e3o: \u201cSe o planeta Terra tivesse um altar, seria Praia de Copacabana\u201d. A cantora se apresenta gratuitamente no pr\u00f3ximo s\u00e1bado (2), em um espet\u00e1culo que promete reunir uma [&hellip;]<\/p>\n","protected":false},"author":777,"featured_media":18136,"comment_status":"open","ping_status":"open","sticky":false,"template":"","format":"standard","meta":{"_monsterinsights_skip_tracking":false,"_monsterinsights_sitenote_active":false,"_monsterinsights_sitenote_note":"","_monsterinsights_sitenote_category":0,"footnotes":""},"categories":[6],"tags":[1115,69,6536,8555,8560,8559,8554,8556,8558,8557],"class_list":["post-18135","post","type-post","status-publish","format-standard","has-post-thumbnail","hentry","category-music","tag-anitta","tag-brasil","tag-cultura-pop","tag-musica-internacional-2","tag-pop-latino","tag-rio-de-janeiro-eventos","tag-shakira-brasil","tag-shakira-rio-2026","tag-show-copacabana","tag-shows-gratuitos"],"_links":{"self":[{"href":"https:\/\/cidadecult.com.br\/index.php?rest_route=\/wp\/v2\/posts\/18135","targetHints":{"allow":["GET"]}}],"collection":[{"href":"https:\/\/cidadecult.com.br\/index.php?rest_route=\/wp\/v2\/posts"}],"about":[{"href":"https:\/\/cidadecult.com.br\/index.php?rest_route=\/wp\/v2\/types\/post"}],"author":[{"embeddable":true,"href":"https:\/\/cidadecult.com.br\/index.php?rest_route=\/wp\/v2\/users\/777"}],"replies":[{"embeddable":true,"href":"https:\/\/cidadecult.com.br\/index.php?rest_route=%2Fwp%2Fv2%2Fcomments&post=18135"}],"version-history":[{"count":2,"href":"https:\/\/cidadecult.com.br\/index.php?rest_route=\/wp\/v2\/posts\/18135\/revisions"}],"predecessor-version":[{"id":18138,"href":"https:\/\/cidadecult.com.br\/index.php?rest_route=\/wp\/v2\/posts\/18135\/revisions\/18138"}],"wp:featuredmedia":[{"embeddable":true,"href":"https:\/\/cidadecult.com.br\/index.php?rest_route=\/wp\/v2\/media\/18136"}],"wp:attachment":[{"href":"https:\/\/cidadecult.com.br\/index.php?rest_route=%2Fwp%2Fv2%2Fmedia&parent=18135"}],"wp:term":[{"taxonomy":"category","embeddable":true,"href":"https:\/\/cidadecult.com.br\/index.php?rest_route=%2Fwp%2Fv2%2Fcategories&post=18135"},{"taxonomy":"post_tag","embeddable":true,"href":"https:\/\/cidadecult.com.br\/index.php?rest_route=%2Fwp%2Fv2%2Ftags&post=18135"}],"curies":[{"name":"wp","href":"https:\/\/api.w.org\/{rel}","templated":true}]}}