{"id":18132,"date":"2026-04-28T16:44:55","date_gmt":"2026-04-28T19:44:55","guid":{"rendered":"https:\/\/cidadecult.com.br\/?p=18132"},"modified":"2026-04-28T16:44:56","modified_gmt":"2026-04-28T19:44:56","slug":"megadeth-caminha-para-o-fim-apos-mais-de-quatro-decadas-decisao-envolve-condicao-fisica-de-dave-mustaine","status":"publish","type":"post","link":"https:\/\/cidadecult.com.br\/?p=18132","title":{"rendered":"Megadeth caminha para o fim ap\u00f3s mais de quatro d\u00e9cadas \u2014 decis\u00e3o envolve condi\u00e7\u00e3o f\u00edsica de Dave Mustaine"},"content":{"rendered":"\n<p>O fim de uma das bandas mais influentes do heavy metal mundial j\u00e1 tem explica\u00e7\u00e3o \u2014 e ela passa longe da falta de criatividade. O encerramento das atividades do Megadeth est\u00e1 diretamente ligado a uma condi\u00e7\u00e3o f\u00edsica enfrentada por seu l\u00edder, Dave Mustaine.<\/p>\n\n\n\n<hr class=\"wp-block-separator has-alpha-channel-opacity\"\/>\n\n\n\n<h3 class=\"wp-block-heading\">Uma limita\u00e7\u00e3o que impacta a guitarra<\/h3>\n\n\n\n<p>Aos 64 anos, Mustaine revelou que enfrenta um problema progressivo em uma das m\u00e3os. Um dos dedos tende a se curvar involuntariamente, o que compromete a execu\u00e7\u00e3o na guitarra \u2014 instrumento central em sua trajet\u00f3ria.<\/p>\n\n\n\n<p>Mesmo diante da limita\u00e7\u00e3o, o m\u00fasico mant\u00e9m o desejo de seguir tocando enquanto for poss\u00edvel, ainda que fora das grandes turn\u00eas.<\/p>\n\n\n\n<p>\u201c\u00c9 \u00f3timo parar no topo\u201d, afirma, destacando que a decis\u00e3o de encerrar o ciclo vem de forma consciente, ap\u00f3s d\u00e9cadas de conquistas.<\/p>\n\n\n\n<hr class=\"wp-block-separator has-alpha-channel-opacity\"\/>\n\n\n\n<h3 class=\"wp-block-heading\">Turn\u00ea de despedida passa pelo Brasil<\/h3>\n\n\n\n<p>Antes do adeus definitivo, o Megadeth embarca em uma turn\u00ea final que pode durar at\u00e9 cinco anos. No roteiro, uma parada especial para os f\u00e3s brasileiros:<\/p>\n\n\n\n<p>\ud83d\udccd S\u00e3o Paulo \u2014 2 de maio<br>\ud83d\udccc Espa\u00e7o Unimed<\/p>\n\n\n\n<p>A capital paulista \u00e9 uma das cidades que mais ouvem a banda no mundo, refletindo a forte conex\u00e3o com o p\u00fablico sul-americano \u2014 frequentemente citado por Mustaine como um dos mais intensos e fi\u00e9is.<\/p>\n\n\n\n<hr class=\"wp-block-separator has-alpha-channel-opacity\"\/>\n\n\n\n<h3 class=\"wp-block-heading\">Um legado de cl\u00e1ssicos<\/h3>\n\n\n\n<p>Com mais de 40 anos de carreira, o grupo construiu um cat\u00e1logo com mais de 200 m\u00fasicas. Nos shows finais, n\u00e3o devem faltar faixas emblem\u00e1ticas como:<\/p>\n\n\n\n<ul class=\"wp-block-list\">\n<li><em>Symphony of Destruction<\/em><\/li>\n\n\n\n<li><em>Hangar 18<\/em><\/li>\n\n\n\n<li><em>Peace Sells<\/em><\/li>\n\n\n\n<li><em>Holy Wars\u2026 The Punishment Due<\/em><\/li>\n<\/ul>\n\n\n\n<p>Al\u00e9m de m\u00fasicas do \u00e1lbum mais recente, que marca a reta final da banda.<\/p>\n\n\n\n<hr class=\"wp-block-separator has-alpha-channel-opacity\"\/>\n\n\n\n<h3 class=\"wp-block-heading\">\u00daltimo \u00e1lbum e novos caminhos<\/h3>\n\n\n\n<p>O disco mais recente tamb\u00e9m simboliza um fechamento de ciclo. Entre os destaques est\u00e1 uma releitura de <em>Ride the Lightning<\/em>, faixa do Metallica \u2014 grupo do qual Mustaine fez parte no in\u00edcio da carreira.<\/p>\n\n\n\n<p>O gesto funciona como uma esp\u00e9cie de reconex\u00e3o com suas origens no thrash metal.<\/p>\n\n\n\n<hr class=\"wp-block-separator has-alpha-channel-opacity\"\/>\n\n\n\n<h3 class=\"wp-block-heading\">O fim de uma era<\/h3>\n\n\n\n<p>A despedida do Megadeth marca o encerramento de uma trajet\u00f3ria fundamental para a hist\u00f3ria da m\u00fasica pesada.<\/p>\n\n\n\n<p>Mais do que uma banda, o grupo ajudou a definir o som, a est\u00e9tica e a atitude do thrash metal \u2014 influenciando gera\u00e7\u00f5es de m\u00fasicos ao redor do mundo.<\/p>\n","protected":false},"excerpt":{"rendered":"<p>O fim de uma das bandas mais influentes do heavy metal mundial j\u00e1 tem explica\u00e7\u00e3o \u2014 e ela passa longe da falta de criatividade. O encerramento das atividades do Megadeth est\u00e1 diretamente ligado a uma condi\u00e7\u00e3o f\u00edsica enfrentada por seu l\u00edder, Dave Mustaine. Uma limita\u00e7\u00e3o que impacta a guitarra Aos 64 anos, Mustaine revelou que [&hellip;]<\/p>\n","protected":false},"author":777,"featured_media":18133,"comment_status":"open","ping_status":"open","sticky":false,"template":"","format":"standard","meta":{"_monsterinsights_skip_tracking":false,"_monsterinsights_sitenote_active":false,"_monsterinsights_sitenote_note":"","_monsterinsights_sitenote_category":0,"footnotes":""},"categories":[6],"tags":[8550,8546,8549,8547,95,8551,8553,8522,8552,8548],"class_list":["post-18132","post","type-post","status-publish","format-standard","has-post-thumbnail","hentry","category-music","tag-dave-mustaine","tag-heavy-metal","tag-megadeth","tag-metallica","tag-musica","tag-rock-internacional","tag-show-sao-paulo","tag-shows-2026","tag-thrash-metal","tag-turne-despedida"],"_links":{"self":[{"href":"https:\/\/cidadecult.com.br\/index.php?rest_route=\/wp\/v2\/posts\/18132","targetHints":{"allow":["GET"]}}],"collection":[{"href":"https:\/\/cidadecult.com.br\/index.php?rest_route=\/wp\/v2\/posts"}],"about":[{"href":"https:\/\/cidadecult.com.br\/index.php?rest_route=\/wp\/v2\/types\/post"}],"author":[{"embeddable":true,"href":"https:\/\/cidadecult.com.br\/index.php?rest_route=\/wp\/v2\/users\/777"}],"replies":[{"embeddable":true,"href":"https:\/\/cidadecult.com.br\/index.php?rest_route=%2Fwp%2Fv2%2Fcomments&post=18132"}],"version-history":[{"count":1,"href":"https:\/\/cidadecult.com.br\/index.php?rest_route=\/wp\/v2\/posts\/18132\/revisions"}],"predecessor-version":[{"id":18134,"href":"https:\/\/cidadecult.com.br\/index.php?rest_route=\/wp\/v2\/posts\/18132\/revisions\/18134"}],"wp:featuredmedia":[{"embeddable":true,"href":"https:\/\/cidadecult.com.br\/index.php?rest_route=\/wp\/v2\/media\/18133"}],"wp:attachment":[{"href":"https:\/\/cidadecult.com.br\/index.php?rest_route=%2Fwp%2Fv2%2Fmedia&parent=18132"}],"wp:term":[{"taxonomy":"category","embeddable":true,"href":"https:\/\/cidadecult.com.br\/index.php?rest_route=%2Fwp%2Fv2%2Fcategories&post=18132"},{"taxonomy":"post_tag","embeddable":true,"href":"https:\/\/cidadecult.com.br\/index.php?rest_route=%2Fwp%2Fv2%2Ftags&post=18132"}],"curies":[{"name":"wp","href":"https:\/\/api.w.org\/{rel}","templated":true}]}}