{"id":18129,"date":"2026-04-28T16:41:37","date_gmt":"2026-04-28T19:41:37","guid":{"rendered":"https:\/\/cidadecult.com.br\/?p=18129"},"modified":"2026-04-28T16:41:39","modified_gmt":"2026-04-28T19:41:39","slug":"df-sai-na-frente-no-diagnostico-precoce-da-doenca-de-fabry-pelo-teste-do-pezinho-ampliado","status":"publish","type":"post","link":"https:\/\/cidadecult.com.br\/?p=18129","title":{"rendered":"DF sai na frente no diagn\u00f3stico precoce da doen\u00e7a de Fabry pelo teste do pezinho ampliado"},"content":{"rendered":"\n<p>O Distrito Federal se consolida como refer\u00eancia nacional em sa\u00fade p\u00fablica ao incluir o rastreio da <strong>doen\u00e7a de Fabry<\/strong> no teste do pezinho ampliado. A iniciativa, destacada no Dia Nacional de Conscientiza\u00e7\u00e3o da condi\u00e7\u00e3o, representa um avan\u00e7o decisivo no diagn\u00f3stico precoce e no tratamento de uma enfermidade rara, progressiva e potencialmente grave.<\/p>\n\n\n\n<hr class=\"wp-block-separator has-alpha-channel-opacity\"\/>\n\n\n\n<h3 class=\"wp-block-heading\">Uma doen\u00e7a silenciosa \u2014 e muitas vezes ignorada<\/h3>\n\n\n\n<p>A <strong>doen\u00e7a de Fabry<\/strong> \u00e9 causada pela defici\u00eancia de uma enzima essencial, levando ao ac\u00famulo de subst\u00e2ncias t\u00f3xicas nas c\u00e9lulas. Esse processo compromete \u00f3rg\u00e3os vitais como:<\/p>\n\n\n\n<ul class=\"wp-block-list\">\n<li>cora\u00e7\u00e3o<\/li>\n\n\n\n<li>rins<\/li>\n\n\n\n<li>sistema nervoso<\/li>\n<\/ul>\n\n\n\n<p>Os primeiros sinais podem surgir ainda na inf\u00e2ncia, com sintomas como dores intensas nas m\u00e3os e nos p\u00e9s \u2014 frequentemente descritas como uma sensa\u00e7\u00e3o de \u201cqueima\u00e7\u00e3o\u201d \u2014 al\u00e9m de fadiga e problemas gastrointestinais.<\/p>\n\n\n\n<p>N\u00e3o raro, esses sinais s\u00e3o subestimados, o que atrasa o diagn\u00f3stico e agrava o quadro cl\u00ednico ao longo dos anos.<\/p>\n\n\n\n<hr class=\"wp-block-separator has-alpha-channel-opacity\"\/>\n\n\n\n<h3 class=\"wp-block-heading\">Diagn\u00f3stico precoce muda o destino do paciente<\/h3>\n\n\n\n<p>O grande diferencial do DF est\u00e1 na inclus\u00e3o da triagem da doen\u00e7a no teste do pezinho ampliado, realizado na rede p\u00fablica. Com isso, \u00e9 poss\u00edvel identificar a condi\u00e7\u00e3o logo nos primeiros dias de vida.<\/p>\n\n\n\n<p>Esse diagn\u00f3stico antecipado permite:<\/p>\n\n\n\n<ul class=\"wp-block-list\">\n<li>acompanhamento cont\u00ednuo desde a inf\u00e2ncia<\/li>\n\n\n\n<li>preven\u00e7\u00e3o de danos irrevers\u00edveis<\/li>\n\n\n\n<li>melhor qualidade e expectativa de vida<\/li>\n<\/ul>\n\n\n\n<p>Segundo especialistas da rede p\u00fablica, o tratamento precoce impede o ac\u00famulo da subst\u00e2ncia nos \u00f3rg\u00e3os, evitando complica\u00e7\u00f5es como insufici\u00eancia renal, AVC precoce e problemas card\u00edacos graves.<\/p>\n\n\n\n<hr class=\"wp-block-separator has-alpha-channel-opacity\"\/>\n\n\n\n<h3 class=\"wp-block-heading\">Tratamento dispon\u00edvel pelo SUS<\/h3>\n\n\n\n<p>O Sistema \u00danico de Sa\u00fade oferece a <strong>Terapia de Reposi\u00e7\u00e3o Enzim\u00e1tica<\/strong>, principal tratamento para a doen\u00e7a. A medica\u00e7\u00e3o \u00e9 administrada por via intravenosa, geralmente a cada 15 dias.<\/p>\n\n\n\n<p>No DF, o atendimento de refer\u00eancia ocorre no Hospital de Apoio de Bras\u00edlia, onde pacientes recebem acompanhamento multidisciplinar especializado.<\/p>\n\n\n\n<p>Com o tratamento adequado, a expectativa \u00e9 que os pacientes tenham uma vida semelhante \u00e0 da popula\u00e7\u00e3o em geral.<\/p>\n\n\n\n<hr class=\"wp-block-separator has-alpha-channel-opacity\"\/>\n\n\n\n<h3 class=\"wp-block-heading\">Quando procurar ajuda<\/h3>\n\n\n\n<p>A orienta\u00e7\u00e3o \u00e9 buscar uma Unidade B\u00e1sica de Sa\u00fade (UBS) ao perceber sinais como:<\/p>\n\n\n\n<ul class=\"wp-block-list\">\n<li>dores recorrentes em m\u00e3os e p\u00e9s<\/li>\n\n\n\n<li>cansa\u00e7o excessivo sem explica\u00e7\u00e3o<\/li>\n\n\n\n<li>hist\u00f3rico familiar de doen\u00e7as renais ou card\u00edacas precoces<\/li>\n<\/ul>\n\n\n\n<p>Se houver suspeita, o paciente \u00e9 encaminhado para especialistas da rede p\u00fablica.<\/p>\n\n\n\n<hr class=\"wp-block-separator has-alpha-channel-opacity\"\/>\n\n\n\n<h3 class=\"wp-block-heading\">Um avan\u00e7o que salva vidas<\/h3>\n\n\n\n<p>A inclus\u00e3o da <strong>doen\u00e7a de Fabry<\/strong> no teste do pezinho ampliado coloca o Distrito Federal em posi\u00e7\u00e3o de destaque no cuidado com doen\u00e7as raras no Brasil.<\/p>\n\n\n\n<p>Mais do que diagn\u00f3stico, a iniciativa representa acesso, preven\u00e7\u00e3o e a chance de um futuro mais saud\u00e1vel desde os primeiros dias de vida.<\/p>\n\n\n\n<p><\/p>\n","protected":false},"excerpt":{"rendered":"<p>O Distrito Federal se consolida como refer\u00eancia nacional em sa\u00fade p\u00fablica ao incluir o rastreio da doen\u00e7a de Fabry no teste do pezinho ampliado. A iniciativa, destacada no Dia Nacional de Conscientiza\u00e7\u00e3o da condi\u00e7\u00e3o, representa um avan\u00e7o decisivo no diagn\u00f3stico precoce e no tratamento de uma enfermidade rara, progressiva e potencialmente grave. Uma doen\u00e7a silenciosa [&hellip;]<\/p>\n","protected":false},"author":777,"featured_media":18130,"comment_status":"open","ping_status":"open","sticky":false,"template":"","format":"standard","meta":{"_monsterinsights_skip_tracking":false,"_monsterinsights_sitenote_active":false,"_monsterinsights_sitenote_note":"","_monsterinsights_sitenote_category":0,"footnotes":""},"categories":[38],"tags":[8545,8543,8538,8544,8542,8540,7114,8541,8539],"class_list":["post-18129","post","type-post","status-publish","format-standard","has-post-thumbnail","hentry","category-health-2","tag-brasilia-saude","tag-diagnostico-precoce","tag-doenca-de-fabry","tag-doencas-raras","tag-genetica","tag-saude-df","tag-saude-publica","tag-sus-brasil","tag-teste-do-pezinho-ampliado"],"_links":{"self":[{"href":"https:\/\/cidadecult.com.br\/index.php?rest_route=\/wp\/v2\/posts\/18129","targetHints":{"allow":["GET"]}}],"collection":[{"href":"https:\/\/cidadecult.com.br\/index.php?rest_route=\/wp\/v2\/posts"}],"about":[{"href":"https:\/\/cidadecult.com.br\/index.php?rest_route=\/wp\/v2\/types\/post"}],"author":[{"embeddable":true,"href":"https:\/\/cidadecult.com.br\/index.php?rest_route=\/wp\/v2\/users\/777"}],"replies":[{"embeddable":true,"href":"https:\/\/cidadecult.com.br\/index.php?rest_route=%2Fwp%2Fv2%2Fcomments&post=18129"}],"version-history":[{"count":1,"href":"https:\/\/cidadecult.com.br\/index.php?rest_route=\/wp\/v2\/posts\/18129\/revisions"}],"predecessor-version":[{"id":18131,"href":"https:\/\/cidadecult.com.br\/index.php?rest_route=\/wp\/v2\/posts\/18129\/revisions\/18131"}],"wp:featuredmedia":[{"embeddable":true,"href":"https:\/\/cidadecult.com.br\/index.php?rest_route=\/wp\/v2\/media\/18130"}],"wp:attachment":[{"href":"https:\/\/cidadecult.com.br\/index.php?rest_route=%2Fwp%2Fv2%2Fmedia&parent=18129"}],"wp:term":[{"taxonomy":"category","embeddable":true,"href":"https:\/\/cidadecult.com.br\/index.php?rest_route=%2Fwp%2Fv2%2Fcategories&post=18129"},{"taxonomy":"post_tag","embeddable":true,"href":"https:\/\/cidadecult.com.br\/index.php?rest_route=%2Fwp%2Fv2%2Ftags&post=18129"}],"curies":[{"name":"wp","href":"https:\/\/api.w.org\/{rel}","templated":true}]}}