{"id":18115,"date":"2026-04-28T16:11:19","date_gmt":"2026-04-28T19:11:19","guid":{"rendered":"https:\/\/cidadecult.com.br\/?p=18115"},"modified":"2026-04-28T16:11:21","modified_gmt":"2026-04-28T19:11:21","slug":"anna-maria-maiolino-recria-performance-contra-a-ditadura-em-exposicao-inedita-em-lisboa","status":"publish","type":"post","link":"https:\/\/cidadecult.com.br\/?p=18115","title":{"rendered":"Anna Maria Maiolino recria performance contra a ditadura em exposi\u00e7\u00e3o in\u00e9dita em Lisboa"},"content":{"rendered":"\n<p>A for\u00e7a da arte como gesto pol\u00edtico e po\u00e9tico ganha novo f\u00f4lego na exposi\u00e7\u00e3o <strong>\u201cTerra Po\u00e9tica\u201d<\/strong>, da artista Anna Maria Maiolino, em cartaz no MAAT \u2013 Museu de Arte, Arquitetura e Tecnologia at\u00e9 agosto de 2026.<\/p>\n\n\n\n<hr class=\"wp-block-separator has-alpha-channel-opacity\"\/>\n\n\n\n<h3 class=\"wp-block-heading\">Um cl\u00e1ssico da arte brasileira revisitado<\/h3>\n\n\n\n<p>Entre os destaques da mostra est\u00e1 a recria\u00e7\u00e3o de <strong>\u201cEntrevidas\u201d<\/strong>, performance hist\u00f3rica realizada originalmente em 1981, durante a ditadura militar brasileira.<\/p>\n\n\n\n<p>Na a\u00e7\u00e3o, a artista caminha entre ovos espalhados no ch\u00e3o \u2014 um gesto delicado e simb\u00f3lico que evoca tens\u00e3o, fragilidade e resist\u00eancia. Na nova vers\u00e3o, apresentada \u00e0s margens do rio Tejo, em Lisboa, participantes percorrem o caminho com as m\u00e3os erguidas, em um claro apelo por paz em tempos de conflito e viol\u00eancia.<\/p>\n\n\n\n<hr class=\"wp-block-separator has-alpha-channel-opacity\"\/>\n\n\n\n<h3 class=\"wp-block-heading\">Arte como pensamento em processo<\/h3>\n\n\n\n<p>A exposi\u00e7\u00e3o re\u00fane n\u00e3o apenas obras finalizadas, mas tamb\u00e9m o pr\u00f3prio processo criativo de Maiolino. Logo na entrada, desenhos da s\u00e9rie <strong>\u201cTempestade de Ideias\u201d<\/strong> funcionam como um \u201cmapa mental\u201d da artista \u2014 registros de pensamentos que podem se transformar em esculturas, poemas ou instala\u00e7\u00f5es.<\/p>\n\n\n\n<p>A ideia de arte como fluxo cont\u00ednuo \u00e9 central na obra da artista, que mant\u00e9m o h\u00e1bito de registrar ideias em cadernos ao longo da vida.<\/p>\n\n\n\n<hr class=\"wp-block-separator has-alpha-channel-opacity\"\/>\n\n\n\n<h3 class=\"wp-block-heading\">Esculturas in\u00e9ditas e mat\u00e9ria viva<\/h3>\n\n\n\n<p>\u201cTerra Po\u00e9tica\u201d apresenta <strong>15 esculturas in\u00e9ditas<\/strong>, entre as maiores j\u00e1 produzidas por Maiolino. Feitas em barro, as obras revelam o gesto manual como linguagem \u2014 amassar, enrolar, moldar.<\/p>\n\n\n\n<p>A artista conecta esse processo \u00e0 mem\u00f3ria afetiva e \u00e0 experi\u00eancia dom\u00e9stica, evocando gestos cotidianos como fazer p\u00e3o ou massa.<\/p>\n\n\n\n<p>H\u00e1 tamb\u00e9m uma experimenta\u00e7\u00e3o crom\u00e1tica in\u00e9dita: diferentes tonalidades de argila criam composi\u00e7\u00f5es que ampliam o repert\u00f3rio visual da artista, conhecida por trabalhar com contrastes.<\/p>\n\n\n\n<hr class=\"wp-block-separator has-alpha-channel-opacity\"\/>\n\n\n\n<figure class=\"wp-block-image size-full\"><img loading=\"lazy\" decoding=\"async\" width=\"1024\" height=\"682\" src=\"https:\/\/cidadecult.com.br\/wp-content\/uploads\/2026\/04\/Anna-Maria-Maio.jpg\" alt=\"\" class=\"wp-image-18127\" srcset=\"https:\/\/cidadecult.com.br\/wp-content\/uploads\/2026\/04\/Anna-Maria-Maio.jpg 1024w, https:\/\/cidadecult.com.br\/wp-content\/uploads\/2026\/04\/Anna-Maria-Maio-300x200.jpg 300w, https:\/\/cidadecult.com.br\/wp-content\/uploads\/2026\/04\/Anna-Maria-Maio-768x512.jpg 768w, https:\/\/cidadecult.com.br\/wp-content\/uploads\/2026\/04\/Anna-Maria-Maio-750x500.jpg 750w\" sizes=\"auto, (max-width: 1024px) 100vw, 1024px\" \/><\/figure>\n\n\n\n<h3 class=\"wp-block-heading\">Entre mem\u00f3ria, corpo e pol\u00edtica<\/h3>\n\n\n\n<p>A obra de Maiolino atravessa linguagens \u2014 desenho, escultura, v\u00eddeo e poesia \u2014 sempre conectando experi\u00eancias pessoais a contextos hist\u00f3ricos mais amplos.<\/p>\n\n\n\n<p>\u201cEntrevidas\u201d, em especial, se reinventa ao longo das d\u00e9cadas. J\u00e1 foram mais de 20 vers\u00f5es da performance, cada uma dialogando com seu tempo. A pr\u00f3xima reencena\u00e7\u00e3o j\u00e1 tem destino: o Museu do Amanh\u00e3, onde ser\u00e1 apresentada em maio.<\/p>\n\n\n\n<hr class=\"wp-block-separator has-alpha-channel-opacity\"\/>\n\n\n\n<h3 class=\"wp-block-heading\">Servi\u00e7o<\/h3>\n\n\n\n<p>\ud83d\udccd Local: MAAT \u2013 Museu de Arte, Arquitetura e Tecnologia<br>\ud83d\udcc5 At\u00e9: 31 de agosto de 2026<br>\u23f0 Hor\u00e1rio: de quarta a segunda, das 10h \u00e0s 19h<br>\ud83c\udf9f\ufe0f Ingressos: a partir de 12\u20ac<\/p>\n","protected":false},"excerpt":{"rendered":"<p>A for\u00e7a da arte como gesto pol\u00edtico e po\u00e9tico ganha novo f\u00f4lego na exposi\u00e7\u00e3o \u201cTerra Po\u00e9tica\u201d, da artista Anna Maria Maiolino, em cartaz no MAAT \u2013 Museu de Arte, Arquitetura e Tecnologia at\u00e9 agosto de 2026. Um cl\u00e1ssico da arte brasileira revisitado Entre os destaques da mostra est\u00e1 a recria\u00e7\u00e3o de \u201cEntrevidas\u201d, performance hist\u00f3rica realizada [&hellip;]<\/p>\n","protected":false},"author":777,"featured_media":18127,"comment_status":"open","ping_status":"open","sticky":false,"template":"","format":"standard","meta":{"_monsterinsights_skip_tracking":false,"_monsterinsights_sitenote_active":false,"_monsterinsights_sitenote_note":"","_monsterinsights_sitenote_category":0,"footnotes":""},"categories":[281,989],"tags":[8535,6981,8537,6986,8530,8531,8534,8533,8532,8536],"class_list":["post-18115","post","type-post","status-publish","format-standard","has-post-thumbnail","hentry","category-exposicao","category-mundo","tag-anna-maria-maiolino","tag-arte-brasileira","tag-arte-contemporanea-2","tag-cultura-internacional","tag-entrevidas","tag-exposicao-lisboa","tag-maat-lisboa","tag-museu-do-amanha","tag-performance-arte","tag-terra-poetica"],"_links":{"self":[{"href":"https:\/\/cidadecult.com.br\/index.php?rest_route=\/wp\/v2\/posts\/18115","targetHints":{"allow":["GET"]}}],"collection":[{"href":"https:\/\/cidadecult.com.br\/index.php?rest_route=\/wp\/v2\/posts"}],"about":[{"href":"https:\/\/cidadecult.com.br\/index.php?rest_route=\/wp\/v2\/types\/post"}],"author":[{"embeddable":true,"href":"https:\/\/cidadecult.com.br\/index.php?rest_route=\/wp\/v2\/users\/777"}],"replies":[{"embeddable":true,"href":"https:\/\/cidadecult.com.br\/index.php?rest_route=%2Fwp%2Fv2%2Fcomments&post=18115"}],"version-history":[{"count":1,"href":"https:\/\/cidadecult.com.br\/index.php?rest_route=\/wp\/v2\/posts\/18115\/revisions"}],"predecessor-version":[{"id":18128,"href":"https:\/\/cidadecult.com.br\/index.php?rest_route=\/wp\/v2\/posts\/18115\/revisions\/18128"}],"wp:featuredmedia":[{"embeddable":true,"href":"https:\/\/cidadecult.com.br\/index.php?rest_route=\/wp\/v2\/media\/18127"}],"wp:attachment":[{"href":"https:\/\/cidadecult.com.br\/index.php?rest_route=%2Fwp%2Fv2%2Fmedia&parent=18115"}],"wp:term":[{"taxonomy":"category","embeddable":true,"href":"https:\/\/cidadecult.com.br\/index.php?rest_route=%2Fwp%2Fv2%2Fcategories&post=18115"},{"taxonomy":"post_tag","embeddable":true,"href":"https:\/\/cidadecult.com.br\/index.php?rest_route=%2Fwp%2Fv2%2Ftags&post=18115"}],"curies":[{"name":"wp","href":"https:\/\/api.w.org\/{rel}","templated":true}]}}