{"id":18112,"date":"2026-04-27T17:14:23","date_gmt":"2026-04-27T20:14:23","guid":{"rendered":"https:\/\/cidadecult.com.br\/?p=18112"},"modified":"2026-04-27T17:14:25","modified_gmt":"2026-04-27T20:14:25","slug":"funkeiros-dos-anos-90-enfrentam-disputa-por-direitos-autorais-e-reacendem-debate-sobre-contratos-historicos","status":"publish","type":"post","link":"https:\/\/cidadecult.com.br\/?p=18112","title":{"rendered":"Funkeiros dos anos 90 enfrentam disputa por direitos autorais e reacendem debate sobre contratos hist\u00f3ricos"},"content":{"rendered":"\n<p>A cena do funk brasileiro dos anos 1990 voltou ao centro das discuss\u00f5es \u2014 desta vez, longe dos palcos e dentro dos tribunais. Artistas e herdeiros de nomes marcantes do g\u00eanero iniciaram uma mobiliza\u00e7\u00e3o para recuperar direitos autorais que, segundo eles, foram cedidos em contratos considerados desvantajosos \u00e0 \u00e9poca.<\/p>\n\n\n\n<hr class=\"wp-block-separator has-alpha-channel-opacity\"\/>\n\n\n\n<h3 class=\"wp-block-heading\">Uma gera\u00e7\u00e3o que fez hist\u00f3ria \u2014 mas pode n\u00e3o ter colhido os frutos<\/h3>\n\n\n\n<p>O movimento ganhou for\u00e7a ap\u00f3s relatos envolvendo o legado de MC Marcinho, um dos \u00edcones do funk melody. Antes de falecer, em 2023, o artista teria orientado familiares a buscarem a recupera\u00e7\u00e3o de seus direitos autorais, hoje fragmentados entre produtoras.<\/p>\n\n\n\n<p>Casos como o dele n\u00e3o s\u00e3o isolados. Pelo menos oito artistas j\u00e1 contrataram advogados para tentar reaver o controle de suas obras \u2014 muitas delas sucessos que marcaram gera\u00e7\u00f5es.<\/p>\n\n\n\n<hr class=\"wp-block-separator has-alpha-channel-opacity\"\/>\n\n\n\n<h3 class=\"wp-block-heading\">Contratos sob questionamento<\/h3>\n\n\n\n<p>Na base do conflito est\u00e3o acordos firmados nos anos 1990 e 2000, quando o funk se consolidava como fen\u00f4meno nacional. Segundo especialistas, havia dois modelos principais:<\/p>\n\n\n\n<ul class=\"wp-block-list\">\n<li><strong>Licenciamento<\/strong>: cess\u00e3o tempor\u00e1ria para explora\u00e7\u00e3o comercial<\/li>\n\n\n\n<li><strong>Cess\u00e3o definitiva<\/strong>: transfer\u00eancia permanente dos direitos<\/li>\n<\/ul>\n\n\n\n<p>Na pr\u00e1tica, muitos artistas alegam que n\u00e3o tinham conhecimento suficiente para compreender os termos assinados \u2014 o que teria gerado acordos desequilibrados.<\/p>\n\n\n\n<hr class=\"wp-block-separator has-alpha-channel-opacity\"\/>\n\n\n\n<h3 class=\"wp-block-heading\">O papel das grandes produtoras<\/h3>\n\n\n\n<p>Empresas como a Furac\u00e3o 2000 e os selos ligados ao DJ Marlboro dominaram o mercado naquele per\u00edodo, funcionando como porta de entrada para o sucesso.<\/p>\n\n\n\n<p>Os empres\u00e1rios, por outro lado, defendem que os contratos seguiram padr\u00f5es internacionais e foram firmados dentro da legalidade. Ainda assim, reconhecem que a revis\u00e3o pode ser leg\u00edtima diante das transforma\u00e7\u00f5es do mercado musical.<\/p>\n\n\n\n<hr class=\"wp-block-separator has-alpha-channel-opacity\"\/>\n\n\n\n<h3 class=\"wp-block-heading\">Falta de transpar\u00eancia e disputa judicial<\/h3>\n\n\n\n<p>Entre as principais queixas dos artistas est\u00e3o:<\/p>\n\n\n\n<ul class=\"wp-block-list\">\n<li>aus\u00eancia de relat\u00f3rios financeiros<\/li>\n\n\n\n<li>dificuldade de acesso aos contratos originais<\/li>\n\n\n\n<li>impossibilidade de explorar as pr\u00f3prias obras<\/li>\n<\/ul>\n\n\n\n<p>H\u00e1 tamb\u00e9m disputas envolvendo plataformas digitais, regrava\u00e7\u00f5es e uso de samples \u2014 o que amplia a complexidade dos processos.<\/p>\n\n\n\n<hr class=\"wp-block-separator has-alpha-channel-opacity\"\/>\n\n\n\n<h3 class=\"wp-block-heading\">O impacto nas novas gera\u00e7\u00f5es<\/h3>\n\n\n\n<p>A discuss\u00e3o ultrapassa o passado e influencia diretamente o presente do funk. Artistas mais jovens observam o cen\u00e1rio com aten\u00e7\u00e3o, buscando maior controle sobre suas carreiras e contratos.<\/p>\n\n\n\n<p>Al\u00e9m disso, o caso levanta um debate mais amplo sobre direitos autorais no Brasil, especialmente em g\u00eaneros perif\u00e9ricos que cresceram \u00e0 margem da ind\u00fastria tradicional.<\/p>\n\n\n\n<hr class=\"wp-block-separator has-alpha-channel-opacity\"\/>\n\n\n\n<h3 class=\"wp-block-heading\">Entre legado e justi\u00e7a<\/h3>\n\n\n\n<p>Enquanto alguns artistas relatam dificuldades financeiras mesmo ap\u00f3s d\u00e9cadas de sucesso, empres\u00e1rios argumentam que o modelo da \u00e9poca refletia a realidade do mercado.<\/p>\n\n\n\n<p>O desfecho dessas disputas pode redefinir n\u00e3o apenas o futuro desses cat\u00e1logos, mas tamb\u00e9m estabelecer novos par\u00e2metros para a ind\u00fastria musical brasileira.<\/p>\n","protected":false},"excerpt":{"rendered":"<p>A cena do funk brasileiro dos anos 1990 voltou ao centro das discuss\u00f5es \u2014 desta vez, longe dos palcos e dentro dos tribunais. Artistas e herdeiros de nomes marcantes do g\u00eanero iniciaram uma mobiliza\u00e7\u00e3o para recuperar direitos autorais que, segundo eles, foram cedidos em contratos considerados desvantajosos \u00e0 \u00e9poca. Uma gera\u00e7\u00e3o que fez hist\u00f3ria \u2014 [&hellip;]<\/p>\n","protected":false},"author":777,"featured_media":18113,"comment_status":"open","ping_status":"open","sticky":false,"template":"","format":"standard","meta":{"_monsterinsights_skip_tracking":false,"_monsterinsights_sitenote_active":false,"_monsterinsights_sitenote_note":"","_monsterinsights_sitenote_category":0,"footnotes":""},"categories":[35],"tags":[6376,8525,6384,8524,8527,8528,7511,8523,8218,8526],"class_list":["post-18112","post","type-post","status-publish","format-standard","has-post-thumbnail","hentry","category-business-news365","tag-artistas-brasileiros","tag-contratos-musicais","tag-cultura-brasileira","tag-direitos-autorais","tag-dj-marlboro","tag-funk-anos-90","tag-funk-brasileiro","tag-furacao-2000","tag-industria-musical","tag-mc-marcinho"],"_links":{"self":[{"href":"https:\/\/cidadecult.com.br\/index.php?rest_route=\/wp\/v2\/posts\/18112","targetHints":{"allow":["GET"]}}],"collection":[{"href":"https:\/\/cidadecult.com.br\/index.php?rest_route=\/wp\/v2\/posts"}],"about":[{"href":"https:\/\/cidadecult.com.br\/index.php?rest_route=\/wp\/v2\/types\/post"}],"author":[{"embeddable":true,"href":"https:\/\/cidadecult.com.br\/index.php?rest_route=\/wp\/v2\/users\/777"}],"replies":[{"embeddable":true,"href":"https:\/\/cidadecult.com.br\/index.php?rest_route=%2Fwp%2Fv2%2Fcomments&post=18112"}],"version-history":[{"count":1,"href":"https:\/\/cidadecult.com.br\/index.php?rest_route=\/wp\/v2\/posts\/18112\/revisions"}],"predecessor-version":[{"id":18114,"href":"https:\/\/cidadecult.com.br\/index.php?rest_route=\/wp\/v2\/posts\/18112\/revisions\/18114"}],"wp:featuredmedia":[{"embeddable":true,"href":"https:\/\/cidadecult.com.br\/index.php?rest_route=\/wp\/v2\/media\/18113"}],"wp:attachment":[{"href":"https:\/\/cidadecult.com.br\/index.php?rest_route=%2Fwp%2Fv2%2Fmedia&parent=18112"}],"wp:term":[{"taxonomy":"category","embeddable":true,"href":"https:\/\/cidadecult.com.br\/index.php?rest_route=%2Fwp%2Fv2%2Fcategories&post=18112"},{"taxonomy":"post_tag","embeddable":true,"href":"https:\/\/cidadecult.com.br\/index.php?rest_route=%2Fwp%2Fv2%2Ftags&post=18112"}],"curies":[{"name":"wp","href":"https:\/\/api.w.org\/{rel}","templated":true}]}}