{"id":18109,"date":"2026-04-27T17:07:57","date_gmt":"2026-04-27T20:07:57","guid":{"rendered":"https:\/\/cidadecult.com.br\/?p=18109"},"modified":"2026-04-27T17:07:58","modified_gmt":"2026-04-27T20:07:58","slug":"martinho-da-vila-em-sua-ultima-turne-ao-lado-de-martnalia-18-de-julho-na-praia-festival","status":"publish","type":"post","link":"https:\/\/cidadecult.com.br\/?p=18109","title":{"rendered":"Martinho da Vila em sua \u00faltima turn\u00ea ao lado de Mart&#8217;n\u00e1lia &#8211; 18 de julho &#8211; Na Praia Festival"},"content":{"rendered":"\n<p><mark>Martinho da Vila e Mart&#8217;n\u00e1lia est\u00e3o confirmados para se apresentar no festival\u00a0<strong><a href=\"https:\/\/www.google.com\/search?q=Na+Praia+2026&amp;rlz=1C1HKFL_pt-PT&amp;oq=na+praia+martinho+da+villa+2026&amp;gs_lcrp=EgZjaHJvbWUyBggAEEUYOTIJCAEQIRgKGKABMgkIAhAhGAoYoAEyCQgDECEYChigAdIBCDkyMzJqMGo3qAIIsAIB8QXNcc1auLjOag&amp;sourceid=chrome&amp;ie=UTF-8&amp;mstk=AUtExfC9i4_HduDVHDgso0jJSSyPcS-cbIU7wSu7QK6oBgipQl4FflMx5ljRZyxzD3c_hI2738SBW2MwNDNwbNuhu35ebG3HO3g1__ImCmFmyNo-fh6ENVsp2hABxLJxWD8rWVriE0hfNBbYkX0m_xheFdOaQHJA6R7-SPceAJXP7p6EeX8&amp;csui=3&amp;ved=2ahUKEwiH_PC56o6UAxUZppUCHW5FMPMQgK4QegQIARAC\">Na Praia 2026<\/a><\/strong>, em Bras\u00edlia (DF), no dia\u00a0<strong>18 de julho de 2026<\/strong><\/mark>.\u00a0<\/p>\n\n\n\n<p>Aqui est\u00e3o os detalhes sobre essa apresenta\u00e7\u00e3o e a turn\u00ea:<\/p>\n\n\n\n<ul class=\"wp-block-list\">\n<li><strong>Evento:<\/strong>\u00a0Maria Rita Redescobrir Vol.2 + Martinho &amp; Mart&#8217;n\u00e1lia.<\/li>\n\n\n\n<li><strong>Local:<\/strong>\u00a0Na Praia Parque de Experi\u00eancias, \u00e0s margens do Lago Parano\u00e1, Bras\u00edlia &#8211; DF.<\/li>\n\n\n\n<li><strong>Contexto:<\/strong>\u00a0O show faz parte da turn\u00ea de despedida de Martinho da Vila, que celebra seus 88 anos ao lado da filha, Mart&#8217;n\u00e1lia.<\/li>\n\n\n\n<li><strong>Festival:<\/strong>\u00a0O Na Praia Festival 2026 acontece de 13 de junho a 19 de setembro, com o tema Brasil.<\/li>\n\n\n\n<li><strong>Sobre a Turn\u00ea de Despedida (2026)<\/strong><\/li>\n\n\n\n<li>Martinho da Vila anunciou 2026 como o ano de sua \u00faltima grande turn\u00ea, com um formato intimista e afetivo junto com Mart&#8217;n\u00e1lia. A turn\u00ea passa por v\u00e1rias capitais, incluindo Rio de Janeiro, S\u00e3o Paulo, Belo Horizonte, Curitiba, Porto Alegre, Florian\u00f3polis e Salvador.\u00a0<\/li>\n<\/ul>\n","protected":false},"excerpt":{"rendered":"<p>Martinho da Vila e Mart&#8217;n\u00e1lia est\u00e3o confirmados para se apresentar no festival\u00a0Na Praia 2026, em Bras\u00edlia (DF), no dia\u00a018 de julho de 2026.\u00a0 Aqui est\u00e3o os detalhes sobre essa apresenta\u00e7\u00e3o e a turn\u00ea:<\/p>\n","protected":false},"author":777,"featured_media":18107,"comment_status":"open","ping_status":"open","sticky":false,"template":"","format":"standard","meta":{"_monsterinsights_skip_tracking":false,"_monsterinsights_sitenote_active":false,"_monsterinsights_sitenote_note":"","_monsterinsights_sitenote_category":0,"footnotes":""},"categories":[8468],"tags":[8520,8518,6111,6104,6257,8519,8522,8521],"class_list":["post-18109","post","type-post","status-publish","format-standard","has-post-thumbnail","hentry","category-calendario-brasilia","tag-despedida-turne","tag-martinho-da-vila","tag-martnalia","tag-mpb-2","tag-musica-brasileira","tag-samba-brasileiro","tag-shows-2026","tag-turne-pai-e-filha"],"_links":{"self":[{"href":"https:\/\/cidadecult.com.br\/index.php?rest_route=\/wp\/v2\/posts\/18109","targetHints":{"allow":["GET"]}}],"collection":[{"href":"https:\/\/cidadecult.com.br\/index.php?rest_route=\/wp\/v2\/posts"}],"about":[{"href":"https:\/\/cidadecult.com.br\/index.php?rest_route=\/wp\/v2\/types\/post"}],"author":[{"embeddable":true,"href":"https:\/\/cidadecult.com.br\/index.php?rest_route=\/wp\/v2\/users\/777"}],"replies":[{"embeddable":true,"href":"https:\/\/cidadecult.com.br\/index.php?rest_route=%2Fwp%2Fv2%2Fcomments&post=18109"}],"version-history":[{"count":1,"href":"https:\/\/cidadecult.com.br\/index.php?rest_route=\/wp\/v2\/posts\/18109\/revisions"}],"predecessor-version":[{"id":18110,"href":"https:\/\/cidadecult.com.br\/index.php?rest_route=\/wp\/v2\/posts\/18109\/revisions\/18110"}],"wp:featuredmedia":[{"embeddable":true,"href":"https:\/\/cidadecult.com.br\/index.php?rest_route=\/wp\/v2\/media\/18107"}],"wp:attachment":[{"href":"https:\/\/cidadecult.com.br\/index.php?rest_route=%2Fwp%2Fv2%2Fmedia&parent=18109"}],"wp:term":[{"taxonomy":"category","embeddable":true,"href":"https:\/\/cidadecult.com.br\/index.php?rest_route=%2Fwp%2Fv2%2Fcategories&post=18109"},{"taxonomy":"post_tag","embeddable":true,"href":"https:\/\/cidadecult.com.br\/index.php?rest_route=%2Fwp%2Fv2%2Ftags&post=18109"}],"curies":[{"name":"wp","href":"https:\/\/api.w.org\/{rel}","templated":true}]}}