{"id":18106,"date":"2026-04-27T17:05:26","date_gmt":"2026-04-27T20:05:26","guid":{"rendered":"https:\/\/cidadecult.com.br\/?p=18106"},"modified":"2026-04-27T17:05:27","modified_gmt":"2026-04-27T20:05:27","slug":"saber-parar-e-uma-virtude-martinho-da-vila-anuncia-ultima-turne-ao-lado-de-martnalia","status":"publish","type":"post","link":"https:\/\/cidadecult.com.br\/?p=18106","title":{"rendered":"\u201cSaber parar \u00e9 uma virtude\u201d: Martinho da Vila anuncia \u00faltima turn\u00ea ao lado de Mart&#8217;n\u00e1lia"},"content":{"rendered":"\n<h3 class=\"wp-block-heading\"><\/h3>\n\n\n\n<p>A despedida dos grandes palcos ganha contornos emocionais na nova turn\u00ea <strong>\u201cPai e Filha\u201d<\/strong>, que une duas gera\u00e7\u00f5es do samba brasileiro em um momento hist\u00f3rico. Aos 88 anos, Martinho da Vila decidiu reduzir o ritmo das longas excurs\u00f5es \u2014 e escolheu dividir essa \u00faltima jornada com a filha, Mart&#8217;n\u00e1lia.<\/p>\n\n\n\n<p>A s\u00e9rie de shows, que come\u00e7a no dia 30 de maio no Rio de Janeiro, deve passar por cerca de 30 cidades brasileiras, incluindo Bras\u00edlia, S\u00e3o Paulo, Belo Horizonte, Recife e Salvador. A proposta vai al\u00e9m da m\u00fasica: \u00e9 um reencontro com a pr\u00f3pria hist\u00f3ria e com o p\u00fablico que acompanhou d\u00e9cadas de carreira.<\/p>\n\n\n\n<p>\ud83d\udcc4 Fonte:<\/p>\n\n\n\n<hr class=\"wp-block-separator has-alpha-channel-opacity\"\/>\n\n\n\n<h3 class=\"wp-block-heading\">Um legado constru\u00eddo no palco \u2014 e em fam\u00edlia<\/h3>\n\n\n\n<p>A rela\u00e7\u00e3o entre pai e filha na m\u00fasica come\u00e7ou de forma espont\u00e2nea. Ainda jovem, Mart\u2019n\u00e1lia subia ao palco com o pai sem imaginar que seguiria carreira art\u00edstica. Com o tempo, o conv\u00edvio nos bastidores e nas rodas de samba moldou sua identidade musical.<\/p>\n\n\n\n<p>\u201cJ\u00e1 nasci puxando tudo dele\u201d, resume a cantora, ao lembrar da influ\u00eancia direta de Martinho em sua trajet\u00f3ria.<\/p>\n\n\n\n<p>Apesar da proximidade, esta ser\u00e1 a primeira turn\u00ea estruturada da dupla \u2014 um desejo antigo que s\u00f3 agora se concretiza, com um significado ainda mais simb\u00f3lico.<\/p>\n\n\n\n<hr class=\"wp-block-separator has-alpha-channel-opacity\"\/>\n\n\n\n<h3 class=\"wp-block-heading\">A decis\u00e3o de desacelerar<\/h3>\n\n\n\n<p>Longe de ser motivada por cansa\u00e7o, a decis\u00e3o de Martinho reflete maturidade e consci\u00eancia de trajet\u00f3ria. O artista segue ativo, compondo e sendo requisitado, mas optou por reduzir a intensidade das viagens.<\/p>\n\n\n\n<p>\u201cSaber parar \u00e9 uma virtude\u201d, afirma o sambista, ao explicar que prefere encerrar esse ciclo em alta, mantendo o respeito do p\u00fablico e a relev\u00e2ncia conquistada ao longo dos anos.<\/p>\n\n\n\n<p>Ap\u00f3s a turn\u00ea, ele pretende realizar apenas apresenta\u00e7\u00f5es pontuais em cidades espec\u00edficas.<\/p>\n\n\n\n<hr class=\"wp-block-separator has-alpha-channel-opacity\"\/>\n\n\n\n<h3 class=\"wp-block-heading\">Repert\u00f3rio afetivo e encontros no palco<\/h3>\n\n\n\n<p>Os shows ser\u00e3o divididos em tr\u00eas momentos:<\/p>\n\n\n\n<ul class=\"wp-block-list\">\n<li>um bloco solo de Martinho<\/li>\n\n\n\n<li>um bloco solo de Mart\u2019n\u00e1lia<\/li>\n\n\n\n<li>um terceiro com os dois juntos<\/li>\n<\/ul>\n\n\n\n<p>O repert\u00f3rio ainda est\u00e1 em constru\u00e7\u00e3o, mas deve reunir cl\u00e1ssicos, mem\u00f3rias e can\u00e7\u00f5es que marcaram a rela\u00e7\u00e3o entre os dois \u2014 com espa\u00e7o para improviso, marca registrada de ambos.<\/p>\n\n\n\n<hr class=\"wp-block-separator has-alpha-channel-opacity\"\/>\n\n\n\n<h3 class=\"wp-block-heading\">Datas e passagem por Bras\u00edlia<\/h3>\n\n\n\n<p>Entre os destaques da turn\u00ea, est\u00e1 a apresenta\u00e7\u00e3o em Bras\u00edlia:<\/p>\n\n\n\n<p>\ud83d\udccd 18 de julho \u2014 Na Praia Festival<\/p>\n\n\n\n<p>Outras cidades confirmadas incluem:<\/p>\n\n\n\n<ul class=\"wp-block-list\">\n<li>Rio de Janeiro (estreia e encerramento)<\/li>\n\n\n\n<li>S\u00e3o Paulo<\/li>\n\n\n\n<li>Belo Horizonte<\/li>\n\n\n\n<li>Fortaleza<\/li>\n\n\n\n<li>Recife<\/li>\n\n\n\n<li>Salvador<\/li>\n<\/ul>\n","protected":false},"excerpt":{"rendered":"<p>A despedida dos grandes palcos ganha contornos emocionais na nova turn\u00ea \u201cPai e Filha\u201d, que une duas gera\u00e7\u00f5es do samba brasileiro em um momento hist\u00f3rico. Aos 88 anos, Martinho da Vila decidiu reduzir o ritmo das longas excurs\u00f5es \u2014 e escolheu dividir essa \u00faltima jornada com a filha, Mart&#8217;n\u00e1lia. A s\u00e9rie de shows, que come\u00e7a [&hellip;]<\/p>\n","protected":false},"author":777,"featured_media":18107,"comment_status":"open","ping_status":"open","sticky":false,"template":"","format":"standard","meta":{"_monsterinsights_skip_tracking":false,"_monsterinsights_sitenote_active":false,"_monsterinsights_sitenote_note":"","_monsterinsights_sitenote_category":0,"footnotes":""},"categories":[6],"tags":[8520,8518,6111,6104,6257,8519,8522,8521],"class_list":["post-18106","post","type-post","status-publish","format-standard","has-post-thumbnail","hentry","category-music","tag-despedida-turne","tag-martinho-da-vila","tag-martnalia","tag-mpb-2","tag-musica-brasileira","tag-samba-brasileiro","tag-shows-2026","tag-turne-pai-e-filha"],"_links":{"self":[{"href":"https:\/\/cidadecult.com.br\/index.php?rest_route=\/wp\/v2\/posts\/18106","targetHints":{"allow":["GET"]}}],"collection":[{"href":"https:\/\/cidadecult.com.br\/index.php?rest_route=\/wp\/v2\/posts"}],"about":[{"href":"https:\/\/cidadecult.com.br\/index.php?rest_route=\/wp\/v2\/types\/post"}],"author":[{"embeddable":true,"href":"https:\/\/cidadecult.com.br\/index.php?rest_route=\/wp\/v2\/users\/777"}],"replies":[{"embeddable":true,"href":"https:\/\/cidadecult.com.br\/index.php?rest_route=%2Fwp%2Fv2%2Fcomments&post=18106"}],"version-history":[{"count":1,"href":"https:\/\/cidadecult.com.br\/index.php?rest_route=\/wp\/v2\/posts\/18106\/revisions"}],"predecessor-version":[{"id":18108,"href":"https:\/\/cidadecult.com.br\/index.php?rest_route=\/wp\/v2\/posts\/18106\/revisions\/18108"}],"wp:featuredmedia":[{"embeddable":true,"href":"https:\/\/cidadecult.com.br\/index.php?rest_route=\/wp\/v2\/media\/18107"}],"wp:attachment":[{"href":"https:\/\/cidadecult.com.br\/index.php?rest_route=%2Fwp%2Fv2%2Fmedia&parent=18106"}],"wp:term":[{"taxonomy":"category","embeddable":true,"href":"https:\/\/cidadecult.com.br\/index.php?rest_route=%2Fwp%2Fv2%2Fcategories&post=18106"},{"taxonomy":"post_tag","embeddable":true,"href":"https:\/\/cidadecult.com.br\/index.php?rest_route=%2Fwp%2Fv2%2Ftags&post=18106"}],"curies":[{"name":"wp","href":"https:\/\/api.w.org\/{rel}","templated":true}]}}