{"id":18101,"date":"2026-04-27T16:38:41","date_gmt":"2026-04-27T19:38:41","guid":{"rendered":"https:\/\/cidadecult.com.br\/?p=18101"},"modified":"2026-04-27T16:38:43","modified_gmt":"2026-04-27T19:38:43","slug":"feriado-com-axe-micare-2026-agita-brasilia-com-grandes-nomes-da-musica-1-e-2-de-maio-estacionamento-da-arena-mane-garrincha","status":"publish","type":"post","link":"https:\/\/cidadecult.com.br\/?p=18101","title":{"rendered":"Feriado com ax\u00e9: Micar\u00ea 2026 agita Bras\u00edlia com grandes nomes da m\u00fasica &#8211; 1 e 2 de maio &#8211; Estacionamento da Arena Man\u00e9 Garrincha"},"content":{"rendered":"\n<p>Bras\u00edlia entra no clima de micareta e se prepara para um dos eventos mais vibrantes do calend\u00e1rio cultural. O <strong>Festival Micar\u00ea 2026<\/strong> acontece nos dias 1\u00ba e 2 de maio, durante o feriado do Dia do Trabalhador, prometendo transformar o estacionamento da Arena BRB Man\u00e9 Garrincha em um verdadeiro circuito de carnaval fora de \u00e9poca.<\/p>\n\n\n\n<p>Com trios el\u00e9tricos, abad\u00e1s e uma energia contagiante, o evento re\u00fane artistas que marcaram gera\u00e7\u00f5es do ax\u00e9 e seguem arrastando multid\u00f5es pelo pa\u00eds.<\/p>\n\n\n\n<figure class=\"wp-block-image size-large\"><img loading=\"lazy\" decoding=\"async\" width=\"683\" height=\"1024\" src=\"https:\/\/cidadecult.com.br\/wp-content\/uploads\/2026\/04\/durval-lellis-683x1024.jpg\" alt=\"\" class=\"wp-image-18104\" srcset=\"https:\/\/cidadecult.com.br\/wp-content\/uploads\/2026\/04\/durval-lellis-683x1024.jpg 683w, https:\/\/cidadecult.com.br\/wp-content\/uploads\/2026\/04\/durval-lellis-200x300.jpg 200w, https:\/\/cidadecult.com.br\/wp-content\/uploads\/2026\/04\/durval-lellis-768x1152.jpg 768w, https:\/\/cidadecult.com.br\/wp-content\/uploads\/2026\/04\/durval-lellis-750x1125.jpg 750w, https:\/\/cidadecult.com.br\/wp-content\/uploads\/2026\/04\/durval-lellis.jpg 800w\" sizes=\"auto, (max-width: 683px) 100vw, 683px\" \/><\/figure>\n\n\n\n<h3 class=\"wp-block-heading\">Line-up re\u00fane \u00edcones e novas gera\u00e7\u00f5es<\/h3>\n\n\n\n<p>Entre os destaques, nomes consagrados como Bell Marques e Durval Lelys comandam a festa nos dois dias, refor\u00e7ando o DNA da micareta.<\/p>\n\n\n\n<p>O festival tamb\u00e9m traz atra\u00e7\u00f5es que mant\u00eam o g\u00eanero vivo e em constante renova\u00e7\u00e3o, como Xanddy, Tomate, Rafa e Pipo Marques e Timbalada.<\/p>\n\n\n\n<p>A proposta \u00e9 clara: unir tradi\u00e7\u00e3o e novidade em uma experi\u00eancia coletiva que vai al\u00e9m dos shows.<\/p>\n\n\n\n<h3 class=\"wp-block-heading\">Muito al\u00e9m da m\u00fasica<\/h3>\n\n\n\n<p>Mais do que um festival, o Micar\u00ea aposta na constru\u00e7\u00e3o de mem\u00f3rias afetivas. A ideia \u00e9 recriar a atmosfera \u00fanica das micaretas, onde o p\u00fablico n\u00e3o apenas assiste \u2014 mas participa, se conecta e compartilha.<\/p>\n\n\n\n<p>\u201cH\u00e1 viv\u00eancias que n\u00e3o cabem em explica\u00e7\u00f5es racionais. Passam pelo corpo, pela identidade e pelo encontro\u201d, destaca a organiza\u00e7\u00e3o do evento, refor\u00e7ando o car\u00e1ter emocional e coletivo da festa.<\/p>\n\n\n\n<h3 class=\"wp-block-heading\">Estrutura para diferentes experi\u00eancias<\/h3>\n\n\n\n<p>O p\u00fablico poder\u00e1 escolher entre diferentes formatos:<\/p>\n\n\n\n<ul class=\"wp-block-list\">\n<li><strong>Camarote<\/strong>: vis\u00e3o privilegiada e mais conforto<\/li>\n\n\n\n<li><strong>Atr\u00e1s do trio<\/strong>: experi\u00eancia intensa, pr\u00f3xima dos artistas<\/li>\n<\/ul>\n\n\n\n<p>A escolha do feriado prolongado contribui para uma imers\u00e3o completa, transformando o evento em um dos grandes momentos de lazer do in\u00edcio de maio na capital.<\/p>\n\n\n\n<h3 class=\"wp-block-heading\">Programa\u00e7\u00e3o<\/h3>\n\n\n\n<p><strong>1\u00ba de maio (sexta):<\/strong><br>Tuca, Rafa &amp; Pipo, Durval Lelys, Bell Marques e Xanddy<\/p>\n\n\n\n<p><strong>2 de maio (s\u00e1bado):<\/strong><br>Filhos do Brasil, Durval Lelys, Bell Marques, Tomate e Timbalada<\/p>\n\n\n\n<figure class=\"wp-block-image size-full\"><img loading=\"lazy\" decoding=\"async\" width=\"800\" height=\"533\" src=\"https:\/\/cidadecult.com.br\/wp-content\/uploads\/2026\/04\/bell-marques.jpg\" alt=\"\" class=\"wp-image-18103\" srcset=\"https:\/\/cidadecult.com.br\/wp-content\/uploads\/2026\/04\/bell-marques.jpg 800w, https:\/\/cidadecult.com.br\/wp-content\/uploads\/2026\/04\/bell-marques-300x200.jpg 300w, https:\/\/cidadecult.com.br\/wp-content\/uploads\/2026\/04\/bell-marques-768x512.jpg 768w, https:\/\/cidadecult.com.br\/wp-content\/uploads\/2026\/04\/bell-marques-750x500.jpg 750w\" sizes=\"auto, (max-width: 800px) 100vw, 800px\" \/><\/figure>\n\n\n\n<h3 class=\"wp-block-heading\">Servi\u00e7o<\/h3>\n\n\n\n<p>\ud83d\udccd Local: Estacionamento da Arena BRB Man\u00e9 Garrincha<br>\ud83d\udcc5 Datas: 1\u00ba e 2 de maio<br>\ud83c\udf9f\ufe0f Ingressos: a partir de R$ 210 (sexta) e R$ 220 (s\u00e1bado)<br>\ud83d\udd1e Classifica\u00e7\u00e3o: 18 anos<\/p>\n","protected":false},"excerpt":{"rendered":"<p>Bras\u00edlia entra no clima de micareta e se prepara para um dos eventos mais vibrantes do calend\u00e1rio cultural. O Festival Micar\u00ea 2026 acontece nos dias 1\u00ba e 2 de maio, durante o feriado do Dia do Trabalhador, prometendo transformar o estacionamento da Arena BRB Man\u00e9 Garrincha em um verdadeiro circuito de carnaval fora de \u00e9poca. [&hellip;]<\/p>\n","protected":false},"author":777,"featured_media":18102,"comment_status":"open","ping_status":"open","sticky":false,"template":"","format":"standard","meta":{"_monsterinsights_skip_tracking":false,"_monsterinsights_sitenote_active":false,"_monsterinsights_sitenote_note":"","_monsterinsights_sitenote_category":0,"footnotes":""},"categories":[8468,3],"tags":[8513,8517,6469,6458,8515,8516,8514,8511,8512],"class_list":["post-18101","post","type-post","status-publish","format-standard","has-post-thumbnail","hentry","category-calendario-brasilia","category-entertainment","tag-axe-brasilia","tag-bell-marques-brasilia","tag-carnaval-fora-de-epoca","tag-durval-lelys","tag-eventos-df","tag-festa-brasilia","tag-festival-micare-2026","tag-micare-brasilia","tag-shows-brasilia"],"_links":{"self":[{"href":"https:\/\/cidadecult.com.br\/index.php?rest_route=\/wp\/v2\/posts\/18101","targetHints":{"allow":["GET"]}}],"collection":[{"href":"https:\/\/cidadecult.com.br\/index.php?rest_route=\/wp\/v2\/posts"}],"about":[{"href":"https:\/\/cidadecult.com.br\/index.php?rest_route=\/wp\/v2\/types\/post"}],"author":[{"embeddable":true,"href":"https:\/\/cidadecult.com.br\/index.php?rest_route=\/wp\/v2\/users\/777"}],"replies":[{"embeddable":true,"href":"https:\/\/cidadecult.com.br\/index.php?rest_route=%2Fwp%2Fv2%2Fcomments&post=18101"}],"version-history":[{"count":1,"href":"https:\/\/cidadecult.com.br\/index.php?rest_route=\/wp\/v2\/posts\/18101\/revisions"}],"predecessor-version":[{"id":18105,"href":"https:\/\/cidadecult.com.br\/index.php?rest_route=\/wp\/v2\/posts\/18101\/revisions\/18105"}],"wp:featuredmedia":[{"embeddable":true,"href":"https:\/\/cidadecult.com.br\/index.php?rest_route=\/wp\/v2\/media\/18102"}],"wp:attachment":[{"href":"https:\/\/cidadecult.com.br\/index.php?rest_route=%2Fwp%2Fv2%2Fmedia&parent=18101"}],"wp:term":[{"taxonomy":"category","embeddable":true,"href":"https:\/\/cidadecult.com.br\/index.php?rest_route=%2Fwp%2Fv2%2Fcategories&post=18101"},{"taxonomy":"post_tag","embeddable":true,"href":"https:\/\/cidadecult.com.br\/index.php?rest_route=%2Fwp%2Fv2%2Ftags&post=18101"}],"curies":[{"name":"wp","href":"https:\/\/api.w.org\/{rel}","templated":true}]}}