{"id":18080,"date":"2026-04-27T16:13:59","date_gmt":"2026-04-27T19:13:59","guid":{"rendered":"https:\/\/cidadecult.com.br\/?p=18080"},"modified":"2026-04-27T16:14:01","modified_gmt":"2026-04-27T19:14:01","slug":"live-tira-duvidas-sobre-a-chamada-brasilidades-futuros-acontece-nesta-terca-28","status":"publish","type":"post","link":"https:\/\/cidadecult.com.br\/?p=18080","title":{"rendered":"Live tira-d\u00favidas sobre a chamada \u201cBrasilidades &amp; Futuros\u201d acontece nesta ter\u00e7a (28)"},"content":{"rendered":"\n<p>Produtores culturais, artistas e coletivos de todo o Brasil t\u00eam um encontro marcado nesta ter\u00e7a-feira, 28 de abril, \u00e0s 19h. Uma transmiss\u00e3o ao vivo vai apresentar detalhes e esclarecer d\u00favidas sobre a chamada p\u00fablica <strong>Brasilidades &amp; Futuros<\/strong>, iniciativa que selecionar\u00e1 projetos para integrar a programa\u00e7\u00e3o do Futuros \u2013 Arte e Tecnologia.<\/p>\n\n\n\n<p>O evento ser\u00e1 online, gratuito e transmitido via YouTube. Para participar, basta garantir o acesso por meio da retirada de ingresso digital.<\/p>\n\n\n\n<h3 class=\"wp-block-heading\">Oportunidade para artistas de todo o pa\u00eds<\/h3>\n\n\n\n<p>A chamada p\u00fablica contempla projetos nas \u00e1reas de:<\/p>\n\n\n\n<ul class=\"wp-block-list\">\n<li>artes c\u00eanicas<\/li>\n\n\n\n<li>artes visuais<\/li>\n\n\n\n<li>m\u00fasica<\/li>\n<\/ul>\n\n\n\n<p>As propostas selecionadas far\u00e3o parte da programa\u00e7\u00e3o do centro cultural entre agosto de 2026 e abril de 2027, no Rio de Janeiro.<\/p>\n\n\n\n<p>O Futuros \u2013 Arte e Tecnologia se destaca por incentivar produ\u00e7\u00f5es contempor\u00e2neas e experimentais, reunindo diferentes linguagens art\u00edsticas em um espa\u00e7o que conecta arte, tecnologia e reflex\u00e3o social.<\/p>\n\n\n\n<h3 class=\"wp-block-heading\">Incentivo \u00e0 experimenta\u00e7\u00e3o e diversidade<\/h3>\n\n\n\n<p>A iniciativa busca valorizar:<\/p>\n\n\n\n<ul class=\"wp-block-list\">\n<li>processos colaborativos<\/li>\n\n\n\n<li>inova\u00e7\u00e3o est\u00e9tica<\/li>\n\n\n\n<li>experi\u00eancias culturais h\u00edbridas<\/li>\n\n\n\n<li>novas cenas art\u00edsticas brasileiras<\/li>\n<\/ul>\n\n\n\n<p>Um dos diferenciais \u00e9 que os projetos selecionados ser\u00e3o contratados diretamente, sem necessidade de enquadramento em leis de incentivo.<\/p>\n\n\n\n<h3 class=\"wp-block-heading\">Inscri\u00e7\u00f5es abertas at\u00e9 maio<\/h3>\n\n\n\n<p>As inscri\u00e7\u00f5es s\u00e3o gratuitas e seguem abertas at\u00e9:<br>\ud83d\udcc5 <strong>20 de maio de 2026 (at\u00e9 17h)<\/strong><\/p>\n\n\n\n<p>O resultado ser\u00e1 divulgado em:<br>\ud83d\udcc5 <strong>9 de julho de 2026<\/strong><\/p>\n\n\n\n<p>A chamada \u00e9 realizada pelo Minist\u00e9rio da Cultura, com patroc\u00ednio da Petrobras via Lei Rouanet.<\/p>\n\n\n\n<h3 class=\"wp-block-heading\">Sobre o espa\u00e7o cultural<\/h3>\n\n\n\n<p>O Futuros \u2013 Arte e Tecnologia re\u00fane:<\/p>\n\n\n\n<ul class=\"wp-block-list\">\n<li>tr\u00eas galerias<\/li>\n\n\n\n<li>teatro multiuso<\/li>\n\n\n\n<li>\u00e1reas de eventos<\/li>\n\n\n\n<li>o Musehum \u2013 Museu das Comunica\u00e7\u00f5es e Humanidades<\/li>\n<\/ul>\n\n\n\n<p>Com mais de 130 mil itens em acervo, o museu oferece experi\u00eancias interativas sobre o impacto das tecnologias na sociedade.<\/p>\n\n\n\n<p>A programa\u00e7\u00e3o do espa\u00e7o \u00e9 gratuita e aborda temas como meio ambiente, diversidade, ancestralidade e inova\u00e7\u00e3o tecnol\u00f3gica \u2014 um convite constante \u00e0 reflex\u00e3o contempor\u00e2nea.<\/p>\n","protected":false},"excerpt":{"rendered":"<p>Produtores culturais, artistas e coletivos de todo o Brasil t\u00eam um encontro marcado nesta ter\u00e7a-feira, 28 de abril, \u00e0s 19h. Uma transmiss\u00e3o ao vivo vai apresentar detalhes e esclarecer d\u00favidas sobre a chamada p\u00fablica Brasilidades &amp; Futuros, iniciativa que selecionar\u00e1 projetos para integrar a programa\u00e7\u00e3o do Futuros \u2013 Arte e Tecnologia. O evento ser\u00e1 online, [&hellip;]<\/p>\n","protected":false},"author":777,"featured_media":18088,"comment_status":"open","ping_status":"open","sticky":false,"template":"","format":"standard","meta":{"_monsterinsights_skip_tracking":false,"_monsterinsights_sitenote_active":false,"_monsterinsights_sitenote_note":"","_monsterinsights_sitenote_category":0,"footnotes":""},"categories":[2569],"tags":[6374,8057,6376,8055,8508,6384,8507,8509,8510],"class_list":["post-18080","post","type-post","status-publish","format-standard","has-post-thumbnail","hentry","category-arte","tag-arte-contemporanea","tag-arte-e-tecnologia","tag-artistas-brasileiros","tag-brasilidades-e-futuros","tag-chamada-publica-cultura","tag-cultura-brasileira","tag-editais-culturais-2026","tag-oportunidades-culturais","tag-rio-de-janeiro-cultura"],"_links":{"self":[{"href":"https:\/\/cidadecult.com.br\/index.php?rest_route=\/wp\/v2\/posts\/18080","targetHints":{"allow":["GET"]}}],"collection":[{"href":"https:\/\/cidadecult.com.br\/index.php?rest_route=\/wp\/v2\/posts"}],"about":[{"href":"https:\/\/cidadecult.com.br\/index.php?rest_route=\/wp\/v2\/types\/post"}],"author":[{"embeddable":true,"href":"https:\/\/cidadecult.com.br\/index.php?rest_route=\/wp\/v2\/users\/777"}],"replies":[{"embeddable":true,"href":"https:\/\/cidadecult.com.br\/index.php?rest_route=%2Fwp%2Fv2%2Fcomments&post=18080"}],"version-history":[{"count":1,"href":"https:\/\/cidadecult.com.br\/index.php?rest_route=\/wp\/v2\/posts\/18080\/revisions"}],"predecessor-version":[{"id":18089,"href":"https:\/\/cidadecult.com.br\/index.php?rest_route=\/wp\/v2\/posts\/18080\/revisions\/18089"}],"wp:featuredmedia":[{"embeddable":true,"href":"https:\/\/cidadecult.com.br\/index.php?rest_route=\/wp\/v2\/media\/18088"}],"wp:attachment":[{"href":"https:\/\/cidadecult.com.br\/index.php?rest_route=%2Fwp%2Fv2%2Fmedia&parent=18080"}],"wp:term":[{"taxonomy":"category","embeddable":true,"href":"https:\/\/cidadecult.com.br\/index.php?rest_route=%2Fwp%2Fv2%2Fcategories&post=18080"},{"taxonomy":"post_tag","embeddable":true,"href":"https:\/\/cidadecult.com.br\/index.php?rest_route=%2Fwp%2Fv2%2Ftags&post=18080"}],"curies":[{"name":"wp","href":"https:\/\/api.w.org\/{rel}","templated":true}]}}