{"id":18077,"date":"2026-04-27T11:30:11","date_gmt":"2026-04-27T14:30:11","guid":{"rendered":"https:\/\/cidadecult.com.br\/?p=18077"},"modified":"2026-04-27T11:30:12","modified_gmt":"2026-04-27T14:30:12","slug":"henrique-juliano-trazem-a-turne-manifesto-musical-para-brasilia-12-de-setembro-arena-mane-garrincha","status":"publish","type":"post","link":"https:\/\/cidadecult.com.br\/?p=18077","title":{"rendered":"Henrique &amp; Juliano trazem a turn\u00ea Manifesto Musical para Bras\u00edlia &#8211; 12 de setembro &#8211; Arena Man\u00e9 Garrincha"},"content":{"rendered":"\n<p>Henrique &amp; Juliano desembarcam em Bras\u00edlia com a turn\u00ea <strong>Manifesto Musical<\/strong>, no dia <strong>12 de setembro de 2026<\/strong>, \u00e0s <strong>21h<\/strong>, na <strong>Arena BRB Man\u00e9 Garrincha<\/strong>. A apresenta\u00e7\u00e3o integra o novo projeto nacional da dupla, que chega \u00e0 capital ap\u00f3s marcar o in\u00edcio da turn\u00ea no Maracan\u00e3, no Rio de Janeiro, diante de mais de 60 mil pessoas.<\/p>\n\n\n\n<p>Com ingressos esgotados em grandes est\u00e1dios, incluindo apresenta\u00e7\u00f5es no Allianz Parque, em S\u00e3o Paulo, o <strong>Manifesto Musical<\/strong> celebra uma trajet\u00f3ria constru\u00edda com autenticidade, repert\u00f3rio popular e forte conex\u00e3o com o p\u00fablico.<\/p>\n\n\n\n<p>A proposta vai al\u00e9m de um show: \u00e9 uma declara\u00e7\u00e3o art\u00edstica da dupla, reunindo sucessos que atravessaram os \u00faltimos anos e momentos pensados para emocionar os f\u00e3s. Em Bras\u00edlia, a expectativa \u00e9 de uma apresenta\u00e7\u00e3o grandiosa, com produ\u00e7\u00e3o especial e clima de encontro hist\u00f3rico para quem acompanha Henrique &amp; Juliano.<\/p>\n\n\n\n<p><strong>Servi\u00e7o<\/strong><br><strong>Evento:<\/strong> Henrique &amp; Juliano \u2014 Manifesto Musical Bras\u00edlia<br><strong>Data:<\/strong> 12 de setembro de 2026<br><strong>Hor\u00e1rio:<\/strong> 21h<br><strong>Local:<\/strong> Arena BRB Man\u00e9 Garrincha \u2014 Bras\u00edlia\/DF<br><strong>Ingressos:<\/strong> dispon\u00edveis pela Guich\u00ea Web.<\/p>\n","protected":false},"excerpt":{"rendered":"<p>Henrique &amp; Juliano desembarcam em Bras\u00edlia com a turn\u00ea Manifesto Musical, no dia 12 de setembro de 2026, \u00e0s 21h, na Arena BRB Man\u00e9 Garrincha. A apresenta\u00e7\u00e3o integra o novo projeto nacional da dupla, que chega \u00e0 capital ap\u00f3s marcar o in\u00edcio da turn\u00ea no Maracan\u00e3, no Rio de Janeiro, diante de mais de 60 [&hellip;]<\/p>\n","protected":false},"author":777,"featured_media":18078,"comment_status":"open","ping_status":"open","sticky":false,"template":"","format":"standard","meta":{"_monsterinsights_skip_tracking":false,"_monsterinsights_sitenote_active":false,"_monsterinsights_sitenote_note":"","_monsterinsights_sitenote_category":0,"footnotes":""},"categories":[8328,8468],"tags":[8332,8469,8504,8505,7696,1527,7134],"class_list":["post-18077","post","type-post","status-publish","format-standard","has-post-thumbnail","hentry","category-agenda-brasilia","category-calendario-brasilia","tag-agenda-brasilia","tag-arena-brb-mane-garrincha","tag-henrique-e-juliano","tag-manifesto-musical","tag-musica-sertaneja","tag-sertanejo","tag-show-em-brasilia"],"_links":{"self":[{"href":"https:\/\/cidadecult.com.br\/index.php?rest_route=\/wp\/v2\/posts\/18077","targetHints":{"allow":["GET"]}}],"collection":[{"href":"https:\/\/cidadecult.com.br\/index.php?rest_route=\/wp\/v2\/posts"}],"about":[{"href":"https:\/\/cidadecult.com.br\/index.php?rest_route=\/wp\/v2\/types\/post"}],"author":[{"embeddable":true,"href":"https:\/\/cidadecult.com.br\/index.php?rest_route=\/wp\/v2\/users\/777"}],"replies":[{"embeddable":true,"href":"https:\/\/cidadecult.com.br\/index.php?rest_route=%2Fwp%2Fv2%2Fcomments&post=18077"}],"version-history":[{"count":1,"href":"https:\/\/cidadecult.com.br\/index.php?rest_route=\/wp\/v2\/posts\/18077\/revisions"}],"predecessor-version":[{"id":18079,"href":"https:\/\/cidadecult.com.br\/index.php?rest_route=\/wp\/v2\/posts\/18077\/revisions\/18079"}],"wp:featuredmedia":[{"embeddable":true,"href":"https:\/\/cidadecult.com.br\/index.php?rest_route=\/wp\/v2\/media\/18078"}],"wp:attachment":[{"href":"https:\/\/cidadecult.com.br\/index.php?rest_route=%2Fwp%2Fv2%2Fmedia&parent=18077"}],"wp:term":[{"taxonomy":"category","embeddable":true,"href":"https:\/\/cidadecult.com.br\/index.php?rest_route=%2Fwp%2Fv2%2Fcategories&post=18077"},{"taxonomy":"post_tag","embeddable":true,"href":"https:\/\/cidadecult.com.br\/index.php?rest_route=%2Fwp%2Fv2%2Ftags&post=18077"}],"curies":[{"name":"wp","href":"https:\/\/api.w.org\/{rel}","templated":true}]}}