{"id":18070,"date":"2026-04-27T11:21:46","date_gmt":"2026-04-27T14:21:46","guid":{"rendered":"https:\/\/cidadecult.com.br\/?p=18070"},"modified":"2026-04-27T11:27:39","modified_gmt":"2026-04-27T14:27:39","slug":"%f0%9f%8e%b8-porao-do-rock-2026-tradicao-atitude-e-diversidade","status":"publish","type":"post","link":"https:\/\/cidadecult.com.br\/?p=18070","title":{"rendered":"\ud83c\udfb8 Por\u00e3o do Rock 2026: tradi\u00e7\u00e3o, atitude e diversidade &#8211; 22 e 23 de maio &#8211; Estacionamento da Arena Man\u00e9 Garrincha"},"content":{"rendered":"\n<p>Com um DNA que mistura m\u00fasica, comportamento e express\u00e3o cultural, o festival segue como vitrine para diferentes vertentes do rock \u2014 do punk ao metal, do indie ao hardcore \u2014 conectando gera\u00e7\u00f5es e ampliando horizontes.<\/p>\n\n\n\n<p>Ao longo dos anos, o Por\u00e3o j\u00e1 trouxe ao Brasil nomes internacionais como Muse, The Hives, Suicidal Tendencies e Stone Temple Pilots, al\u00e9m de gigantes nacionais como Sepultura, Pitty, Raimundos, CPM 22, Planet Hemp e BaianaSystem.<\/p>\n\n\n\n<hr class=\"wp-block-separator has-alpha-channel-opacity\"\/>\n\n\n\n<h2 class=\"wp-block-heading\">\ud83d\udd25 O que esperar da edi\u00e7\u00e3o 2026<\/h2>\n\n\n\n<p>A 27\u00aa edi\u00e7\u00e3o chega ainda mais robusta e imersiva, ampliando a experi\u00eancia do p\u00fablico:<\/p>\n\n\n\n<ul class=\"wp-block-list\">\n<li><strong>3 palcos simult\u00e2neos<\/strong> com mais de 30 bandas<\/li>\n\n\n\n<li><strong>Line-up nacional e internacional<\/strong> com diversidade de estilos<\/li>\n\n\n\n<li><strong>Estrutura renovada<\/strong> com foco em conforto e acessibilidade<\/li>\n\n\n\n<li><strong>Under Lounge<\/strong>, espa\u00e7o premium com DJs e experi\u00eancias exclusivas<\/li>\n\n\n\n<li><strong>Pra\u00e7a de Esportes Urbanos<\/strong>, com skate, parkour, escalada e slackline<\/li>\n<\/ul>\n\n\n\n<hr class=\"wp-block-separator has-alpha-channel-opacity\"\/>\n\n\n\n<h2 class=\"wp-block-heading\">\ud83c\udfdf\ufe0f Estrutura ampliada<\/h2>\n\n\n\n<p>O festival ocupar\u00e1 uma \u00e1rea de aproximadamente <strong>30 mil m\u00b2<\/strong>, consolidando-se como um verdadeiro complexo cultural:<\/p>\n\n\n\n<ul class=\"wp-block-list\">\n<li>Palcos para shows simult\u00e2neos<\/li>\n\n\n\n<li>\u00c1rea gastron\u00f4mica diversificada<\/li>\n\n\n\n<li>Espa\u00e7os de conviv\u00eancia e experi\u00eancias<\/li>\n\n\n\n<li>Atividades esportivas integradas ao evento<\/li>\n<\/ul>\n\n\n\n<hr class=\"wp-block-separator has-alpha-channel-opacity\"\/>\n\n\n\n<h2 class=\"wp-block-heading\">\ud83d\udccd Servi\u00e7o<\/h2>\n\n\n\n<p><strong>\ud83d\udcc5 Datas:<\/strong> 22 e 23 de maio de 2026<br><strong>\ud83d\udccc Local:<\/strong> Estacionamento da Arena BRB Man\u00e9 Garrincha<br><strong>\ud83c\udf9f\ufe0f Ingressos:<\/strong> dispon\u00edveis online<\/p>\n\n\n\n<hr class=\"wp-block-separator has-alpha-channel-opacity\"\/>\n\n\n\n<h2 class=\"wp-block-heading\">\ud83e\udd18 Um festival que \u00e9 identidade de Bras\u00edlia<\/h2>\n\n\n\n<p>Mais do que m\u00fasica, o Por\u00e3o do Rock \u00e9 parte da identidade cultural da capital. Um espa\u00e7o onde novas bandas ganham visibilidade, grandes nomes se reencontram com o p\u00fablico e a diversidade se manifesta em todas as suas formas.<\/p>\n\n\n\n<p>Seja para quem acompanha h\u00e1 anos ou para quem vai viver a experi\u00eancia pela primeira vez, a edi\u00e7\u00e3o de 2026 promete dois dias intensos, barulhentos e inesquec\u00edveis.<\/p>\n","protected":false},"excerpt":{"rendered":"<p>Com um DNA que mistura m\u00fasica, comportamento e express\u00e3o cultural, o festival segue como vitrine para diferentes vertentes do rock \u2014 do punk ao metal, do indie ao hardcore \u2014 conectando gera\u00e7\u00f5es e ampliando horizontes. Ao longo dos anos, o Por\u00e3o j\u00e1 trouxe ao Brasil nomes internacionais como Muse, The Hives, Suicidal Tendencies e Stone [&hellip;]<\/p>\n","protected":false},"author":777,"featured_media":18071,"comment_status":"open","ping_status":"open","sticky":false,"template":"","format":"standard","meta":{"_monsterinsights_skip_tracking":false,"_monsterinsights_sitenote_active":false,"_monsterinsights_sitenote_note":"","_monsterinsights_sitenote_category":0,"footnotes":""},"categories":[8328,8468],"tags":[6544,8493,8494,8492,8497,8496,8495],"class_list":["post-18070","post","type-post","status-publish","format-standard","has-post-thumbnail","hentry","category-agenda-brasilia","category-calendario-brasilia","tag-agenda-cultural-brasilia","tag-arena-brb-eventos","tag-festival-de-rock-df","tag-porao-do-rock-brasilia","tag-porao-do-rock-ingressos","tag-rock-nacional-e-internacional","tag-shows-em-brasilia-2026"],"_links":{"self":[{"href":"https:\/\/cidadecult.com.br\/index.php?rest_route=\/wp\/v2\/posts\/18070","targetHints":{"allow":["GET"]}}],"collection":[{"href":"https:\/\/cidadecult.com.br\/index.php?rest_route=\/wp\/v2\/posts"}],"about":[{"href":"https:\/\/cidadecult.com.br\/index.php?rest_route=\/wp\/v2\/types\/post"}],"author":[{"embeddable":true,"href":"https:\/\/cidadecult.com.br\/index.php?rest_route=\/wp\/v2\/users\/777"}],"replies":[{"embeddable":true,"href":"https:\/\/cidadecult.com.br\/index.php?rest_route=%2Fwp%2Fv2%2Fcomments&post=18070"}],"version-history":[{"count":2,"href":"https:\/\/cidadecult.com.br\/index.php?rest_route=\/wp\/v2\/posts\/18070\/revisions"}],"predecessor-version":[{"id":18073,"href":"https:\/\/cidadecult.com.br\/index.php?rest_route=\/wp\/v2\/posts\/18070\/revisions\/18073"}],"wp:featuredmedia":[{"embeddable":true,"href":"https:\/\/cidadecult.com.br\/index.php?rest_route=\/wp\/v2\/media\/18071"}],"wp:attachment":[{"href":"https:\/\/cidadecult.com.br\/index.php?rest_route=%2Fwp%2Fv2%2Fmedia&parent=18070"}],"wp:term":[{"taxonomy":"category","embeddable":true,"href":"https:\/\/cidadecult.com.br\/index.php?rest_route=%2Fwp%2Fv2%2Fcategories&post=18070"},{"taxonomy":"post_tag","embeddable":true,"href":"https:\/\/cidadecult.com.br\/index.php?rest_route=%2Fwp%2Fv2%2Ftags&post=18070"}],"curies":[{"name":"wp","href":"https:\/\/api.w.org\/{rel}","templated":true}]}}