{"id":18062,"date":"2026-04-27T11:12:35","date_gmt":"2026-04-27T14:12:35","guid":{"rendered":"https:\/\/cidadecult.com.br\/?p=18062"},"modified":"2026-04-27T11:14:36","modified_gmt":"2026-04-27T14:14:36","slug":"%f0%9f%8e%b6-djavan-em-brasilia-50-anos-de-historia-e-poesia","status":"publish","type":"post","link":"https:\/\/cidadecult.com.br\/?p=18062","title":{"rendered":"\ud83c\udfb6 Djavan em Bras\u00edlia: 50 anos de hist\u00f3ria e poesia &#8211; 27 de junho &#8211; Arena Man\u00e9 Garrincha"},"content":{"rendered":"\n<h2 class=\"wp-block-heading\"><\/h2>\n\n\n\n<p>Com uma carreira consolidada como uma das mais importantes da m\u00fasica nacional, Djavan apresenta um show que revisita suas diferentes fases, reunindo can\u00e7\u00f5es que fazem parte da mem\u00f3ria afetiva de milh\u00f5es de brasileiros.<\/p>\n\n\n\n<p>\u201cDjavanear\u201d surge como um convite \u00e0 imers\u00e3o em sua obra \u2014 um espet\u00e1culo que equilibra nostalgia e contemporaneidade, mantendo viva a ess\u00eancia de um artista que nunca deixou de se reinventar.<\/p>\n\n\n\n<hr class=\"wp-block-separator has-alpha-channel-opacity\"\/>\n\n\n\n<h2 class=\"wp-block-heading\">\ud83d\udccd Servi\u00e7o<\/h2>\n\n\n\n<p><strong>\ud83d\udcc5 Data:<\/strong> 27 de junho de 2026 (s\u00e1bado)<br><strong>\ud83d\udccc Local:<\/strong> Arena BRB Man\u00e9 Garrincha<br><strong>\u23f0 Abertura dos port\u00f5es:<\/strong> 17h<br><strong>\ud83c\udfa4 In\u00edcio do show:<\/strong> 21h<br><strong>\ud83d\udd1e Classifica\u00e7\u00e3o:<\/strong> 16 anos<br>Menores de 5 a 15 anos apenas acompanhados dos pais ou respons\u00e1veis legais.<\/p>\n\n\n\n<hr class=\"wp-block-separator has-alpha-channel-opacity\"\/>\n\n\n\n<h2 class=\"wp-block-heading\">\ud83c\udf9f\ufe0f Ingressos e bilheteria<\/h2>\n\n\n\n<p>Os ingressos est\u00e3o dispon\u00edveis com op\u00e7\u00f5es online e presencial, garantindo diferentes formas de acesso ao p\u00fablico.<\/p>\n\n\n\n<p><strong>\ud83c\udfdf\ufe0f Bilheteria oficial (sem taxa):<\/strong><br>Arena BRB Nilson Nelson (entrada pelo estacionamento do Mercado V\u00edrgula)<\/p>\n\n\n\n<p><strong>\ud83d\udd52 Funcionamento:<\/strong><\/p>\n\n\n\n<ul class=\"wp-block-list\">\n<li>Ter\u00e7a a s\u00e1bado: 10h \u00e0s 17h<\/li>\n\n\n\n<li>Fechada \u00e0s segundas, feriados e dias de eventos<\/li>\n<\/ul>\n\n\n\n<p>\u26a0\ufe0f A meia-entrada exige comprova\u00e7\u00e3o tanto na compra quanto na entrada do evento.<\/p>\n\n\n\n<p>\ud83d\udcf2 Dica: o uso do aplicativo Quentro facilita o acesso ao ingresso digital e agiliza a entrada.<\/p>\n\n\n\n<hr class=\"wp-block-separator has-alpha-channel-opacity\"\/>\n\n\n\n<h2 class=\"wp-block-heading\">\ud83c\udfa4 Uma noite para atravessar gera\u00e7\u00f5es<\/h2>\n\n\n\n<p>O show \u201cDjavanear 50 anos\u201d n\u00e3o \u00e9 apenas uma celebra\u00e7\u00e3o cronol\u00f3gica, mas um encontro entre diferentes momentos da m\u00fasica brasileira. Cada can\u00e7\u00e3o carrega nuances que dialogam com o tempo, com o p\u00fablico e com a pr\u00f3pria evolu\u00e7\u00e3o do artista.<\/p>\n\n\n\n<p>Bras\u00edlia recebe, assim, uma apresenta\u00e7\u00e3o que promete ser memor\u00e1vel \u2014 daquelas em que cada acorde ecoa hist\u00f3rias pessoais e coletivas.<\/p>\n","protected":false},"excerpt":{"rendered":"<p>Com uma carreira consolidada como uma das mais importantes da m\u00fasica nacional, Djavan apresenta um show que revisita suas diferentes fases, reunindo can\u00e7\u00f5es que fazem parte da mem\u00f3ria afetiva de milh\u00f5es de brasileiros. \u201cDjavanear\u201d surge como um convite \u00e0 imers\u00e3o em sua obra \u2014 um espet\u00e1culo que equilibra nostalgia e contemporaneidade, mantendo viva a ess\u00eancia [&hellip;]<\/p>\n","protected":false},"author":777,"featured_media":18063,"comment_status":"open","ping_status":"open","sticky":false,"template":"","format":"standard","meta":{"_monsterinsights_skip_tracking":false,"_monsterinsights_sitenote_active":false,"_monsterinsights_sitenote_note":"","_monsterinsights_sitenote_category":0,"footnotes":""},"categories":[8328,8468],"tags":[7293,8469,8481,8482,8484,6257,8483,7136],"class_list":["post-18062","post","type-post","status-publish","format-standard","has-post-thumbnail","hentry","category-agenda-brasilia","category-calendario-brasilia","tag-agenda-cultural-df","tag-arena-brb-mane-garrincha","tag-djavan-brasilia","tag-djavanear-50-anos","tag-mpb-ao-vivo","tag-musica-brasileira","tag-show-djavan-2026","tag-shows-em-brasilia"],"_links":{"self":[{"href":"https:\/\/cidadecult.com.br\/index.php?rest_route=\/wp\/v2\/posts\/18062","targetHints":{"allow":["GET"]}}],"collection":[{"href":"https:\/\/cidadecult.com.br\/index.php?rest_route=\/wp\/v2\/posts"}],"about":[{"href":"https:\/\/cidadecult.com.br\/index.php?rest_route=\/wp\/v2\/types\/post"}],"author":[{"embeddable":true,"href":"https:\/\/cidadecult.com.br\/index.php?rest_route=\/wp\/v2\/users\/777"}],"replies":[{"embeddable":true,"href":"https:\/\/cidadecult.com.br\/index.php?rest_route=%2Fwp%2Fv2%2Fcomments&post=18062"}],"version-history":[{"count":2,"href":"https:\/\/cidadecult.com.br\/index.php?rest_route=\/wp\/v2\/posts\/18062\/revisions"}],"predecessor-version":[{"id":18066,"href":"https:\/\/cidadecult.com.br\/index.php?rest_route=\/wp\/v2\/posts\/18062\/revisions\/18066"}],"wp:featuredmedia":[{"embeddable":true,"href":"https:\/\/cidadecult.com.br\/index.php?rest_route=\/wp\/v2\/media\/18063"}],"wp:attachment":[{"href":"https:\/\/cidadecult.com.br\/index.php?rest_route=%2Fwp%2Fv2%2Fmedia&parent=18062"}],"wp:term":[{"taxonomy":"category","embeddable":true,"href":"https:\/\/cidadecult.com.br\/index.php?rest_route=%2Fwp%2Fv2%2Fcategories&post=18062"},{"taxonomy":"post_tag","embeddable":true,"href":"https:\/\/cidadecult.com.br\/index.php?rest_route=%2Fwp%2Fv2%2Ftags&post=18062"}],"curies":[{"name":"wp","href":"https:\/\/api.w.org\/{rel}","templated":true}]}}